{"id":555479,"date":"2025-11-24T13:44:17","date_gmt":"2025-11-24T13:44:17","guid":{"rendered":"https:\/\/www.europesays.com\/fr\/555479\/"},"modified":"2025-11-24T13:44:17","modified_gmt":"2025-11-24T13:44:17","slug":"a-19-et-20-ans-elles-avaient-prostitue-une-mineure-de-13-ans-et-une-jeune-majeure","status":"publish","type":"post","link":"https:\/\/www.europesays.com\/fr\/555479\/","title":{"rendered":"\u00e0 19 et 20 ans, elles avaient prostitu\u00e9 une mineure de 13 ans et une jeune majeure"},"content":{"rendered":"<p>Glauque. Sordide. Abject. Une affaire \u00e0 vomir. Les qualificatifs reviennent en boucle dans la bouche des avocats de la partie civile.<\/p>\n<p>\u00c0 la barre, il n\u2019y a que deux pr\u00e9venues \u00e2g\u00e9es d\u2019une vingtaine d\u2019ann\u00e9es, mais ils sont quatre impliqu\u00e9s dans ce r\u00e9seau de prostitution. Deux adultes, qui pr\u00e9sentent une alt\u00e9ration du discernement, sont \u00e9pargn\u00e9s de cette audience. Ils mettaient \u00e0 disposition leurs appartements et encaissaient, au passage, un billet.<\/p>\n<p>Les faits se sont d\u00e9roul\u00e9s du 1er d\u00e9cembre 2020 au 5 mars 2021 \u00e0 Saint-\u00c9tienne. Les deux jeunes femmes, \u00e2g\u00e9es de 19 et 20 ans au moment des faits, ont \u00e9t\u00e9 d\u00e9nonc\u00e9es par un t\u00e9moignage anonyme. Les deux proxen\u00e8tes avaient profit\u00e9 de la vuln\u00e9rabilit\u00e9 de deux jeunes filles : une mineure, \u00e2g\u00e9e de seulement 13 ans et demi,&#8230;<\/p>\n","protected":false},"excerpt":{"rendered":"Glauque. Sordide. Abject. Une affaire \u00e0 vomir. Les qualificatifs reviennent en boucle dans la bouche des avocats de&hellip;\n","protected":false},"author":2,"featured_media":555480,"comment_status":"","ping_status":"","sticky":false,"template":"","format":"standard","meta":{"footnotes":""},"categories":[9653],"tags":[1111,11,2430,271,272,7539,1777,674,274,107,1011,27,3367,12,25,4001,7538],"class_list":{"0":"post-555479","1":"post","2":"type-post","3":"status-publish","4":"format-standard","5":"has-post-thumbnail","7":"category-saint-etienne","8":"tag-actu","9":"tag-actualites","10":"tag-auvergne-rhone-alpes","11":"tag-crime","12":"tag-delit-et-contravention","13":"tag-edition-loire-sud","14":"tag-eu","15":"tag-europe","16":"tag-faits-divers-justice","17":"tag-fil-info","18":"tag-fr","19":"tag-france","20":"tag-loire","21":"tag-news","22":"tag-republique-francaise","23":"tag-saint-etienne","24":"tag-saint-etienne-ville"},"share_on_mastodon":{"url":"https:\/\/pubeurope.com\/@fr\/115604977470646997","error":""},"_links":{"self":[{"href":"https:\/\/www.europesays.com\/fr\/wp-json\/wp\/v2\/posts\/555479","targetHints":{"allow":["GET"]}}],"collection":[{"href":"https:\/\/www.europesays.com\/fr\/wp-json\/wp\/v2\/posts"}],"about":[{"href":"https:\/\/www.europesays.com\/fr\/wp-json\/wp\/v2\/types\/post"}],"author":[{"embeddable":true,"href":"https:\/\/www.europesays.com\/fr\/wp-json\/wp\/v2\/users\/2"}],"replies":[{"embeddable":true,"href":"https:\/\/www.europesays.com\/fr\/wp-json\/wp\/v2\/comments?post=555479"}],"version-history":[{"count":0,"href":"https:\/\/www.europesays.com\/fr\/wp-json\/wp\/v2\/posts\/555479\/revisions"}],"wp:featuredmedia":[{"embeddable":true,"href":"https:\/\/www.europesays.com\/fr\/wp-json\/wp\/v2\/media\/555480"}],"wp:attachment":[{"href":"https:\/\/www.europesays.com\/fr\/wp-json\/wp\/v2\/media?parent=555479"}],"wp:term":[{"taxonomy":"category","embeddable":true,"href":"https:\/\/www.europesays.com\/fr\/wp-json\/wp\/v2\/categories?post=555479"},{"taxonomy":"post_tag","embeddable":true,"href":"https:\/\/www.europesays.com\/fr\/wp-json\/wp\/v2\/tags?post=555479"}],"curies":[{"name":"wp","href":"https:\/\/api.w.org\/{rel}","templated":true}]}}