{"id":555485,"date":"2025-11-24T13:48:21","date_gmt":"2025-11-24T13:48:21","guid":{"rendered":"https:\/\/www.europesays.com\/fr\/555485\/"},"modified":"2025-11-24T13:48:21","modified_gmt":"2025-11-24T13:48:21","slug":"basket-le-sluc-nancy-confirme-labsence-daundre-hyatt-pour-de-tres-longues-semaines","status":"publish","type":"post","link":"https:\/\/www.europesays.com\/fr\/555485\/","title":{"rendered":"Basket. Le SLUC Nancy confirme l\u2019absence d\u2019Aundre Hyatt pour \u00ab\u00a0de tr\u00e8s longues semaines\u00a0\u00bb"},"content":{"rendered":"<p>Cens\u00e9 repartir aux \u00c9tats-Unis pendant la mini-tr\u00eave (le SLUC disputera son prochain match le 5\u00a0d\u00e9cembre, au Portel), Aundre Hyatt est finalement rest\u00e9 \u00e0 Nancy pour passer des examens compl\u00e9mentaires. Rappelons que, samedi soir, <a href=\"https:\/\/www.estrepublicain.fr\/sport\/2025\/11\/23\/le-mans-et-la-poisse-ont-fini-par-faire-plier-le-sluc-nancy#PlugCommentsList2\" target=\"_blank\" rel=\"noopener\">lors du match contre Le\u00a0Mans (76-78)<\/a> , l\u2019ailier-fort am\u00e9ricain du SLUC (8,1 points\u00a0; 47\u00a0% \u00e0 trois points en 18\u201930 cette saison) <a href=\"https:\/\/www.estrepublicain.fr\/sport\/2025\/11\/22\/apres-sluc-nancy-le-mans-(76-78)-grosse-inquietude-pour-aundre-hyatt-touche-au-genou\" target=\"_blank\" rel=\"noopener\">s\u2019est gravement bless\u00e9 au genou gauche<\/a> , alors qu\u2019il montait au cercle en fin de contre-attaque (apr\u00e8s neuf minutes de jeu).<\/p>\n<p>Ce contenu est bloqu\u00e9 car vous n&rsquo;avez pas accept\u00e9 les cookies et autres traceurs.<\/p>\n<p>En cliquant sur \u00ab J\u2019accepte \u00bb, les cookies et autres traceurs seront d\u00e9pos\u00e9s et vous pourrez visualiser les contenus  (<a href=\"\" class=\"consentModule_policy\" target=\"_blank\" title=\"Consulter la politique de protection des donn\u00e9es du fournisseur\">plus d&rsquo;informations<\/a>).<\/p>\n<p>En cliquant sur \u00ab J\u2019accepte tous les cookies \u00bb, vous autorisez des d\u00e9p\u00f4ts de cookies et autres traceurs pour le stockage de vos donn\u00e9es sur nos sites et applications \u00e0 des fins de personnalisation et de ciblage publicitaire.<\/p>\n<p class=\"consentModule_secondaryText\">Vous gardez la possibilit\u00e9 de retirer votre consentement \u00e0 tout moment en consultant notre <a href=\"https:\/\/www.estrepublicain.fr\/protection-des-donnees\" target=\"_blank\" title=\"Consulter notre politique de protection des donn\u00e9es\" rel=\"noopener\">politique de protection des donn\u00e9es<\/a>. <br \/>&#13;<br \/>\n            <a href=\"https:\/\/www.estrepublicain.fr\/sport\/2025\/11\/24\/javascript:Didomi.notice.show()\" class=\"consentModule_cmp\" target=\"_blank\" rel=\"noopener\">G\u00e9rer mes choix<\/a>&#13;\n        <\/p>\n<p>&#13;<br \/>\n                        J&rsquo;accepte&#13;<br \/>\n            J&rsquo;accepte tous les cookies&#13;\n        <\/p>\n<p>D\u00e8s l\u2019issue de la rencontre, les quelques informations communiqu\u00e9es avec prudence par le staff du club nanc\u00e9ien \u00e9taient relativement inqui\u00e9tantes et laissaient malheureusement peu de place au doute quant \u00e0 la gravit\u00e9 de la blessure. Ce que les examens compl\u00e9mentaires n\u2019ont apparemment pas manqu\u00e9 de confirmer. Ce lundi, le SLUC Nancy a r\u00e9v\u00e9l\u00e9 que le joueur serait \u00ab\u00a0\u00e9loign\u00e9 des terrains de tr\u00e8s longues semaines\u00a0\u00bb.<\/p>\n<p>Comme on pouvait le pressentir, le club nanc\u00e9ien est d\u2019ores et d\u00e9j\u00e0 \u00e0 la recherche d\u2019un renfort.<\/p>\n","protected":false},"excerpt":{"rendered":"Cens\u00e9 repartir aux \u00c9tats-Unis pendant la mini-tr\u00eave (le SLUC disputera son prochain match le 5\u00a0d\u00e9cembre, au Portel), Aundre&hellip;\n","protected":false},"author":2,"featured_media":555486,"comment_status":"","ping_status":"","sticky":false,"template":"","format":"standard","meta":{"footnotes":""},"categories":[9635],"tags":[1111,11,1791,1704,1777,674,1701,1011,27,775,1702,1703,12,25,11567,517,1700],"class_list":{"0":"post-555485","1":"post","2":"type-post","3":"status-publish","4":"format-standard","5":"has-post-thumbnail","7":"category-nancy","8":"tag-actu","9":"tag-actualites","10":"tag-basket-ball","11":"tag-edition-nancy-et-agglomeration","12":"tag-eu","13":"tag-europe","14":"tag-fil-info-sport","15":"tag-fr","16":"tag-france","17":"tag-grand-est","18":"tag-nancy","19":"tag-nancy-ville-54b","20":"tag-news","21":"tag-republique-francaise","22":"tag-sluc","23":"tag-sport","24":"tag-sport-lorrain"},"share_on_mastodon":{"url":"https:\/\/pubeurope.com\/@fr\/115604993099638382","error":""},"_links":{"self":[{"href":"https:\/\/www.europesays.com\/fr\/wp-json\/wp\/v2\/posts\/555485","targetHints":{"allow":["GET"]}}],"collection":[{"href":"https:\/\/www.europesays.com\/fr\/wp-json\/wp\/v2\/posts"}],"about":[{"href":"https:\/\/www.europesays.com\/fr\/wp-json\/wp\/v2\/types\/post"}],"author":[{"embeddable":true,"href":"https:\/\/www.europesays.com\/fr\/wp-json\/wp\/v2\/users\/2"}],"replies":[{"embeddable":true,"href":"https:\/\/www.europesays.com\/fr\/wp-json\/wp\/v2\/comments?post=555485"}],"version-history":[{"count":0,"href":"https:\/\/www.europesays.com\/fr\/wp-json\/wp\/v2\/posts\/555485\/revisions"}],"wp:featuredmedia":[{"embeddable":true,"href":"https:\/\/www.europesays.com\/fr\/wp-json\/wp\/v2\/media\/555486"}],"wp:attachment":[{"href":"https:\/\/www.europesays.com\/fr\/wp-json\/wp\/v2\/media?parent=555485"}],"wp:term":[{"taxonomy":"category","embeddable":true,"href":"https:\/\/www.europesays.com\/fr\/wp-json\/wp\/v2\/categories?post=555485"},{"taxonomy":"post_tag","embeddable":true,"href":"https:\/\/www.europesays.com\/fr\/wp-json\/wp\/v2\/tags?post=555485"}],"curies":[{"name":"wp","href":"https:\/\/api.w.org\/{rel}","templated":true}]}}