{"id":555491,"date":"2025-11-24T13:51:15","date_gmt":"2025-11-24T13:51:15","guid":{"rendered":"https:\/\/www.europesays.com\/fr\/555491\/"},"modified":"2025-11-24T13:51:15","modified_gmt":"2025-11-24T13:51:15","slug":"je-participe-a-forindustrie-a-saint-jean-de-vedas","status":"publish","type":"post","link":"https:\/\/www.europesays.com\/fr\/555491\/","title":{"rendered":"Je participe \u00e0 Forindustrie \u00e0 Saint-Jean-de-V\u00e9das"},"content":{"rendered":"<p>Ce mercredi 26\u00a0novembre, de 14h \u00e0 16h, l\u2019agence France Travail de Saint-Jean-de-V\u00e9das accueille Forindustrie, un \u00e9v\u00e9nement original imagin\u00e9 pour faire d\u00e9couvrir les m\u00e9tiers de l\u2019industrie sous un angle enti\u00e8rement ludique et interactif. Con\u00e7u comme un jeu en ligne dynamique, Forindustrie permet aux jeunes, aux demandeurs d\u2019emploi et aux personnes en reconversion d\u2019explorer un secteur en pleine \u00e9volution tout en \u00e9changeant avec des professionnels.<\/p>\n<p>Au programme\u00a0: la d\u00e9couverte des m\u00e9tiers proches de chez vous \u00e0 travers des activit\u00e9s immersives, la possibilit\u00e9 de dialoguer en direct avec des experts du secteur, de d\u00e9velopper votre r\u00e9seau et rep\u00e9rer de potentielles opportunit\u00e9s d\u2019emploi, et enfin, de relever des d\u00e9fis pour tenter de gagner des visites d\u2019entreprises<\/p>\n<p>L\u2019apr\u00e8s-midi se d\u00e9roulera en trois ateliers successifs\u00a0: visionnage de vid\u00e9os m\u00e9tier, rencontres avec des salari\u00e9s d\u2019entreprises partenaires et challenges collaboratifs. Une mani\u00e8re concr\u00e8te et accessible de plonger dans les coulisses de l\u2019industrie et d\u2019en saisir toute la diversit\u00e9.<\/p>\n<p>Un rendez-vous \u00e0 ne pas manquer pour explorer un univers professionnel riche et innovant.<\/p>\n<p><strong>Inscription <a href=\"https:\/\/mesevenementsemploi.francetravail.fr\/mes-evenements-emploi\/evenement\/540488\/forindustrie-l-univers-extraordinaire-le-jeu-interactif-pour-decouvrir-l-industrie-saint-jean-de-vedas\" class=\"spip_out\" rel=\"external noopener\" target=\"_blank\">ici<\/a><\/strong><\/p>\n","protected":false},"excerpt":{"rendered":"Ce mercredi 26\u00a0novembre, de 14h \u00e0 16h, l\u2019agence France Travail de Saint-Jean-de-V\u00e9das accueille Forindustrie, un \u00e9v\u00e9nement original imagin\u00e9&hellip;\n","protected":false},"author":2,"featured_media":24040,"comment_status":"","ping_status":"","sticky":false,"template":"","format":"standard","meta":{"footnotes":""},"categories":[9599],"tags":[1111,11,341,1777,674,1011,27,8688,693,2208,12,2680,25,67309],"class_list":{"0":"post-555491","1":"post","2":"type-post","3":"status-publish","4":"format-standard","5":"has-post-thumbnail","7":"category-montpellier","8":"tag-actu","9":"tag-actualites","10":"tag-emploi","11":"tag-eu","12":"tag-europe","13":"tag-fr","14":"tag-france","15":"tag-france-travail-occitanie","16":"tag-industrie","17":"tag-montpellier","18":"tag-news","19":"tag-occitanie","20":"tag-republique-francaise","21":"tag-union-des-industries-et-metiers-de-la-metallurgie-uimm"},"share_on_mastodon":{"url":"https:\/\/pubeurope.com\/@fr\/115605005631553925","error":""},"_links":{"self":[{"href":"https:\/\/www.europesays.com\/fr\/wp-json\/wp\/v2\/posts\/555491","targetHints":{"allow":["GET"]}}],"collection":[{"href":"https:\/\/www.europesays.com\/fr\/wp-json\/wp\/v2\/posts"}],"about":[{"href":"https:\/\/www.europesays.com\/fr\/wp-json\/wp\/v2\/types\/post"}],"author":[{"embeddable":true,"href":"https:\/\/www.europesays.com\/fr\/wp-json\/wp\/v2\/users\/2"}],"replies":[{"embeddable":true,"href":"https:\/\/www.europesays.com\/fr\/wp-json\/wp\/v2\/comments?post=555491"}],"version-history":[{"count":0,"href":"https:\/\/www.europesays.com\/fr\/wp-json\/wp\/v2\/posts\/555491\/revisions"}],"wp:featuredmedia":[{"embeddable":true,"href":"https:\/\/www.europesays.com\/fr\/wp-json\/wp\/v2\/media\/24040"}],"wp:attachment":[{"href":"https:\/\/www.europesays.com\/fr\/wp-json\/wp\/v2\/media?parent=555491"}],"wp:term":[{"taxonomy":"category","embeddable":true,"href":"https:\/\/www.europesays.com\/fr\/wp-json\/wp\/v2\/categories?post=555491"},{"taxonomy":"post_tag","embeddable":true,"href":"https:\/\/www.europesays.com\/fr\/wp-json\/wp\/v2\/tags?post=555491"}],"curies":[{"name":"wp","href":"https:\/\/api.w.org\/{rel}","templated":true}]}}