{"id":555495,"date":"2025-11-24T13:55:14","date_gmt":"2025-11-24T13:55:14","guid":{"rendered":"https:\/\/www.europesays.com\/fr\/555495\/"},"modified":"2025-11-24T13:55:14","modified_gmt":"2025-11-24T13:55:14","slug":"projection-du-film-gremlins-au-cinema-juliet-berto-a-grenoble","status":"publish","type":"post","link":"https:\/\/www.europesays.com\/fr\/555495\/","title":{"rendered":"Projection du film \u201cGremlins\u201d au cin\u00e9ma Juliet Berto \u00e0 Grenoble"},"content":{"rendered":"<p>Rendez-vous dimanche 14 d\u00e9cembre 2025 \u00e0 18h30 au cin\u00e9ma Juliet Berto \u00e0 Grenoble.<\/p>\n<p>Rand Peltzer offre \u00e0 son fils Billy un \u00e9trange animal : un Mogwai. Son ancien propri\u00e9taire l&rsquo;a bien mis en garde : il ne faut pas l&rsquo;exposer \u00e0 la lumi\u00e8re, lui \u00e9viter tout contact avec l&rsquo;eau, et surtout, surtout ne jamais le nourrir apr\u00e8s minuit&#8230; <\/p>\n<p>De Joe Dante  &#8211; Avec Zach Galligan, Phoebe Cates, Hoyt Axton <\/p>\n<p>La s\u00e9ance sera pr\u00e9c\u00e9d\u00e9e d&rsquo;un March\u00e9 de No\u00ebl \u00e0 la Cin\u00e9math\u00e8que de 10h \u00e0 16h. <br \/>Pour les petits et les grands, retrouvez-nous pour c\u00e9l\u00e9brer la fin de l&rsquo;ann\u00e9e avec le March\u00e9 de No\u00ebl de la Cin\u00e9math\u00e8que. Des animations, une brocante d\u00e9di\u00e9e au cin\u00e9ma (affiches, revues et photographies), un stand de la Librairie L&rsquo;Entre Image (goodies, livres et dvds) et bien s\u00fbr, juste de pomme chaud et sucre d&rsquo;orge ! <\/p>\n<p>Rendez-vous dimanche 14 d\u00e9cembre 2025 \u00e0 18h30 au cin\u00e9ma Juliet Berto \u00e0 Grenoble. <\/p>\n<p>Infos pratiques :<br \/>&#8211; Adresse : Cin\u00e9ma Juliet Berto, Passage du Palais de Justice, 38000 Grenoble<br \/>&#8211; Horaires : S\u00e9ance \u00e0 18h30<br \/>&#8211; Tarifs : 7\u20ac le billet <\/p>\n<p>Plus d&rsquo;infos et billetterie sur le site <a class=\"url\" href=\"https:\/\/www.cinemathequedegrenoble.fr\/agenda\/gremlins\/\" target=\"_blank\" rel=\"noopener\">cinemathequedegrenoble.fr<\/a><\/p>\n<p>Max Radio est partenaire de l&rsquo;\u00e9v\u00e8nement<\/p>\n<p><\/p>\n","protected":false},"excerpt":{"rendered":"Rendez-vous dimanche 14 d\u00e9cembre 2025 \u00e0 18h30 au cin\u00e9ma Juliet Berto \u00e0 Grenoble. Rand Peltzer offre \u00e0 son&hellip;\n","protected":false},"author":2,"featured_media":555496,"comment_status":"","ping_status":"","sticky":false,"template":"","format":"standard","meta":{"footnotes":""},"categories":[9566],"tags":[1111,11,2430,1972,1777,674,2081,1011,27,67310,2731,12,13737,25],"class_list":{"0":"post-555495","1":"post","2":"type-post","3":"status-publish","4":"format-standard","5":"has-post-thumbnail","7":"category-grenoble","8":"tag-actu","9":"tag-actualites","10":"tag-auvergne-rhone-alpes","11":"tag-cinma","12":"tag-eu","13":"tag-europe","14":"tag-film","15":"tag-fr","16":"tag-france","17":"tag-gremlins","18":"tag-grenoble","19":"tag-news","20":"tag-projection","21":"tag-republique-francaise"},"share_on_mastodon":{"url":"https:\/\/pubeurope.com\/@fr\/115605020700464667","error":""},"_links":{"self":[{"href":"https:\/\/www.europesays.com\/fr\/wp-json\/wp\/v2\/posts\/555495","targetHints":{"allow":["GET"]}}],"collection":[{"href":"https:\/\/www.europesays.com\/fr\/wp-json\/wp\/v2\/posts"}],"about":[{"href":"https:\/\/www.europesays.com\/fr\/wp-json\/wp\/v2\/types\/post"}],"author":[{"embeddable":true,"href":"https:\/\/www.europesays.com\/fr\/wp-json\/wp\/v2\/users\/2"}],"replies":[{"embeddable":true,"href":"https:\/\/www.europesays.com\/fr\/wp-json\/wp\/v2\/comments?post=555495"}],"version-history":[{"count":0,"href":"https:\/\/www.europesays.com\/fr\/wp-json\/wp\/v2\/posts\/555495\/revisions"}],"wp:featuredmedia":[{"embeddable":true,"href":"https:\/\/www.europesays.com\/fr\/wp-json\/wp\/v2\/media\/555496"}],"wp:attachment":[{"href":"https:\/\/www.europesays.com\/fr\/wp-json\/wp\/v2\/media?parent=555495"}],"wp:term":[{"taxonomy":"category","embeddable":true,"href":"https:\/\/www.europesays.com\/fr\/wp-json\/wp\/v2\/categories?post=555495"},{"taxonomy":"post_tag","embeddable":true,"href":"https:\/\/www.europesays.com\/fr\/wp-json\/wp\/v2\/tags?post=555495"}],"curies":[{"name":"wp","href":"https:\/\/api.w.org\/{rel}","templated":true}]}}