{"id":555499,"date":"2025-11-24T14:02:41","date_gmt":"2025-11-24T14:02:41","guid":{"rendered":"https:\/\/www.europesays.com\/fr\/555499\/"},"modified":"2025-11-24T14:02:41","modified_gmt":"2025-11-24T14:02:41","slug":"en-bretagne-50-ans-duniversite-du-temps-libre","status":"publish","type":"post","link":"https:\/\/www.europesays.com\/fr\/555499\/","title":{"rendered":"En Bretagne, 50 ans d\u2019Universit\u00e9 du Temps Libre"},"content":{"rendered":"<p>                    Par<br \/>\n        <strong><br \/>\n            <a href=\"https:\/\/actu.fr\/auteur\/journaliste-lecourrierindependant\" title=\"Consulter tous les articles de R\u00e9daction Loud\u00e9ac\" target=\"_blank\" rel=\"noopener\">R\u00e9daction Loud\u00e9ac<\/a><br \/>\n                    <\/strong><\/p>\n<p>        Publi\u00e9 le<\/p>\n<p>            24 nov. 2025 \u00e0 13h53        <\/p>\n<p>Conf\u00e9rences, cours, ateliers culturels, ludiques, d\u2019entretien physique, sorties, voyages\u2026<br \/><a href=\"https:\/\/www.utlta-bretagne.bzh\/info\/informations-utl\" target=\"_blank\" rel=\"noopener\">L\u2019UTL de Bretagne<\/a> a pour mission de d\u00e9velopper les UTL locales sur le territoire dans le but d\u2019offrir \u00e0 la population disponible (essentiellement des retrait\u00e9s, de plus en plus jeunes), un acc\u00e8s au savoir.<br \/>Les deux premi\u00e8res Universit\u00e9s du Temps Libre (UTL) ont \u00e9t\u00e9 cr\u00e9\u00e9es en 1975 \u00e0 Brest et Rennes. Ce 50e anniversaire a \u00e9t\u00e9 dignement c\u00e9l\u00e9br\u00e9 \u00e0 <a href=\"https:\/\/actu.fr\/bretagne\/loudeac_22136\" target=\"_blank\" rel=\"noopener\">Loud\u00e9ac<\/a> (C\u00f4tes-d\u2019Armor), <b>mardi 18\u00a0novembre 2025<\/b>.<\/p>\n<p>25000 adh\u00e9rents en Bretagne<\/p>\n<p class=\" wall-content\">Le mouvement s\u2019est progressivement d\u00e9velopp\u00e9 et les quatre d\u00e9partements bretons comptent actuellement 48 UTL actives, avec des effectifs variant de 150 \u00e0 2000 adh\u00e9rents, pour un total de <b>pr\u00e8s de 25\u2009000<\/b> en Bretagne.<\/p>\n<p class=\" wall-content\"><b>L \u2018UTL de Loud\u00e9ac<\/b>, cr\u00e9\u00e9e pour sa part en 1988, compte <b>pr\u00e8s de 1\u2009000\u00a0adh\u00e9rents<\/b>\u2009: c\u2019est la 6e en Bretagne et la premi\u00e8re en territoire rural. Elle propose <b>25 conf\u00e9rences par an<\/b>, une trentaine de cours et ateliers divers ainsi que des voyages en France et \u00e0 l\u2019\u00c9tranger, et des sorties \u00e0 la journ\u00e9e en Bretagne.<\/p>\n<p class=\" wall-content\">C\u2019est elle qui a \u00e9t\u00e9 choisie, sur la proposition de son pr\u00e9sident, Jean-Fran\u00e7ois P\u00e9licart, pour l\u2019organisation de cet \u00e9v\u00e8nement. Elle avait l\u2019avantage de sa position g\u00e9ographique et de ses infrastructures (Palais des Congr\u00e8s et v\u00e9lodrome).<\/p>\n<p>Une conf\u00e9rence tr\u00e8s appr\u00e9ci\u00e9e<\/p>\n<p class=\" wall-content\">46 UTL des quatre d\u00e9partements \u00e9taient repr\u00e9sent\u00e9es pour un total de 340\u00a0personnes lors de cette riche journ\u00e9e.<\/p>\n<p>    <img   decoding=\"async\" loading=\"lazy\" class=\"size-large\" src=\"https:\/\/www.europesays.com\/fr\/wp-content\/uploads\/2025\/11\/37fd6aed142960efd6aed1429020e6v-960x640.jpg\" alt=\"UTL-Bretagne-50-ans-Loud\u00e9ac\" width=\"960\" height=\"640\"\/><br \/>\n    \u00c0 \u00e9v\u00e8nement exceptionnel, conf\u00e9rencier exceptionnel\u2009! J\u00e9r\u00f4me Fourquet, directeur de l\u2019institut de sondage IFOP a donn\u00e9 une conf\u00e9rence sur le th\u00e8me \u00ab\u20091975-2025\u2009: m\u00e9tamorphoses bretonnes\u2009\u00bb. \u00a9Daniel_MORAND<\/p>\n<p class=\" wall-content\">Elle a commenc\u00e9 par une brillante intervention de <b>J\u00e9r\u00f4me Fourquet<\/b>, directeur de l\u2019institut de sondage IFOP, analyste de l\u2019\u00e9volution de La France dans tous ses aspects (sociaux, \u00e9conomiques, commerciaux, d\u00e9mographiques, religieux, politiques, etc.), sur le th\u00e8me \u00ab\u20091975-2025, <b>m\u00e9tamorphoses bretonnes<\/b>\u2009\u00bb.<\/p>\n<p>Votre r\u00e9gion, votre actu !<\/p>\n<p>Recevez chaque jour les infos qui comptent pour vous.<\/p>\n<p>\t<a href=\"https:\/\/actu.fr\/newsletter\" class=\"ac-btn ac-btn--corner ac-btn--medium ac-btn--blue800\" target=\"_blank\" rel=\"noopener\">S&rsquo;incrire<\/a><\/p>\n<p class=\" wall-content\"><b>Trois conf\u00e9rences<\/b> ont \u00e9t\u00e9 donn\u00e9es par des adh\u00e9rents d\u2019UTL, toujours sur le th\u00e8me 1975-2025\u2009: r\u00e9volutions de l\u2019agriculture, \u00e9volutions de l\u2019emploi, \u00e9volutions du milieu et des activit\u00e9s maritimes.<\/p>\n<p class=\" wall-content\">Les diff\u00e9rentes interventions \u00e9taient entrecoup\u00e9es d\u2019interm\u00e8des chansons des ann\u00e9es 75 par le groupe \u00ab\u2009<a href=\"https:\/\/actu.fr\/bretagne\/saint-brieuc_22278\/theatre-de-poche-a-saint-brieuc-un-programme-a-98-made-in-breizh_45409855.html\" target=\"_blank\" rel=\"noopener\">Le caf\u00e9 du canal<\/a>\u2009\u00bb (Yves Briens et Dominique Babillote).<\/p>\n<p>    <img   decoding=\"async\" loading=\"lazy\" class=\"size-large\" src=\"https:\/\/www.europesays.com\/fr\/wp-content\/uploads\/2025\/11\/309f7aed14296249f7aed1429f79f7v-960x640.jpg\" alt=\"UTL-Bretagne-50-ans-Loud\u00e9ac\" width=\"960\" height=\"640\"\/><br \/>\n    Un d\u00e9jeuner-cocktail a \u00e9t\u00e9 servi sur l\u2019aire centrale du v\u00e9lodrome, occasion de faire d\u00e9couvrir aux d\u00e9l\u00e9gations pr\u00e9sentes cet \u00e9quipement unique en Bretagne. \u00a9Daniel_MORAND<\/p>\n<p class=\" wall-content\">S les UTL locales fonctionnent en totale <b>autonomie<\/b>, leur adh\u00e9sion \u00e0 L\u2019UTL de Bretagne pr\u00e9sente de gros avantages. Cela permet de <b>n\u00e9gocier en commun<\/b> certains dossiers d\u2019int\u00e9r\u00eat g\u00e9n\u00e9ral (assurances, logiciels, sites internet, assistance juridique\u2026) de partager les informations et bien s\u00fbr d\u2019entretenir des contacts.<\/p>\n<p class=\" wall-content\">Personnalisez votre actualit\u00e9 en ajoutant vos villes et m\u00e9dias en favori avec <a href=\"https:\/\/moncompte.actu.fr\" title=\"D\u00e9couvez Mon Actu\" rel=\"nofollow noopener\" data-trk=\"{&quot;cta&quot;:{&quot;action&quot;:&quot;https:\\\/\\\/moncompte.actu.fr&quot;,&quot;category&quot;:&quot;mon compte&quot;,&quot;from&quot;:&quot;article footer&quot;,&quot;name&quot;:&quot;Mon actu&quot;,&quot;type&quot;:&quot;cta&quot;}}\" target=\"_blank\">Mon Actu<\/a>.<\/p>\n","protected":false},"excerpt":{"rendered":"Par R\u00e9daction Loud\u00e9ac Publi\u00e9 le 24 nov. 2025 \u00e0 13h53 Conf\u00e9rences, cours, ateliers culturels, ludiques, d\u2019entretien physique, sorties,&hellip;\n","protected":false},"author":2,"featured_media":555500,"comment_status":"","ping_status":"","sticky":false,"template":"","format":"standard","meta":{"footnotes":""},"categories":[2821],"tags":[1111,11,829,10721,1777,674,1011,27,1652,12,584,25,3552],"class_list":{"0":"post-555499","1":"post","2":"type-post","3":"status-publish","4":"format-standard","5":"has-post-thumbnail","7":"category-rennes","8":"tag-actu","9":"tag-actualites","10":"tag-bretagne","11":"tag-centre-bretagne","12":"tag-eu","13":"tag-europe","14":"tag-fr","15":"tag-france","16":"tag-loisirs-culture","17":"tag-news","18":"tag-rennes","19":"tag-republique-francaise","20":"tag-seniors"},"share_on_mastodon":{"url":"https:\/\/pubeurope.com\/@fr\/115605049870115995","error":""},"_links":{"self":[{"href":"https:\/\/www.europesays.com\/fr\/wp-json\/wp\/v2\/posts\/555499","targetHints":{"allow":["GET"]}}],"collection":[{"href":"https:\/\/www.europesays.com\/fr\/wp-json\/wp\/v2\/posts"}],"about":[{"href":"https:\/\/www.europesays.com\/fr\/wp-json\/wp\/v2\/types\/post"}],"author":[{"embeddable":true,"href":"https:\/\/www.europesays.com\/fr\/wp-json\/wp\/v2\/users\/2"}],"replies":[{"embeddable":true,"href":"https:\/\/www.europesays.com\/fr\/wp-json\/wp\/v2\/comments?post=555499"}],"version-history":[{"count":0,"href":"https:\/\/www.europesays.com\/fr\/wp-json\/wp\/v2\/posts\/555499\/revisions"}],"wp:featuredmedia":[{"embeddable":true,"href":"https:\/\/www.europesays.com\/fr\/wp-json\/wp\/v2\/media\/555500"}],"wp:attachment":[{"href":"https:\/\/www.europesays.com\/fr\/wp-json\/wp\/v2\/media?parent=555499"}],"wp:term":[{"taxonomy":"category","embeddable":true,"href":"https:\/\/www.europesays.com\/fr\/wp-json\/wp\/v2\/categories?post=555499"},{"taxonomy":"post_tag","embeddable":true,"href":"https:\/\/www.europesays.com\/fr\/wp-json\/wp\/v2\/tags?post=555499"}],"curies":[{"name":"wp","href":"https:\/\/api.w.org\/{rel}","templated":true}]}}