{"id":555501,"date":"2025-11-24T14:05:18","date_gmt":"2025-11-24T14:05:18","guid":{"rendered":"https:\/\/www.europesays.com\/fr\/555501\/"},"modified":"2025-11-24T14:05:18","modified_gmt":"2025-11-24T14:05:18","slug":"rennes-gabriel-anger-a-jamais-le-premier-a-avoir-cour-plus-vite-que-le-metro","status":"publish","type":"post","link":"https:\/\/www.europesays.com\/fr\/555501\/","title":{"rendered":"Rennes : Gabriel Anger, \u00e0 jamais le premier \u00e0 avoir cour plus vite que le m\u00e9tro"},"content":{"rendered":"<p class=\"mb-4 text-lg md:leading-8 break-words\"><strong>Race the tube &#8211; Apr\u00e8s avoir \u00e9chou\u00e9 il y a quelques mois, le coureur amateur a r\u00e9ussi son d\u00e9fi de courir plus vite que la ligne B rennaise<\/strong><\/p>\n<p class=\"mb-4 text-lg md:leading-8 break-words\">Vous \u00eates sans doute nombreux \u00e0 avoir couru quelques pas pour grimper dans un <a href=\"https:\/\/www.20minutes.fr\/dossier\/metro?at_medium=RSS%20feed&amp;at_campaign=ynews&amp;utm_source=yahoo&amp;utm_medium=rss&amp;utm_campaign=news_feed&amp;utm_content=in_article_link\" rel=\"nofollow noopener\" target=\"_blank\" data-ylk=\"slk:m\u00e9tro;elm:context_link;itc:0;sec:content-canvas\" class=\"link \">m\u00e9tro <\/a>juste avant la fermeture des portes. Une petite sensation agr\u00e9able quand, une fois \u00e0 l\u2019int\u00e9rieur, vous retrouvez votre calme en regardant les gens qui vous entourent avec une pointe de fiert\u00e9. Alors imaginez que pour choper ce fameux m\u00e9tro, il vous ait fallu courir comme un d\u00e9rat\u00e9 pendant un kilom\u00e8tre dans les rues tremp\u00e9es de <a href=\"https:\/\/www.20minutes.fr\/rennes\/?at_medium=RSS%20feed&amp;at_campaign=ynews&amp;utm_source=yahoo&amp;utm_medium=rss&amp;utm_campaign=news_feed&amp;utm_content=in_article_link\" rel=\"nofollow noopener\" target=\"_blank\" data-ylk=\"slk:Rennes;elm:context_link;itc:0;sec:content-canvas\" class=\"link \">Rennes<\/a>. C\u2019est ce qui est arriv\u00e9 dimanche matin \u00e0 Gabriel Anger.<\/p>\n<p class=\"mb-4 text-lg md:leading-8 break-words\">Ce coureur amateur originaire de Nouvoitou (<a href=\"https:\/\/www.20minutes.fr\/dossier\/ille_et_vilaine?at_medium=RSS%20feed&amp;at_campaign=ynews&amp;utm_source=yahoo&amp;utm_medium=rss&amp;utm_campaign=news_feed&amp;utm_content=in_article_link\" rel=\"nofollow noopener\" target=\"_blank\" data-ylk=\"slk:Ille-et-Vilaine;elm:context_link;itc:0;sec:content-canvas\" class=\"link \">Ille-et-Vilaine<\/a>) a r\u00e9ussi l\u2019improbable d\u00e9fi de <a href=\"https:\/\/www.20minutes.fr\/rennes\/4186681-20251120-rennes-bien-meilleur-gabriel-va-retenter-courir-plus-vite-metro?at_medium=RSS%20feed&amp;at_campaign=ynews&amp;utm_source=yahoo&amp;utm_medium=rss&amp;utm_campaign=news_feed&amp;utm_content=in_article_link\" rel=\"nofollow noopener\" target=\"_blank\" data-ylk=\"slk:courir plus vite que la ligne B du m\u00e9tro rennais;elm:context_link;itc:0;sec:content-canvas\" class=\"link \">courir plus vite que la ligne B du m\u00e9tro rennais<\/a>. \u00ab\u00a0C\u2019\u00e9tait assez fou, vraiment. Parce que quand je suis arriv\u00e9 en bas, je ne voyais personne. J\u2019avais peur qu\u2019il y ait eu un bug. Et puis, j\u2019ai vu la rame, les gens sortir. C\u2019\u00e9tait un vrai soulagement\u00a0\u00bb, raconte Gabriel apr\u00e8s cet effort hyper intense de 3\u201922.<\/p>\n<p class=\"mb-4 text-lg md:leading-8 break-words\">Du haut de ses 21 ans, le jeune athl\u00e8te devient le premier \u00e0 courir plus vite que le m\u00e9tro de Rennes. Certains avaient d\u00e9j\u00e0 essay\u00e9 sur la ligne A mais avaient \u00e9chou\u00e9. Il faut dire que les rames automatiques rennaises turbinent, affichant une moyenne de 36\u00a0km\/h, arr\u00eats compris, et une vitesse de pointe de 70\u00a0km\/h. Lui-m\u00eame s\u2019\u00e9tait d\u00e9j\u00e0 cass\u00e9 les dents en f\u00e9vrier, <a href=\"https:\/\/www.20minutes.fr\/rennes\/4140238-20250223-vais-retenter-gabriel-echoue-4-secondes-course-face-metro?at_medium=RSS%20feed&amp;at_campaign=ynews&amp;utm_source=yahoo&amp;utm_medium=rss&amp;utm_campaign=news_feed&amp;utm_content=in_article_link\" rel=\"nofollow noopener\" target=\"_blank\" data-ylk=\"slk:\u00e9chouant pour quatre secondes face \u00e0 la ligne B;elm:context_link;itc:0;sec:content-canvas\" class=\"link \">\u00e9chouant pour quatre secondes face \u00e0 la ligne B<\/a>.<\/p>\n<p>Il s\u2019ouvre le doigt sans s\u2019en rendre compte<\/p>\n<p class=\"mb-4 text-lg md:leading-8 break-words\">Avec six mois d\u2019entra\u00eenement en plus dans les jambes, Gabriel a finalement r\u00e9ussi son d\u00e9fi, s\u2019offrant m\u00eame le luxe d\u2019arriver avec quelques secondes d\u2019avance dimanc(&#8230;)<\/p>\n<p class=\"mb-4 text-lg md:leading-8 break-words\"><a href=\"https:\/\/www.20minutes.fr\/rennes\/4187491-20251124-rennes-gabriel-anger-jamais-premier-avoir-cour-plus-vite-metro?at_medium=RSS%20feed&amp;at_campaign=ynews&amp;utm_source=yahoo&amp;utm_medium=rss&amp;utm_campaign=news_feed&amp;utm_content=read_more_link&quot;\" rel=\"nofollow noopener\" target=\"_blank\" data-ylk=\"slk:Lire la suite sur 20minutes;elm:context_link;itc:0;sec:content-canvas\" class=\"link \">Lire la suite sur 20minutes<\/a><\/p>\n<p>\u00c0 lire aussi :<br \/><a href=\"https:\/\/www.20minutes.fr\/rennes\/4186681-20251120-rennes-bien-meilleur-gabriel-va-retenter-courir-plus-vite-metro?at_medium=RSS%20feed&amp;at_campaign=ynews&amp;utm_source=yahoo&amp;utm_medium=rss&amp;utm_campaign=news_feed&amp;utm_content=related_content_link\" rel=\"nofollow noopener\" target=\"_blank\" data-ylk=\"slk:Rennes\u00a0: \u00ab\u00a0Je suis bien meilleur\u00a0\u00bb\u2026 Gabriel va retenter de courir plus vite que le m\u00e9tro;elm:context_link;itc:0;sec:content-canvas\" class=\"link \">Rennes\u00a0: \u00ab\u00a0Je suis bien meilleur\u00a0\u00bb\u2026 Gabriel va retenter de courir plus vite que le m\u00e9tro<\/a><br \/><a href=\"https:\/\/www.20minutes.fr\/monde\/4162818-20250709-adresse-premier-ministre-suedois-partagee-gardes-corps-strava?at_medium=RSS%20feed&amp;at_campaign=ynews&amp;utm_source=yahoo&amp;utm_medium=rss&amp;utm_campaign=news_feed&amp;utm_content=related_content_link\" rel=\"nofollow noopener\" target=\"_blank\" data-ylk=\"slk:L\u2019adresse du Premier ministre su\u00e9dois partag\u00e9e par ses gardes du corps sur Strava;elm:context_link;itc:0;sec:content-canvas\" class=\"link \">L\u2019adresse du Premier ministre su\u00e9dois partag\u00e9e par ses gardes du corps sur Strava<\/a><\/p>\n","protected":false},"excerpt":{"rendered":"Race the tube &#8211; Apr\u00e8s avoir \u00e9chou\u00e9 il y a quelques mois, le coureur amateur a r\u00e9ussi son&hellip;\n","protected":false},"author":2,"featured_media":555502,"comment_status":"","ping_status":"","sticky":false,"template":"","format":"standard","meta":{"footnotes":""},"categories":[2821],"tags":[1111,11,829,1777,674,1011,27,52280,12,584,25],"class_list":{"0":"post-555501","1":"post","2":"type-post","3":"status-publish","4":"format-standard","5":"has-post-thumbnail","7":"category-rennes","8":"tag-actu","9":"tag-actualites","10":"tag-bretagne","11":"tag-eu","12":"tag-europe","13":"tag-fr","14":"tag-france","15":"tag-le-metro","16":"tag-news","17":"tag-rennes","18":"tag-republique-francaise"},"share_on_mastodon":{"url":"https:\/\/pubeurope.com\/@fr\/115605060069790708","error":""},"_links":{"self":[{"href":"https:\/\/www.europesays.com\/fr\/wp-json\/wp\/v2\/posts\/555501","targetHints":{"allow":["GET"]}}],"collection":[{"href":"https:\/\/www.europesays.com\/fr\/wp-json\/wp\/v2\/posts"}],"about":[{"href":"https:\/\/www.europesays.com\/fr\/wp-json\/wp\/v2\/types\/post"}],"author":[{"embeddable":true,"href":"https:\/\/www.europesays.com\/fr\/wp-json\/wp\/v2\/users\/2"}],"replies":[{"embeddable":true,"href":"https:\/\/www.europesays.com\/fr\/wp-json\/wp\/v2\/comments?post=555501"}],"version-history":[{"count":0,"href":"https:\/\/www.europesays.com\/fr\/wp-json\/wp\/v2\/posts\/555501\/revisions"}],"wp:featuredmedia":[{"embeddable":true,"href":"https:\/\/www.europesays.com\/fr\/wp-json\/wp\/v2\/media\/555502"}],"wp:attachment":[{"href":"https:\/\/www.europesays.com\/fr\/wp-json\/wp\/v2\/media?parent=555501"}],"wp:term":[{"taxonomy":"category","embeddable":true,"href":"https:\/\/www.europesays.com\/fr\/wp-json\/wp\/v2\/categories?post=555501"},{"taxonomy":"post_tag","embeddable":true,"href":"https:\/\/www.europesays.com\/fr\/wp-json\/wp\/v2\/tags?post=555501"}],"curies":[{"name":"wp","href":"https:\/\/api.w.org\/{rel}","templated":true}]}}