{"id":555503,"date":"2025-11-24T14:06:16","date_gmt":"2025-11-24T14:06:16","guid":{"rendered":"https:\/\/www.europesays.com\/fr\/555503\/"},"modified":"2025-11-24T14:06:16","modified_gmt":"2025-11-24T14:06:16","slug":"strasbourg-un-appel-a-temoins-apres-la-disparition-dune-femme-de-50-ans","status":"publish","type":"post","link":"https:\/\/www.europesays.com\/fr\/555503\/","title":{"rendered":"Strasbourg. Un appel \u00e0 t\u00e9moins apr\u00e8s la disparition d&rsquo;une femme de 50 ans"},"content":{"rendered":"<p>Les enqu\u00eateurs de la Brigade d\u2019atteinte aux personnes de la Police nationale du Bas-Rhin lancent un appel \u00e0 t\u00e9moins apr\u00e8s la disparition jug\u00e9e inqui\u00e9tante d\u2019une femme de 50 ans.<\/p>\n<p>Estelle Lapp a \u00e9t\u00e9 vue pour la derni\u00e8re fois samedi 22 novembre 2025, vers 10h30, au march\u00e9 du Neudorf, route du Polygone, \u00e0 Strasbourg.<\/p>\n<p>Ce contenu est bloqu\u00e9 car vous n&rsquo;avez pas accept\u00e9 les cookies et autres traceurs.<\/p>\n<p>En cliquant sur \u00ab J\u2019accepte \u00bb, les cookies et autres traceurs seront d\u00e9pos\u00e9s et vous pourrez visualiser les contenus  (<a href=\"\" class=\"consentModule_policy\" target=\"_blank\" title=\"Consulter la politique de protection des donn\u00e9es du fournisseur\">plus d&rsquo;informations<\/a>).<\/p>\n<p>En cliquant sur \u00ab J\u2019accepte tous les cookies \u00bb, vous autorisez des d\u00e9p\u00f4ts de cookies et autres traceurs pour le stockage de vos donn\u00e9es sur nos sites et applications \u00e0 des fins de personnalisation et de ciblage publicitaire.<\/p>\n<p class=\"consentModule_secondaryText\">Vous gardez la possibilit\u00e9 de retirer votre consentement \u00e0 tout moment en consultant notre <a href=\"https:\/\/www.dna.fr\/protection-des-donnees\" target=\"_blank\" title=\"Consulter notre politique de protection des donn\u00e9es\" rel=\"noopener\">politique de protection des donn\u00e9es<\/a>. <br \/>&#13;<br \/>\n            <a href=\"https:\/\/www.dna.fr\/faits-divers-justice\/2025\/11\/24\/javascript:Didomi.notice.show()\" class=\"consentModule_cmp\" target=\"_blank\" rel=\"noopener\">G\u00e9rer mes choix<\/a>&#13;\n        <\/p>\n<p>&#13;<br \/>\n                        J&rsquo;accepte&#13;<br \/>\n            J&rsquo;accepte tous les cookies&#13;\n        <\/p>\n<p>Selon l\u2019avis diffus\u00e9 par la Police nationale, la personne recherch\u00e9e &#8211; d\u00e9crite comme ayant les cheveux gris, mesurant environ 1,70 m et de corpulence mince &#8211; est consid\u00e9r\u00e9e comme fragile psychologiquement.<\/p>\n<p>Le jour de sa disparition, elle portait une longue doudoune noire avec capuche, un jean bleu, un bonnet en laine noir orn\u00e9 d\u2019un motif de rose de couleur rose, une \u00e9charpe violette, des chaussures de ville montantes noires, une veste polaire bleue et des gants noirs.<\/p>\n<p>Elle fr\u00e9quenterait habituellement les secteurs du Heyritz, de Rivetoile ou le centre-ville de Strasbourg.<\/p>\n<p>Les enqu\u00eateurs invitent toute personne ayant des informations \u00e0 contacter le\u00a003 90 23 13 05.<\/p>\n","protected":false},"excerpt":{"rendered":"Les enqu\u00eateurs de la Brigade d\u2019atteinte aux personnes de la Police nationale du Bas-Rhin lancent un appel \u00e0&hellip;\n","protected":false},"author":2,"featured_media":555504,"comment_status":"","ping_status":"","sticky":false,"template":"","format":"standard","meta":{"footnotes":""},"categories":[2820],"tags":[1111,11,2649,3676,2880,1777,674,274,107,1011,27,775,12,25,640],"class_list":{"0":"post-555503","1":"post","2":"type-post","3":"status-publish","4":"format-standard","5":"has-post-thumbnail","7":"category-strasbourg","8":"tag-actu","9":"tag-actualites","10":"tag-bas-rhin","11":"tag-disparition-inquietante","12":"tag-edition-strasbourg","13":"tag-eu","14":"tag-europe","15":"tag-faits-divers-justice","16":"tag-fil-info","17":"tag-fr","18":"tag-france","19":"tag-grand-est","20":"tag-news","21":"tag-republique-francaise","22":"tag-strasbourg"},"share_on_mastodon":{"url":"https:\/\/pubeurope.com\/@fr\/115605063969402115","error":""},"_links":{"self":[{"href":"https:\/\/www.europesays.com\/fr\/wp-json\/wp\/v2\/posts\/555503","targetHints":{"allow":["GET"]}}],"collection":[{"href":"https:\/\/www.europesays.com\/fr\/wp-json\/wp\/v2\/posts"}],"about":[{"href":"https:\/\/www.europesays.com\/fr\/wp-json\/wp\/v2\/types\/post"}],"author":[{"embeddable":true,"href":"https:\/\/www.europesays.com\/fr\/wp-json\/wp\/v2\/users\/2"}],"replies":[{"embeddable":true,"href":"https:\/\/www.europesays.com\/fr\/wp-json\/wp\/v2\/comments?post=555503"}],"version-history":[{"count":0,"href":"https:\/\/www.europesays.com\/fr\/wp-json\/wp\/v2\/posts\/555503\/revisions"}],"wp:featuredmedia":[{"embeddable":true,"href":"https:\/\/www.europesays.com\/fr\/wp-json\/wp\/v2\/media\/555504"}],"wp:attachment":[{"href":"https:\/\/www.europesays.com\/fr\/wp-json\/wp\/v2\/media?parent=555503"}],"wp:term":[{"taxonomy":"category","embeddable":true,"href":"https:\/\/www.europesays.com\/fr\/wp-json\/wp\/v2\/categories?post=555503"},{"taxonomy":"post_tag","embeddable":true,"href":"https:\/\/www.europesays.com\/fr\/wp-json\/wp\/v2\/tags?post=555503"}],"curies":[{"name":"wp","href":"https:\/\/api.w.org\/{rel}","templated":true}]}}