{"id":555505,"date":"2025-11-24T14:07:17","date_gmt":"2025-11-24T14:07:17","guid":{"rendered":"https:\/\/www.europesays.com\/fr\/555505\/"},"modified":"2025-11-24T14:07:17","modified_gmt":"2025-11-24T14:07:17","slug":"un-appel-a-temoins-lance-9","status":"publish","type":"post","link":"https:\/\/www.europesays.com\/fr\/555505\/","title":{"rendered":"un appel \u00e0 t\u00e9moins lanc\u00e9"},"content":{"rendered":"<p>                    Par<br \/>\n        <strong><br \/>\n            <a href=\"https:\/\/actu.fr\/auteur\/thomas-blanc\" title=\"Consulter tous les articles de Thomas Blanc\" target=\"_blank\" rel=\"noopener\">Thomas Blanc<\/a><br \/>\n                    <\/strong><\/p>\n<p>        Publi\u00e9 le<\/p>\n<p>            24 nov. 2025 \u00e0 14h33        <\/p>\n<p>Estelle Lapp,<strong> 50\u00a0ans<\/strong>, fait l\u2019objet d\u2019une <a href=\"https:\/\/actu.fr\/tag\/disparition\" target=\"_blank\" rel=\"noopener\">disparition inqui\u00e9tante<\/a> \u00e0 Strasbourg.<\/p>\n<p class=\" wall-content\">D\u2019apr\u00e8s la <a href=\"https:\/\/actu.fr\/tag\/police\" target=\"_blank\" rel=\"noopener\">police<\/a> nationale du <a href=\"https:\/\/actu.fr\/grand-est\/bas-rhin_67\" target=\"_blank\" rel=\"noopener\">Bas-Rhin<\/a>, qui a publi\u00e9 un <a href=\"https:\/\/actu.fr\/tag\/appel-a-temoins\" target=\"_blank\" rel=\"noopener\">appel \u00e0 t\u00e9moins<\/a> sur les r\u00e9seaux sociaux, elle est <strong>port\u00e9e disparue depuis le samedi 22\u00a0novembre<\/strong> 2025 \u00e0 10h30. Elle a \u00e9t\u00e9 vue pour la derni\u00e8re fois au niveau du <strong>march\u00e9 de Neudorf<\/strong>, route du Polygone \u00e0 <a href=\"https:\/\/actu.fr\/strasbourg\/\" target=\"_blank\" rel=\"noopener\">Strasbourg<\/a>.<\/p>\n<p>Une doudoune noire et une polaire bleue<\/p>\n<p class=\" wall-content\">Au sein de la publication, on apprend que la quinquag\u00e9naire a des <strong>cheveux gris<\/strong>, mesure 1,70\u00a0m et est de <strong>corpulence mince<\/strong>. Il est aussi pr\u00e9cis\u00e9 qu\u2019elle portait une <strong>doudoune noire<\/strong>, un jean bleu, un bonnet en laine noir et une <strong>polaire bleue<\/strong> quand elle a \u00e9t\u00e9 aper\u00e7ue pour la derni\u00e8re fois.<\/p>\n<p class=\" wall-content\">Les forces de l\u2019ordre la d\u00e9crivent comme \u00ab\u2009une personne <strong>fragile psychologiquement<\/strong>\u2009\u00bb. Estelle Lapp fr\u00e9quenterait r\u00e9guli\u00e8rement le secteur <strong>Heyritz<\/strong>, <strong>Rivetoile<\/strong> et le <strong>centre-ville<\/strong>.<\/p>\n<p class=\" wall-content\">\n<p class=\" wall-content\">Les personnes susceptibles de d\u00e9tenir des informations pouvant faire avancer l\u2019enqu\u00eate sont invit\u00e9es \u00e0 contacter la brigade d\u2019atteinte aux personnes au <strong>03\u200990\u200923\u200913\u200905<\/strong>.<\/p>\n<p class=\" wall-content\">Personnalisez votre actualit\u00e9 en ajoutant vos villes et m\u00e9dias en favori avec <a href=\"https:\/\/moncompte.actu.fr\" title=\"D\u00e9couvez Mon Actu\" rel=\"nofollow noopener\" data-trk=\"{&quot;cta&quot;:{&quot;action&quot;:&quot;https:\\\/\\\/moncompte.actu.fr&quot;,&quot;category&quot;:&quot;mon compte&quot;,&quot;from&quot;:&quot;article footer&quot;,&quot;name&quot;:&quot;Mon actu&quot;,&quot;type&quot;:&quot;cta&quot;}}\" target=\"_blank\">Mon Actu<\/a>.<\/p>\n","protected":false},"excerpt":{"rendered":"Par Thomas Blanc Publi\u00e9 le 24 nov. 2025 \u00e0 14h33 Estelle Lapp, 50\u00a0ans, fait l\u2019objet d\u2019une disparition inqui\u00e9tante&hellip;\n","protected":false},"author":2,"featured_media":555506,"comment_status":"","ping_status":"","sticky":false,"template":"","format":"standard","meta":{"footnotes":""},"categories":[2820],"tags":[1111,11,3676,1777,674,118,1011,27,775,12,1072,25,640],"class_list":{"0":"post-555505","1":"post","2":"type-post","3":"status-publish","4":"format-standard","5":"has-post-thumbnail","7":"category-strasbourg","8":"tag-actu","9":"tag-actualites","10":"tag-disparition-inquietante","11":"tag-eu","12":"tag-europe","13":"tag-faits-divers","14":"tag-fr","15":"tag-france","16":"tag-grand-est","17":"tag-news","18":"tag-police","19":"tag-republique-francaise","20":"tag-strasbourg"},"share_on_mastodon":{"url":"https:\/\/pubeurope.com\/@fr\/115605067771041402","error":""},"_links":{"self":[{"href":"https:\/\/www.europesays.com\/fr\/wp-json\/wp\/v2\/posts\/555505","targetHints":{"allow":["GET"]}}],"collection":[{"href":"https:\/\/www.europesays.com\/fr\/wp-json\/wp\/v2\/posts"}],"about":[{"href":"https:\/\/www.europesays.com\/fr\/wp-json\/wp\/v2\/types\/post"}],"author":[{"embeddable":true,"href":"https:\/\/www.europesays.com\/fr\/wp-json\/wp\/v2\/users\/2"}],"replies":[{"embeddable":true,"href":"https:\/\/www.europesays.com\/fr\/wp-json\/wp\/v2\/comments?post=555505"}],"version-history":[{"count":0,"href":"https:\/\/www.europesays.com\/fr\/wp-json\/wp\/v2\/posts\/555505\/revisions"}],"wp:featuredmedia":[{"embeddable":true,"href":"https:\/\/www.europesays.com\/fr\/wp-json\/wp\/v2\/media\/555506"}],"wp:attachment":[{"href":"https:\/\/www.europesays.com\/fr\/wp-json\/wp\/v2\/media?parent=555505"}],"wp:term":[{"taxonomy":"category","embeddable":true,"href":"https:\/\/www.europesays.com\/fr\/wp-json\/wp\/v2\/categories?post=555505"},{"taxonomy":"post_tag","embeddable":true,"href":"https:\/\/www.europesays.com\/fr\/wp-json\/wp\/v2\/tags?post=555505"}],"curies":[{"name":"wp","href":"https:\/\/api.w.org\/{rel}","templated":true}]}}