{"id":555509,"date":"2025-11-24T14:09:16","date_gmt":"2025-11-24T14:09:16","guid":{"rendered":"https:\/\/www.europesays.com\/fr\/555509\/"},"modified":"2025-11-24T14:09:16","modified_gmt":"2025-11-24T14:09:16","slug":"nice-le-jardin-public-de-ce-quartier-central-transforme-les-automobilistes-perdent-du-terrain","status":"publish","type":"post","link":"https:\/\/www.europesays.com\/fr\/555509\/","title":{"rendered":"Nice. Le jardin public de ce quartier central transform\u00e9, les automobilistes perdent du terrain"},"content":{"rendered":"<p>                    Par<br \/>\n        <strong><br \/>\n            <a href=\"https:\/\/actu.fr\/auteur\/arthur-frand\" title=\"Consulter tous les articles de Arthur Frand\" target=\"_blank\" rel=\"noopener\">Arthur Frand<\/a><br \/>\n                    <\/strong><\/p>\n<p>        Publi\u00e9 le<\/p>\n<p>            24 nov. 2025 \u00e0 14h26<br \/>\n        ; mis \u00e0 jour le 24 nov. 2025 \u00e0 14h50    <\/p>\n<p>Plus d\u2019espace pour se balader et jouer\u2009? C\u2019est la promesse faite par la Ville de <a href=\"https:\/\/actu.fr\/nice\/\" target=\"_blank\" rel=\"noopener\">Nice<\/a>. Annonc\u00e9s au mois de mai par Christian Estrosi, des <strong>travaux d\u2019extension<\/strong> du jardin public Thiole \u00e0 Nice (<a href=\"https:\/\/actu.fr\/provence-alpes-cote-d-azur\/alpes-maritimes_06\" target=\"_blank\" rel=\"noopener\">Alpes-Maritimes<\/a>) ont d\u00e9but\u00e9 et vont durer plusieurs mois. Un parking de stationnement a, de fait, <strong>\u00e9t\u00e9 supprim\u00e9<\/strong>.<\/p>\n<p>    <a href=\"https:\/\/www.google.com\/maps\/embed?pb=!1m18!1m12!1m3!1d2884.042204915465!2d7.260182177086196!3d43.70967197109957!2m3!1f0!2f0!3f0!3m2!1i1024!2i768!4f13.1!3m3!1m2!1s0x12cdd000e0ffffff%3A0xede961147be1734f!2sJardin%20Thiole!5e0!3m2!1sfr!2sfr!4v1763981103850!5m2!1sfr!2sfr\" title=\"Ouvrie le lien\" target=\"_blank\" rel=\"noopener\">Cliquez ici pour visualiser le contenu<\/a><\/p>\n<p class=\" wall-content\">Situ\u00e9 dans le quartier de Lib\u00e9ration, entre l\u2019avenue Malauss\u00e9na et la rue Villermont, juste en face de la Gare du sud, le jardin Thiole est <strong>tr\u00e8s appr\u00e9ci\u00e9<\/strong> par les habitants du quartier et souvent rempli par les familles avec enfants ou les classes scolaires.<\/p>\n<p>Une extension de 600m2<\/p>\n<p class=\" wall-content\">Ce jardin public va \u00eatre agrandi. 604\u00a0m2 d\u2019espace v\u00e9g\u00e9talis\u00e9 suppl\u00e9mentaire vont \u00eatre cr\u00e9\u00e9s en plus des 4\u2009780\u00a0m2 d\u00e9j\u00e0 existants. 22 nouveaux arbres seront plant\u00e9s. Une <strong>nouvelle aire de jeu<\/strong> pour les enfants va \u00e9galement \u00eatre install\u00e9e.<\/p>\n<p>    <img   decoding=\"async\" loading=\"lazy\" src=\"https:\/\/www.europesays.com\/fr\/wp-content\/uploads\/2025\/11\/whatsapp-image-2025-11-24-at-110028-960x640.jpeg\" alt=\"Le jardin Thiole \u00e0 Nice\" width=\"960\" height=\"640\"\/><br \/>\n    Le jardin Thiole est tr\u00e8s appr\u00e9ci\u00e9 par les Ni\u00e7ois. (\u00a9Arthur Frand \/ actu Nice)<\/p>\n<p class=\" wall-content\">Les sols de l\u2019actuel jardin, tr\u00e8s ab\u00eem\u00e9s \u00e0 certains endroits, vont aussi \u00eatre r\u00e9nov\u00e9s pour \u00ab\u2009harmoniser l\u2019ensemble et garantir l\u2019accueil des familles dans les meilleures conditions\u2009\u00bb pr\u00e9cise la Ville. Les circulations pi\u00e9tonnes seront <strong>aussi r\u00e9am\u00e9nag\u00e9es<\/strong>, avec la mise en place d\u2019un chemin s\u00e9curis\u00e9 entre Malauss\u00e9na et Villermont. L\u2019extension sera cl\u00f4tur\u00e9e et ferm\u00e9e la nuit.<\/p>\n<p>Le parking rue Hoche ras\u00e9, 500\u2009000\u00a0euros d\u2019investissement<\/p>\n<p class=\" wall-content\">Mais pour agrandir, il faut souvent <strong>rogner sur un autre espace<\/strong>. Pour permettre cette extension, le parking de la rue du G\u00e9n\u00e9ral Hoche, qui comportait une soixantaine de places, a \u00e9t\u00e9 supprim\u00e9.<\/p>\n<p>Votre r\u00e9gion, votre actu !<\/p>\n<p>Recevez chaque jour les infos qui comptent pour vous.<\/p>\n<p>\t<a href=\"https:\/\/actu.fr\/newsletter\" class=\"ac-btn ac-btn--corner ac-btn--medium ac-btn--blue800\" target=\"_blank\" rel=\"noopener\">S&rsquo;incrire<\/a><\/p>\n<p class=\" wall-content\">Les automobilistes du quartier perdent donc des places de stationnement au profit d\u2019un peu plus de verdure, dans une ville o\u00f9 il est d\u00e9j\u00e0 parfois <strong>compliqu\u00e9 de stationner<\/strong>. Notamment les jours de march\u00e9 \u00e0 Lib\u00e9ration. Sur les r\u00e9seaux sociaux, certains Ni\u00e7ois s\u2019interrogent. \u00ab\u2009Est ce vraiment judicieux de l\u2019agrandir\u2009? Ce parking est bien utile dans le coin\u2009\u00bb, s\u2019\u00e9tonne par exemple une riveraine.<\/p>\n<p>    <img   decoding=\"async\" loading=\"lazy\" src=\"https:\/\/www.europesays.com\/fr\/wp-content\/uploads\/2025\/11\/reu-hoche-960x640.png\" alt=\"Rue Hoche\" width=\"960\" height=\"640\"\/><br \/>\n    Le parking de la rue Hoche a \u00e9t\u00e9 supprim\u00e9 pour permettre l\u2019extension du jardin Thiole. (\u00a9Capture d\u2019\u00e9cran Google Street View)<\/p>\n<p class=\" wall-content\">Comme beaucoup de travaux lanc\u00e9s par la municipalit\u00e9 actuellement, cette extension vise \u00e0 \u00ab\u2009offrir <strong>plus de nature<\/strong> aux habitants du quartier\u2009\u00bb.\u00a0Le projet est chiffr\u00e9 \u00e0 un demi-million d\u2019euros (500\u2009000\u00a0euros). Les travaux doivent s\u2019achever au d\u00e9but de l\u2019ann\u00e9e 2026.<\/p>\n<p class=\" wall-content\">Personnalisez votre actualit\u00e9 en ajoutant vos villes et m\u00e9dias en favori avec <a href=\"https:\/\/moncompte.actu.fr\" title=\"D\u00e9couvez Mon Actu\" rel=\"nofollow noopener\" data-trk=\"{&quot;cta&quot;:{&quot;action&quot;:&quot;https:\\\/\\\/moncompte.actu.fr&quot;,&quot;category&quot;:&quot;mon compte&quot;,&quot;from&quot;:&quot;article footer&quot;,&quot;name&quot;:&quot;Mon actu&quot;,&quot;type&quot;:&quot;cta&quot;}}\" target=\"_blank\">Mon Actu<\/a>.<\/p>\n","protected":false},"excerpt":{"rendered":"Par Arthur Frand Publi\u00e9 le 24 nov. 2025 \u00e0 14h26 ; mis \u00e0 jour le 24 nov. 2025&hellip;\n","protected":false},"author":2,"featured_media":555510,"comment_status":"","ping_status":"","sticky":false,"template":"","format":"standard","meta":{"footnotes":""},"categories":[2819],"tags":[1111,11,1777,674,1011,27,12,2401,882,25,104,2086],"class_list":{"0":"post-555509","1":"post","2":"type-post","3":"status-publish","4":"format-standard","5":"has-post-thumbnail","7":"category-nice","8":"tag-actu","9":"tag-actualites","10":"tag-eu","11":"tag-europe","12":"tag-fr","13":"tag-france","14":"tag-news","15":"tag-nice","16":"tag-provence-alpes-cote-dazur","17":"tag-republique-francaise","18":"tag-societe","19":"tag-travaux"},"share_on_mastodon":{"url":"https:\/\/pubeurope.com\/@fr\/115605076587533869","error":""},"_links":{"self":[{"href":"https:\/\/www.europesays.com\/fr\/wp-json\/wp\/v2\/posts\/555509","targetHints":{"allow":["GET"]}}],"collection":[{"href":"https:\/\/www.europesays.com\/fr\/wp-json\/wp\/v2\/posts"}],"about":[{"href":"https:\/\/www.europesays.com\/fr\/wp-json\/wp\/v2\/types\/post"}],"author":[{"embeddable":true,"href":"https:\/\/www.europesays.com\/fr\/wp-json\/wp\/v2\/users\/2"}],"replies":[{"embeddable":true,"href":"https:\/\/www.europesays.com\/fr\/wp-json\/wp\/v2\/comments?post=555509"}],"version-history":[{"count":0,"href":"https:\/\/www.europesays.com\/fr\/wp-json\/wp\/v2\/posts\/555509\/revisions"}],"wp:featuredmedia":[{"embeddable":true,"href":"https:\/\/www.europesays.com\/fr\/wp-json\/wp\/v2\/media\/555510"}],"wp:attachment":[{"href":"https:\/\/www.europesays.com\/fr\/wp-json\/wp\/v2\/media?parent=555509"}],"wp:term":[{"taxonomy":"category","embeddable":true,"href":"https:\/\/www.europesays.com\/fr\/wp-json\/wp\/v2\/categories?post=555509"},{"taxonomy":"post_tag","embeddable":true,"href":"https:\/\/www.europesays.com\/fr\/wp-json\/wp\/v2\/tags?post=555509"}],"curies":[{"name":"wp","href":"https:\/\/api.w.org\/{rel}","templated":true}]}}