{"id":555514,"date":"2025-11-24T14:12:24","date_gmt":"2025-11-24T14:12:24","guid":{"rendered":"https:\/\/www.europesays.com\/fr\/555514\/"},"modified":"2025-11-24T14:12:24","modified_gmt":"2025-11-24T14:12:24","slug":"un-noel-retro-et-immersif-a-bordeaux","status":"publish","type":"post","link":"https:\/\/www.europesays.com\/fr\/555514\/","title":{"rendered":"un No\u00ebl r\u00e9tro et immersif \u00e0 Bordeaux"},"content":{"rendered":"<p>\t\t\t\t\t\t\t\t\t\t\t\t\t\t\t\t\t\t\t\t\t\t<img loading=\"lazy\" decoding=\"async\" src=\"https:\/\/www.europesays.com\/fr\/wp-content\/uploads\/2025\/11\/stranger-things-bordeaux-sainte-catherine-1024x683.jpg\" class=\"img-fluid\" alt=\"Stranger Things Promenade Sainte-Catherine Bordeaux\" width=\"1024\" height=\"683\"\/><br \/>\n\t\t\t\t\t\t\t\t\t\t\t\t\t\t\t\t\t\t\t\t\t\t\u00a9 Promenade Sainte-Catherine<\/p>\n<p>    Save<\/p>\n<p><strong>\u00c9v\u00e9nement in\u00e9dit \u00e0 Bordeaux<\/strong> : Netflix choisit la <strong>Promenade Sainte-Catherine<\/strong> pour marquer le lancement de la derni\u00e8re saison de Stranger Things. Apr\u00e8s plus de trois ans d\u2019attente, les fans retrouveront <strong>Eleven, Dustin et Mike<\/strong> d\u00e8s le 27 novembre, date de sortie des quatre premiers \u00e9pisodes.<\/p>\n<p>Pour l\u2019occasion, <b>Hawkins prend vie \u00e0 Bordeaux<\/b> d\u00e8s le <b>28 novembre et jusqu\u2019au 7 janvier<\/b>, m\u00e9tamorphosant la Promenade Sainte-Catherine en un v\u00e9ritable \u201cStranger Christmas\u201d. Une exp\u00e9rience unique et immersive o\u00f9 la <a href=\"https:\/\/bordeauxsecret.com\/marches-de-noel-bordeaux\/\" rel=\"follow noopener\" target=\"_self\" class=\"shortcode-outbound-link\" data-has-ga=\"true\" data-ga-type=\"click\" data-label=\"https:\/\/bordeauxsecret.com\/marches-de-noel-bordeaux\/\" data-action=\"text_cta_0\" data-category=\"click_internal\">magie de No\u00ebl<\/a> rencontre l\u2019univers surnaturel de la s\u00e9rie.<\/p>\n<p><b>Une visite immersive o\u00f9 No\u00ebl croise le Monde \u00e0 l\u2019Envers<\/b><\/p>\n<blockquote class=\"instagram-media\" data-instgrm-permalink=\"https:\/\/www.instagram.com\/p\/DRUl-cajhC8\/?utm_source=ig_embed&amp;utm_campaign=loading\" data-instgrm-version=\"14\" style=\" background:#FFF; border:0; border-radius:3px; box-shadow:0 0 1px 0 rgba(0,0,0,0.5),0 1px 10px 0 rgba(0,0,0,0.15); margin: 1px; max-width:540px; min-width:326px; padding:0; width:99.375%; width:-webkit-calc(100% - 2px); width:calc(100% - 2px);\">\n<\/blockquote>\n<p>D\u00e8s l\u2019entr\u00e9e <strong>Porte-Dijeaux<\/strong>, les visiteurs plongent dans l\u2019atmosph\u00e8re r\u00e9tro et myst\u00e9rieuse de Stranger Things. <strong>Lumi\u00e8res rouges et bleues<\/strong>, musiques des ann\u00e9es 80 et bande-son iconique rythment la promenade. D\u00e9couvrez le parcours de <strong>cinq arches monumentales <\/strong>\u2013 chacune inspir\u00e9e d\u2019une saison de la s\u00e9rie \u2013 o\u00f9 chaque \u00e9tape transporte les visiteurs dans l\u2019univers fascinant de Hawkins.<\/p>\n<p>C\u00f4t\u00e9 <strong>Sainte-Catherine<\/strong>, les r\u00e9f\u00e9rences \u00e0 la premi\u00e8re saison sont nombreuses. Les <strong>v\u00e9los embl\u00e9matiques<\/strong> des h\u00e9ros accueillent les visiteurs sous un <strong>ciel de guirlandes rouges<\/strong>, \u00e9voquant les c\u00e9l\u00e8bres cha\u00eenes lumineuses. Un d\u00e9cor id\u00e9al pour les <a href=\"https:\/\/bordeauxsecret.com\/classement-monuments-photogeniques-france-dune-pilat\/\" rel=\"follow noopener\" target=\"_self\" class=\"shortcode-outbound-link\" data-has-ga=\"true\" data-ga-type=\"click\" data-label=\"https:\/\/bordeauxsecret.com\/classement-monuments-photogeniques-france-dune-pilat\/\" data-action=\"text_cta_1\" data-category=\"click_internal\"><strong>photos<\/strong><\/a><strong>\u00a0et stories<\/strong>.<\/p>\n<p>\u00c0 l\u2019int\u00e9rieur, la promenade reste fid\u00e8le aux ann\u00e9es 80. <strong>Guirlandes multicolores<\/strong> et \u00e9clairages r\u00e9tro d\u00e9corent les balcons. Au centre de l\u2019agora, un <strong>sapin vintage de 8 m\u00e8tres<\/strong> attire tous les regards, tandis que la fa\u00e7ade du <strong>LEGO Store<\/strong>, orn\u00e9e d\u2019un <strong>n\u0153ud rouge lumineux<\/strong>, fait clin d\u2019\u0153il \u00e0 la s\u00e9rie et \u00e0 No\u00ebl.<\/p>\n<p><b>Une soir\u00e9e d\u2019ouverture sous le signe des ann\u00e9es 80<\/b><br \/>\n<img fetchpriority=\"high\" decoding=\"async\" class=\"size-full wp-image-16166\" src=\"https:\/\/www.europesays.com\/fr\/wp-content\/uploads\/2025\/11\/stranger-things-bordeaux-sainte-catherine2.jpg\" alt=\"Stranger Things Promenade Sainte-Catherine Bordeaux\" width=\"1200\" height=\"800\"  \/>\u00a9 Promenade Sainte-Catherine<\/p>\n<p>Le <strong>vendredi 28 novembre<\/strong>, de <strong>18h \u00e0 21h<\/strong>, la <a href=\"https:\/\/www.promenade-sainte-catherine.com\/actualites\/lifestyle\/soiree-stranger-things-avec-philippe-maurice\" rel=\"nofollow noopener\" target=\"_blank\" class=\"shortcode-outbound-link\" data-has-ga=\"true\" data-ga-type=\"click\" data-label=\"https:\/\/www.promenade-sainte-catherine.com\/actualites\/lifestyle\/soiree-stranger-things-avec-philippe-maurice\" data-action=\"text_cta_2\" data-category=\"click_non_sales\">Promenade Sainte-Catherine<\/a> invite tout le monde \u00e0 la <strong>soir\u00e9e d\u2019ouverture<\/strong>. Le <strong>dress code<\/strong> : ann\u00e9es 80 ! Vestes en jean, couleurs flashy et coiffures r\u00e9tro sont de mise. N\u2019h\u00e9sitez pas \u00e0 jouer le jeu : une <strong>\u00e9lection de la meilleure tenue vintage<\/strong> r\u00e9compensera les plus audacieux.<\/p>\n<p><strong>Philippe Maurice<\/strong>, animateur bordelais embl\u00e9matique, prendra le micro pour une ambiance rythm\u00e9e et convivale. Au programme : <strong>blind test<\/strong>, quiz Stranger Things et ann\u00e9es 80 sans oublier un stand maquillage. Et que serait la soir\u00e9e sans musique ? <strong>DJ Pops<\/strong> proposera deux sets Tech House (18h\u201319h et 20h\u201321h) pour faire vibrer toute la promenade.<\/p>\n<p>Pour compl\u00e9ter l\u2019exp\u00e9rience, <strong>hot dogs et pop-corn<\/strong> seront propos\u00e9s, dans l\u2019esprit d\u2019un <strong>American Diner<\/strong>. Le moment fort ? <strong>L\u2019<a href=\"https:\/\/bordeauxsecret.com\/festival-feerie-des-lanternes-chateau-castel-novel\/\" rel=\"follow noopener\" target=\"_self\" class=\"shortcode-outbound-link\" data-has-ga=\"true\" data-ga-type=\"click\" data-label=\"https:\/\/bordeauxsecret.com\/festival-feerie-des-lanternes-chateau-castel-novel\/\" data-action=\"text_cta_3\" data-category=\"click_internal\">illumination<\/a> officielle des d\u00e9corations de No\u00ebl \u00e0 18h <\/strong>pour sublimer cet \u00e9v\u00e9nement in\u00e9dit.<\/p>\n<p>Et si vous pr\u00e9f\u00e9rez rester au chaud pour percer les myst\u00e8res de l\u2019univers, rendez-vous \u00e0 <a href=\"https:\/\/feverup.com\/m\/317376\" rel=\"follow noopener\" target=\"_blank\" class=\"shortcode-outbound-link\" data-has-ga=\"true\" data-ga-type=\"click\" data-label=\"https:\/\/feverup.com\/m\/317376\" data-action=\"text_cta_4\" data-tracked=\"1\" data-category=\"click_sales\" data-cp_smn_source=\"bordeauxsecret\" data-cp_smn_content=\"stranger-things-promenade-sainte-catherine-noel-bordeaux\" data-cp_smn_term=\"text_cta_4\">Science Exp\u00e9riences<\/a>, le mus\u00e9e immersif de Science \u00e0 Bordeaux pour tout savoir de la science tout en s\u2019amusant.<\/p>\n<p>\t\t\t\t<script async src=\"\/\/www.instagram.com\/embed.js\"><\/script><\/p>\n","protected":false},"excerpt":{"rendered":"\u00a9 Promenade Sainte-Catherine Save \u00c9v\u00e9nement in\u00e9dit \u00e0 Bordeaux : Netflix choisit la Promenade Sainte-Catherine pour marquer le lancement&hellip;\n","protected":false},"author":2,"featured_media":555515,"comment_status":"","ping_status":"","sticky":false,"template":"","format":"standard","meta":{"footnotes":""},"categories":[2817],"tags":[1111,11,1997,1777,674,1011,27,12,2219,25],"class_list":{"0":"post-555514","1":"post","2":"type-post","3":"status-publish","4":"format-standard","5":"has-post-thumbnail","7":"category-bordeaux","8":"tag-actu","9":"tag-actualites","10":"tag-bordeaux","11":"tag-eu","12":"tag-europe","13":"tag-fr","14":"tag-france","15":"tag-news","16":"tag-nouvelle-aquitaine","17":"tag-republique-francaise"},"share_on_mastodon":{"url":"https:\/\/pubeurope.com\/@fr\/115605088282322304","error":""},"_links":{"self":[{"href":"https:\/\/www.europesays.com\/fr\/wp-json\/wp\/v2\/posts\/555514","targetHints":{"allow":["GET"]}}],"collection":[{"href":"https:\/\/www.europesays.com\/fr\/wp-json\/wp\/v2\/posts"}],"about":[{"href":"https:\/\/www.europesays.com\/fr\/wp-json\/wp\/v2\/types\/post"}],"author":[{"embeddable":true,"href":"https:\/\/www.europesays.com\/fr\/wp-json\/wp\/v2\/users\/2"}],"replies":[{"embeddable":true,"href":"https:\/\/www.europesays.com\/fr\/wp-json\/wp\/v2\/comments?post=555514"}],"version-history":[{"count":0,"href":"https:\/\/www.europesays.com\/fr\/wp-json\/wp\/v2\/posts\/555514\/revisions"}],"wp:featuredmedia":[{"embeddable":true,"href":"https:\/\/www.europesays.com\/fr\/wp-json\/wp\/v2\/media\/555515"}],"wp:attachment":[{"href":"https:\/\/www.europesays.com\/fr\/wp-json\/wp\/v2\/media?parent=555514"}],"wp:term":[{"taxonomy":"category","embeddable":true,"href":"https:\/\/www.europesays.com\/fr\/wp-json\/wp\/v2\/categories?post=555514"},{"taxonomy":"post_tag","embeddable":true,"href":"https:\/\/www.europesays.com\/fr\/wp-json\/wp\/v2\/tags?post=555514"}],"curies":[{"name":"wp","href":"https:\/\/api.w.org\/{rel}","templated":true}]}}