{"id":555516,"date":"2025-11-24T14:13:11","date_gmt":"2025-11-24T14:13:11","guid":{"rendered":"https:\/\/www.europesays.com\/fr\/555516\/"},"modified":"2025-11-24T14:13:11","modified_gmt":"2025-11-24T14:13:11","slug":"rencontre-autour-de-loeuvre-desteban-okbi","status":"publish","type":"post","link":"https:\/\/www.europesays.com\/fr\/555516\/","title":{"rendered":"rencontre autour de l\u2019\u0153uvre d\u2019Esteban Okbi"},"content":{"rendered":"<p>N\u00e9 en 1994, cet auteur et dramaturge a marqu\u00e9 les esprits d\u00e8s son projet de fin d\u2019\u00e9tudes en 2022. Laur\u00e9at des dispositifs Jeunes textes en libert\u00e9 et Premiers feux, Okbi a aff\u00fbt\u00e9 sa plume aupr\u00e8s de figures comme Pauline Peyrade. Son texte plonge le lecteur dans une dystopie po\u00e9tique\u00a0: Kaktus, 120\u00a0ans, pensionnaire d\u2019un \u00ab\u00a0hyper-centre-logistique de g\u00e9riatrie\u00a0\u00bb, veut en finir avec sa \u00ab\u00a0vie de yaourt \u00e0 l\u2019abricot\u00a0\u00bb. Il est stopp\u00e9 par Warda.<\/p>\n<p>Ce rendez-vous, anim\u00e9 par Elsa Cecchini et Karima El Kharraze, t\u00e9moigne du travail essentiel men\u00e9 par les Avant-Postes et Komos Structura, v\u00e9ritables laboratoires de cr\u00e9ation qui offrent au public des d\u00e9couvertes contemporaines audacieuses.<\/p>\n","protected":false},"excerpt":{"rendered":"N\u00e9 en 1994, cet auteur et dramaturge a marqu\u00e9 les esprits d\u00e8s son projet de fin d\u2019\u00e9tudes en&hellip;\n","protected":false},"author":2,"featured_media":555517,"comment_status":"","ping_status":"","sticky":false,"template":"","format":"standard","meta":{"footnotes":""},"categories":[2817],"tags":[1111,11,1997,1777,674,1011,27,12,2219,25],"class_list":{"0":"post-555516","1":"post","2":"type-post","3":"status-publish","4":"format-standard","5":"has-post-thumbnail","7":"category-bordeaux","8":"tag-actu","9":"tag-actualites","10":"tag-bordeaux","11":"tag-eu","12":"tag-europe","13":"tag-fr","14":"tag-france","15":"tag-news","16":"tag-nouvelle-aquitaine","17":"tag-republique-francaise"},"share_on_mastodon":{"url":"https:\/\/pubeurope.com\/@fr\/115605091480134487","error":""},"_links":{"self":[{"href":"https:\/\/www.europesays.com\/fr\/wp-json\/wp\/v2\/posts\/555516","targetHints":{"allow":["GET"]}}],"collection":[{"href":"https:\/\/www.europesays.com\/fr\/wp-json\/wp\/v2\/posts"}],"about":[{"href":"https:\/\/www.europesays.com\/fr\/wp-json\/wp\/v2\/types\/post"}],"author":[{"embeddable":true,"href":"https:\/\/www.europesays.com\/fr\/wp-json\/wp\/v2\/users\/2"}],"replies":[{"embeddable":true,"href":"https:\/\/www.europesays.com\/fr\/wp-json\/wp\/v2\/comments?post=555516"}],"version-history":[{"count":0,"href":"https:\/\/www.europesays.com\/fr\/wp-json\/wp\/v2\/posts\/555516\/revisions"}],"wp:featuredmedia":[{"embeddable":true,"href":"https:\/\/www.europesays.com\/fr\/wp-json\/wp\/v2\/media\/555517"}],"wp:attachment":[{"href":"https:\/\/www.europesays.com\/fr\/wp-json\/wp\/v2\/media?parent=555516"}],"wp:term":[{"taxonomy":"category","embeddable":true,"href":"https:\/\/www.europesays.com\/fr\/wp-json\/wp\/v2\/categories?post=555516"},{"taxonomy":"post_tag","embeddable":true,"href":"https:\/\/www.europesays.com\/fr\/wp-json\/wp\/v2\/tags?post=555516"}],"curies":[{"name":"wp","href":"https:\/\/api.w.org\/{rel}","templated":true}]}}