{"id":555522,"date":"2025-11-24T14:16:12","date_gmt":"2025-11-24T14:16:12","guid":{"rendered":"https:\/\/www.europesays.com\/fr\/555522\/"},"modified":"2025-11-24T14:16:12","modified_gmt":"2025-11-24T14:16:12","slug":"la-ligue-de-marcq-affronte-la-belgique-ce-vendredi","status":"publish","type":"post","link":"https:\/\/www.europesays.com\/fr\/555522\/","title":{"rendered":"la Ligue de Marcq affronte la Belgique ce vendredi\u00a0!"},"content":{"rendered":"<p>                    Par<br \/>\n        <strong><br \/>\n            <a href=\"https:\/\/actu.fr\/auteur\/amandine-vachez\" title=\"Consulter tous les articles de Amandine Vachez\" target=\"_blank\" rel=\"noopener\">Amandine Vachez<\/a><br \/>\n                    <\/strong><\/p>\n<p>        Publi\u00e9 le<\/p>\n<p>            24 nov. 2025 \u00e0 13h50        <\/p>\n<p>Ils sont des pointures de l\u2019improvisation. Ce <b>vendredi 28\u00a0novembre 2025<\/b>, les com\u00e9diens de la <b>Ligue d\u2019improvisation fran\u00e7aise professionnelle de <a href=\"https:\/\/actu.fr\/hauts-de-france\/marcq-en-baroeul_59378\" target=\"_blank\" rel=\"noopener\">Marcq-en-Bar\u0153ul<\/a><\/b> (Nord) se mesurent \u00e0 leurs homologues de <a href=\"https:\/\/actu.fr\/tag\/belgique\" target=\"_blank\" rel=\"noopener\">Belgique<\/a>, dans le cadre d\u2019u<b>n \u00ab\u2009match impro\u2009\u00bb. <\/b>Rendez-vous au <b>Colis\u00e9e de <a href=\"https:\/\/actu.fr\/hauts-de-france\/roubaix_59512\" target=\"_blank\" rel=\"noopener\">Roubaix<\/a><\/b> pour un spectacle hors du commun, une soir\u00e9e qui s\u2019annonce <b>riche en impr\u00e9vus, et en rires\u2009!<\/b><\/p>\n<p>Plus de 30\u00a0ans de m\u00e9tier<\/p>\n<p class=\" wall-content\">Pour celles et ceux qui ne connaissent pas la Ligue Impro de Marcq, c\u2019est une<b> compagnie th\u00e9\u00e2trale cr\u00e9\u00e9e en 1992<\/b>, pr\u00e9sid\u00e9e par Benoit Motycka et dirig\u00e9e par <a href=\"https:\/\/actu.fr\/hauts-de-france\/marcq-en-baroeul_59378\/marcq-baroeul-interview-demmanuel-leroy-roi-limpro_17563111.html\" target=\"_blank\" rel=\"noopener\">Emmanuel Leroy, \u00ab\u2009roi de l\u2019impro\u2009\u00bb<\/a>. Elle<b> r\u00e9unit une quarantaine d\u2019artistes<\/b> (com\u00e9diens, musiciens, danseurs, circassiens, r\u00e9gisseurs\u2026), tous professionnels et experts dans l\u2019art de l\u2019improvisation.<\/p>\n<p class=\" wall-content\">Pendant cette soir\u00e9e, deux \u00e9quipes talentueuses de com\u00e9diens vont ainsi improviser et s\u2019affronter \u2013 aussi amicalement que th\u00e9\u00e2tralement \u2013 \u00e0 partir de<b> th\u00e8mes tir\u00e9s au sort <\/b>par un arbitre des matchs, faussement autoritaire. \u00ab\u2009Les contraintes sont multiples et excitantes\u2009: nombre de joueurs, dur\u00e9e des improvisations, cat\u00e9gories\u2026 chaque prestation est unique\u2009!\u2009\u00bb, annonce la Ligue. Les spectateurs votent \u00e0 l\u2019issue de chaque improvisation pour attribuer des points \u00e0 l\u2019\u00e9quipe de leur choix.<\/p>\n<p class=\" wall-content\"><b>Concept \u00ab\u2009sport-th\u00e9\u00e2tre\u2009\u00bb unique en son genre cr\u00e9\u00e9 en 1977<\/b>, le match d\u2019improvisation est ce que la Ligue d\u00e9crit comme \u00ab\u2009un spectacle toujours renouvel\u00e9, qui fait la part belle \u00e0 l\u2019humour spontan\u00e9 et \u00e0 l\u2019imagination des artistes. C\u2019est aussi un <b>spectacle interactif et familial<\/b>, qui emm\u00e8ne les spectateurs de surprises en surprises.\u2009\u00bb<\/p>\n<p class=\" wall-content\">Alors, \u00eates-vous pr\u00eat \u00e0 rire aux \u00e9clats une nouvelle fois au Colis\u00e9e\u2009? Il ne reste plus qu\u2019\u00e0 r\u00e9server vos places (03\u200920\u200924\u200907\u200907\u2009; <a href=\"http:\/\/actu.fr\/cdn-cgi\/l\/email-protection#24474b4a5045475064474b484d574141564b5146454d5c0a474b49\" target=\"_blank\" rel=\"noopener\">[email\u00a0protected]<\/a>\u2009; <a href=\"https:\/\/www.coliseeroubaix.com\/\" target=\"_blank\" rel=\"noopener\">billetterie en ligne<\/a>)\u2009! Le spectacle est pr\u00e9vu pour <b>20\u2009h<\/b>, les places vont de 16 \u00e0 25\u00a0euros. Pour info, une aide audio est disponible, sur demande au pr\u00e9alable.<\/p>\n<p>Pour en savoir plus, <a href=\"https:\/\/ligueimpromarcq.com\/\" target=\"_blank\" rel=\"noopener\">consultez le site officiel de la Ligue Impro de Marcq<\/a>.<\/p>\n<p class=\" wall-content\">Personnalisez votre actualit\u00e9 en ajoutant vos villes et m\u00e9dias en favori avec <a href=\"https:\/\/moncompte.actu.fr\" title=\"D\u00e9couvez Mon Actu\" rel=\"nofollow noopener\" data-trk=\"{&quot;cta&quot;:{&quot;action&quot;:&quot;https:\\\/\\\/moncompte.actu.fr&quot;,&quot;category&quot;:&quot;mon compte&quot;,&quot;from&quot;:&quot;article footer&quot;,&quot;name&quot;:&quot;Mon actu&quot;,&quot;type&quot;:&quot;cta&quot;}}\" target=\"_blank\">Mon Actu<\/a>.<\/p>\n","protected":false},"excerpt":{"rendered":"Par Amandine Vachez Publi\u00e9 le 24 nov. 2025 \u00e0 13h50 Ils sont des pointures de l\u2019improvisation. Ce vendredi&hellip;\n","protected":false},"author":2,"featured_media":555523,"comment_status":"","ping_status":"","sticky":false,"template":"","format":"standard","meta":{"footnotes":""},"categories":[2815],"tags":[1111,11,828,1777,674,1011,27,811,708,1307,1652,12,25,853],"class_list":{"0":"post-555522","1":"post","2":"type-post","3":"status-publish","4":"format-standard","5":"has-post-thumbnail","7":"category-lille","8":"tag-actu","9":"tag-actualites","10":"tag-belgique","11":"tag-eu","12":"tag-europe","13":"tag-fr","14":"tag-france","15":"tag-hauts-de-france","16":"tag-humour","17":"tag-lille","18":"tag-loisirs-culture","19":"tag-news","20":"tag-republique-francaise","21":"tag-spectacles"},"share_on_mastodon":{"url":"https:\/\/pubeurope.com\/@fr\/115605103376214046","error":""},"_links":{"self":[{"href":"https:\/\/www.europesays.com\/fr\/wp-json\/wp\/v2\/posts\/555522","targetHints":{"allow":["GET"]}}],"collection":[{"href":"https:\/\/www.europesays.com\/fr\/wp-json\/wp\/v2\/posts"}],"about":[{"href":"https:\/\/www.europesays.com\/fr\/wp-json\/wp\/v2\/types\/post"}],"author":[{"embeddable":true,"href":"https:\/\/www.europesays.com\/fr\/wp-json\/wp\/v2\/users\/2"}],"replies":[{"embeddable":true,"href":"https:\/\/www.europesays.com\/fr\/wp-json\/wp\/v2\/comments?post=555522"}],"version-history":[{"count":0,"href":"https:\/\/www.europesays.com\/fr\/wp-json\/wp\/v2\/posts\/555522\/revisions"}],"wp:featuredmedia":[{"embeddable":true,"href":"https:\/\/www.europesays.com\/fr\/wp-json\/wp\/v2\/media\/555523"}],"wp:attachment":[{"href":"https:\/\/www.europesays.com\/fr\/wp-json\/wp\/v2\/media?parent=555522"}],"wp:term":[{"taxonomy":"category","embeddable":true,"href":"https:\/\/www.europesays.com\/fr\/wp-json\/wp\/v2\/categories?post=555522"},{"taxonomy":"post_tag","embeddable":true,"href":"https:\/\/www.europesays.com\/fr\/wp-json\/wp\/v2\/tags?post=555522"}],"curies":[{"name":"wp","href":"https:\/\/api.w.org\/{rel}","templated":true}]}}