{"id":555524,"date":"2025-11-24T14:17:16","date_gmt":"2025-11-24T14:17:16","guid":{"rendered":"https:\/\/www.europesays.com\/fr\/555524\/"},"modified":"2025-11-24T14:17:16","modified_gmt":"2025-11-24T14:17:16","slug":"olivier-giroud-a-refuse-cette-consigne-de-bruno-genesio","status":"publish","type":"post","link":"https:\/\/www.europesays.com\/fr\/555524\/","title":{"rendered":"Olivier Giroud a refus\u00e9 cette consigne de Bruno Genesio"},"content":{"rendered":"<p><b>Auteur d&rsquo;un doubl\u00e9 dimanche soir contre le Paris FC, Olivier Giroud a largement contribu\u00e9 \u00e0 la victoire de Lille. Apr\u00e8s une p\u00e9riode compliqu\u00e9e, le buteur fran\u00e7ais a fait fermer quelques bouches. <\/b><\/p>\n<p>Revenu cette saison en <a href=\"https:\/\/www.foot01.com\/ligue1\" title=\"Ligue 1\" target=\"_blank\" rel=\"noopener\">Ligue 1<\/a>, apr\u00e8s un court passage dans le championnat nord-am\u00e9ricain, Olivier Giroud vivait un premier passage \u00e0 vide avec le LOSC. Avant son doubl\u00e9 face au Paris FC, le meilleur buteur de l&rsquo;histoire des Bleus \u00e9tait sur une s\u00e9rie de presque deux mois sans but. Il fallait remonter au but marqu\u00e9 en Europa League contre Brann le 25 septembre pour trouver la trace d&rsquo;une r\u00e9alisation sign\u00e9e Giroud. Mais en l&rsquo;espace d&rsquo;un seul match, <a href=\"https:\/\/www.foot01.com\/ligue1\/l1-giroud-voit-double-le-losc-renverse-paris\" target=\"_self\" rel=\"noopener\">l&rsquo;attaquant de 39 ans a montr\u00e9 qu&rsquo;il n&rsquo;avait rien perdu de son talent<\/a>, m\u00eame si forc\u00e9ment tout n&rsquo;est plus aussi simple qu&rsquo;avant. Si le buteur lillois a reconnu son soulagement de mettre un terme \u00e0 cette disette offensive, son entra\u00eeneur a admis qu&rsquo;une fois de plus, il \u00e9tait \u00e9pat\u00e9 par Olivier Giroud. Bruno Genesio avoue que pour faire baisser la pression sur son buteur, il avait propos\u00e9 de lui donner un peu plus de repos, mais que ce dernier avait refus\u00e9.Giroud n&rsquo;a jamais dout\u00e9, Lille est sid\u00e9r\u00e9<\/p>\n<p>Dans les couloirs du stade Pierre-Mauroy, le technicien du LOSC a reconnu que Giroud \u00e9tait un joueur clairement \u00e0 part et que forc\u00e9ment ce doubl\u00e9 lui faisait \u00e9norm\u00e9ment plaisir. \u00ab Je suis heureux parce qu\u2019Olivier est encore le meilleur buteur de l\u2019\u00e9quipe de France aujourd\u2019hui. \u00c7a parle pour lui, mais je sais que cette p\u00e9riode n\u2019a pas \u00e9t\u00e9 simple mentalement. Forc\u00e9ment, c\u2019est la ran\u00e7on de la gloire. Il n\u2019a pas l\u00e2ch\u00e9, il s\u2019est entra\u00een\u00e9 vraiment comme un grand professionnel, m\u00eame quand je lui demandais s\u2019il voulait en faire un petit peu moins pour se pr\u00e9server. Il a \u00e9t\u00e9 r\u00e9compens\u00e9, je suis heureux. Pour moi, c\u2019est un exemple. On a la chance d\u2019avoir un joueur comme \u00e7a dans l\u2019effectif. Il faut que les plus jeunes en profitent, \u00e7a va leur faire gagner de l\u2019exp\u00e9rience cette saison\u00a0\u00bb, a reconnu Bruno Genesio, conscient de pouvoir compter sur un footballeur exceptionnel dans son vestiaire.<\/p>\n","protected":false},"excerpt":{"rendered":"Auteur d&rsquo;un doubl\u00e9 dimanche soir contre le Paris FC, Olivier Giroud a largement contribu\u00e9 \u00e0 la victoire de&hellip;\n","protected":false},"author":2,"featured_media":555525,"comment_status":"","ping_status":"","sticky":false,"template":"","format":"standard","meta":{"footnotes":""},"categories":[2815],"tags":[1111,11,1777,674,1011,27,811,66,1307,2267,12,25],"class_list":{"0":"post-555524","1":"post","2":"type-post","3":"status-publish","4":"format-standard","5":"has-post-thumbnail","7":"category-lille","8":"tag-actu","9":"tag-actualites","10":"tag-eu","11":"tag-europe","12":"tag-fr","13":"tag-france","14":"tag-hauts-de-france","15":"tag-ligue-1","16":"tag-lille","17":"tag-losc","18":"tag-news","19":"tag-republique-francaise"},"share_on_mastodon":{"url":"https:\/\/pubeurope.com\/@fr\/115605107500292944","error":""},"_links":{"self":[{"href":"https:\/\/www.europesays.com\/fr\/wp-json\/wp\/v2\/posts\/555524","targetHints":{"allow":["GET"]}}],"collection":[{"href":"https:\/\/www.europesays.com\/fr\/wp-json\/wp\/v2\/posts"}],"about":[{"href":"https:\/\/www.europesays.com\/fr\/wp-json\/wp\/v2\/types\/post"}],"author":[{"embeddable":true,"href":"https:\/\/www.europesays.com\/fr\/wp-json\/wp\/v2\/users\/2"}],"replies":[{"embeddable":true,"href":"https:\/\/www.europesays.com\/fr\/wp-json\/wp\/v2\/comments?post=555524"}],"version-history":[{"count":0,"href":"https:\/\/www.europesays.com\/fr\/wp-json\/wp\/v2\/posts\/555524\/revisions"}],"wp:featuredmedia":[{"embeddable":true,"href":"https:\/\/www.europesays.com\/fr\/wp-json\/wp\/v2\/media\/555525"}],"wp:attachment":[{"href":"https:\/\/www.europesays.com\/fr\/wp-json\/wp\/v2\/media?parent=555524"}],"wp:term":[{"taxonomy":"category","embeddable":true,"href":"https:\/\/www.europesays.com\/fr\/wp-json\/wp\/v2\/categories?post=555524"},{"taxonomy":"post_tag","embeddable":true,"href":"https:\/\/www.europesays.com\/fr\/wp-json\/wp\/v2\/tags?post=555524"}],"curies":[{"name":"wp","href":"https:\/\/api.w.org\/{rel}","templated":true}]}}