{"id":555526,"date":"2025-11-24T14:18:17","date_gmt":"2025-11-24T14:18:17","guid":{"rendered":"https:\/\/www.europesays.com\/fr\/555526\/"},"modified":"2025-11-24T14:18:17","modified_gmt":"2025-11-24T14:18:17","slug":"trois-agressions-a-larme-blanche-en-moins-de-3-heures-a-marseille","status":"publish","type":"post","link":"https:\/\/www.europesays.com\/fr\/555526\/","title":{"rendered":"Trois agressions \u00e0 l\u2019arme blanche en moins de 3\u00a0heures \u00e0 Marseille"},"content":{"rendered":"<p>On a d\u00e9gain\u00e9 les couteaux plus souvent qu\u2019\u00e0 son tour dans la soir\u00e9e de<strong> dimanche 23 novembre<\/strong>. Peu avant 20 heures, c\u2019est d\u2019abord vers le 1er, arrondissement de <a href=\"https:\/\/www.laprovence.com\/bouches-du-rhone\/marseille-13055\" target=\"_blank\" rel=\"noopener\">Marseille<\/a> qu\u2019ont converg\u00e9 la police et les marins-pompiers. Sur le <a href=\"https:\/\/www.laprovence.com\/article\/region\/7422517598932114\/logements-sociaux-700-places-de-parking-le-nouveau-morceau-de-ville-prevu-a-cote-de-la-future-gare-saint-charles-a-marseille\" target=\"_blank\" rel=\"noopener\">boulevard Voltaire<\/a>, forces de l\u2019ordre et secours ont d\u00e9couvert une victime qui venait de subir une agression apr\u00e8s avoir tent\u00e9 de s\u2019interposer dans une bagarre entre deux hommes. D\u2019apr\u00e8s les d\u00e9clarations de ce jeune homme, des individus auraient surgi \u00e0 bord d\u2019un v\u00e9hicule tandis qu\u2019il tentait de s\u00e9parer les deux bellig\u00e9rants. Les occupants de la voiture s\u2019en seraient alors pris \u00e0 lui, exhibant arme de poing et couteau avant d\u2019en faire usage.<\/p>\n<p>Estafilade et coup de crosse<\/p>\n<p><strong>\u00c2g\u00e9 de 20\u00a0ans<\/strong>, le jeune homme a \u00e9t\u00e9 transport\u00e9 \u00e0 l\u2019h\u00f4pital par les marins-pompiers pour y faire soigner une estafilade \u00e0 la fesse gauche inflig\u00e9e par arme blanche et une autre blessure occasionn\u00e9e par un violent coup de crosse \u00e0 la t\u00eate.<\/p>\n<p>Un peu plus tard, aux alentours de 21\u00a0h\u00a020, c\u2019est dans le 15e arrondissement qu\u2019<strong>un homme de 26\u00a0ans<\/strong> a \u00e9t\u00e9 retrouv\u00e9 bless\u00e9 \u00e0 l\u2019arme blanche. Apr\u00e8s les premiers soins prodigu\u00e9s sur place par les marins-pompiers, la victime a \u00e9t\u00e9 transport\u00e9e \u00e0 l\u2019h\u00f4pital pour y faire suturer une plaie de 3 centim\u00e8tres au niveau de la t\u00eate. Une victime au demeurant tr\u00e8s peu coop\u00e9rative avec l\u2019\u00e9quipage de la <a href=\"https:\/\/www.laprovence.com\/article\/faits-divers-justice\/16123400606189\/la-bac-en-premiere-ligne-a-marseille-quand-le-danger-vient-de-la-cuisine\" target=\"_blank\" rel=\"noopener\">BAC<\/a> (brigade anticriminalit\u00e9) nord qui est intervenue sur les lieux et qui n\u2019a donc pas permis d\u2019expliquer les circonstances dans lesquelles avait eu lieu l\u2019agression.<\/p>\n<p>Il exhibait un couteau sous le nez des clients<\/p>\n<p>Enfin, c\u2019est \u00e0 nouveau dans le 1er arrondissement que la police est intervenue dimanche soir suite \u00e0 un appel pass\u00e9 au 17 un peu apr\u00e8s 23\u00a0heures, mais cette fois-ci sur le <a href=\"https:\/\/www.laprovence.com\/article\/region\/3590493895364715\/espigas-lentreprise-marseillaise-qui-a-revisite-l-univers-de-lespadrille\" target=\"_blank\" rel=\"noopener\">cours Jean Ballard<\/a>, aux abords d\u2019un restaurant o\u00f9 un individu manifestement passablement \u00e9m\u00e9ch\u00e9 s\u2019\u00e9tait mis \u00e0 importuner la client\u00e8le, agitant ostensiblement un couteau sous le nez des convives. De quoi faire sortir de ses gonds le patron de l\u2019\u00e9tablissement qui aurait alors entrepris de chasser l\u2019individu, avant qu\u2019une bagarre n\u2019\u00e9clate entre les deux hommes et que les policiers n\u2019interviennent. <strong>\u00c2g\u00e9 de 26\u00a0ans<\/strong>, l\u2019auteur pr\u00e9sum\u00e9 a \u00e9t\u00e9 interpell\u00e9 et ramen\u00e9 au quart Centre o\u00f9 son placement en garde \u00e0 vue a d\u00fb \u00eatre diff\u00e9r\u00e9 en raison de l\u2019\u00e9tat d\u2019\u00e9bri\u00e9t\u00e9 du mis en cause.<\/p>\n","protected":false},"excerpt":{"rendered":"On a d\u00e9gain\u00e9 les couteaux plus souvent qu\u2019\u00e0 son tour dans la soir\u00e9e de dimanche 23 novembre. Peu&hellip;\n","protected":false},"author":2,"featured_media":555527,"comment_status":"","ping_status":"","sticky":false,"template":"","format":"standard","meta":{"footnotes":""},"categories":[2814],"tags":[17,67311,1111,11,11211,8386,1777,674,274,1011,27,1859,884,379,12,882,25,1100],"class_list":{"0":"post-555526","1":"post","2":"type-post","3":"status-publish","4":"format-standard","5":"has-post-thumbnail","7":"category-marseille","8":"tag-17","9":"tag-3-heures","10":"tag-actu","11":"tag-actualites","12":"tag-agressions","13":"tag-blanche","14":"tag-eu","15":"tag-europe","16":"tag-faits-divers-justice","17":"tag-fr","18":"tag-france","19":"tag-larme","20":"tag-marseille","21":"tag-moins","22":"tag-news","23":"tag-provence-alpes-cote-dazur","24":"tag-republique-francaise","25":"tag-trois"},"share_on_mastodon":{"url":"https:\/\/pubeurope.com\/@fr\/115605111126983875","error":""},"_links":{"self":[{"href":"https:\/\/www.europesays.com\/fr\/wp-json\/wp\/v2\/posts\/555526","targetHints":{"allow":["GET"]}}],"collection":[{"href":"https:\/\/www.europesays.com\/fr\/wp-json\/wp\/v2\/posts"}],"about":[{"href":"https:\/\/www.europesays.com\/fr\/wp-json\/wp\/v2\/types\/post"}],"author":[{"embeddable":true,"href":"https:\/\/www.europesays.com\/fr\/wp-json\/wp\/v2\/users\/2"}],"replies":[{"embeddable":true,"href":"https:\/\/www.europesays.com\/fr\/wp-json\/wp\/v2\/comments?post=555526"}],"version-history":[{"count":0,"href":"https:\/\/www.europesays.com\/fr\/wp-json\/wp\/v2\/posts\/555526\/revisions"}],"wp:featuredmedia":[{"embeddable":true,"href":"https:\/\/www.europesays.com\/fr\/wp-json\/wp\/v2\/media\/555527"}],"wp:attachment":[{"href":"https:\/\/www.europesays.com\/fr\/wp-json\/wp\/v2\/media?parent=555526"}],"wp:term":[{"taxonomy":"category","embeddable":true,"href":"https:\/\/www.europesays.com\/fr\/wp-json\/wp\/v2\/categories?post=555526"},{"taxonomy":"post_tag","embeddable":true,"href":"https:\/\/www.europesays.com\/fr\/wp-json\/wp\/v2\/tags?post=555526"}],"curies":[{"name":"wp","href":"https:\/\/api.w.org\/{rel}","templated":true}]}}