{"id":555528,"date":"2025-11-24T14:19:12","date_gmt":"2025-11-24T14:19:12","guid":{"rendered":"https:\/\/www.europesays.com\/fr\/555528\/"},"modified":"2025-11-24T14:19:12","modified_gmt":"2025-11-24T14:19:12","slug":"defendre-des-valeurs-qui-me-correspondent-titi-cest-toi-le-boss-nouveau-soutien-de-martine-vassal","status":"publish","type":"post","link":"https:\/\/www.europesays.com\/fr\/555528\/","title":{"rendered":"\u00ab\u00a0D\u00e9fendre des valeurs qui me correspondent\u00a0\u00bb, Titi c&rsquo;est toi le boss, nouveau soutien de Martine Vassal"},"content":{"rendered":"<p class=\"article__intro\">Thierry Mode, connu sur les r\u00e9seaux sous le pseudo \u00ab\u00a0Titi c&rsquo;est toi le boss\u00a0\u00bb, annoncera son soutien \u00e0 la candidate DVD ce lundi 24 novembre apr\u00e8s-midi.<\/p>\n<p>\n      L\u2019actu des r\u00e9gions\n    <\/p>\n<p>\n      Chaque jour, un tour d\u2019horizon des principales infos de toutes les r\u00e9gions.\n    <\/p>\n<p>    France T\u00e9l\u00e9visions utilise votre adresse e-mail afin de vous envoyer la newsletter \u00ab\u00a0L\u2019actu des r\u00e9gions\u00a0\u00bb. Vous pouvez vous d\u00e9sinscrire \u00e0 tout moment via le lien en bas de cette newsletter. <a target=\"_blank\" href=\"https:\/\/www.francetelevisions.fr\/groupe\/confidentialite\/politique-de-confidentialite\/politique-de-confidentialite-de-france-televisions-6503\" rel=\"noopener\">Notre politique de confidentialit\u00e9<\/a><\/p>\n<p>C&rsquo;est un soutien pour le moins inattendu pour Martine Vassal, candidate des R\u00e9publicains, d&rsquo;Horizons et de Renaissance dans la course aux municipales de 2026 : celui de Titi c&rsquo;est toi le boss. Selon l&rsquo;information r\u00e9v\u00e9l\u00e9e par La Provence, ce sp\u00e9cialiste de football bien connu des fans de ballons ronds pour ses analyses de matchs s&rsquo;appr\u00eate \u00e0 mettre pour la premi\u00e8re fois un pied dans la politique.<\/p>\n<p>Contact\u00e9 par France 3 Provence-Alpes, Thierry Mode &#8211; de son vrai nom &#8211; confirme son engagement, qui doit officiellement \u00eatre annonc\u00e9 ce lundi apr\u00e8s-midi, \u00e0 l&rsquo;occasion d&rsquo;une conf\u00e9rence de presse organis\u00e9e \u00e0 l&rsquo;OM Caf\u00e9. \u201cMartine Vassal d\u00e9fend des valeurs de droite, qui correspondent \u00e0 celles qu\u2019on m\u2019a inculqu\u00e9es. Le fait de me proposer de m\u2019occuper du sport et de l\u2019inclusion, c\u2019est ce qui m\u2019int\u00e9resse\u201d\u00a0, d\u00e9taille-t-il.<\/p>\n<p>Un point d\u00e9terminant pour son engagement politique. En effet, Martine Vassal a ainsi propos\u00e9 \u00e0 Thierry Mode d&rsquo;occuper des fonctions au sport et \u00e0 l&rsquo;inclusion en cas d&rsquo;\u00e9lection. \u201cAujourd\u2019hui, on manque cruellement de clubs sportifs. Pour les personnes handicap\u00e9es, il n\u2019y a rien. Et en termes de grands \u00e9v\u00e9nements, depuis la coupe du monde de rugby et les jeux olympiques, on ne voit plus rien venir &#8230;\u201d d\u00e9plore Titi c\u2019est toi le boss, qui souhaite aussi \u00ab\u00a0faire revenir l&rsquo;Open 13 \u00e0 Marseille\u00a0\u00bb. \u00a0<\/p>\n<blockquote class=\"ftvi_content_quote\">\n<p class=\"ftvi_citation_quote\">\u00ab\u00a0Aujourd&rsquo;hui on manque de clubs sportifs, d&rsquo;infrastructures sportives pour les personnes handicap\u00e9es&#8230; et en termes de grands \u00e9v\u00e9nements, on ne voit plus rien venir\u00a0\u00bb<\/p>\n<p>Thierry Mode, alias Titi c&rsquo;est toi le boss<\/p><\/blockquote>\n<p>Il d\u00e9fend en tout cas son engagement et ne craint pas de d\u00e9plaire \u00e0 une partie de sa communaut\u00e9 sur les r\u00e9seaux : \u00ab\u00a0Si on a peur, on ne fait plus rien. Il y aura s\u00fbrement des gens auxquels \u00e7a ne plaira pas &#8230;\u00a0\u00bb<\/p>\n<p>Pour autant, le sp\u00e9cialiste sportif ne se projette pas dans d&rsquo;hypoth\u00e9tiques fonctions d&rsquo;adjoint : \u00ab\u00a0On verra bien si on est \u00e9lus. Nous n&rsquo;avons pas de boule de cristal\u00a0\u00bb temp\u00e8re-t-il.<\/p>\n<p>Aux c\u00f4t\u00e9s de Titi c&rsquo;est toi le boss, Martine Vassal doit pr\u00e9senter un second soutien pour sa campagne \u00e0 l&rsquo;occasion de la conf\u00e9rence de presse organis\u00e9e ce lundi.<\/p>\n<p>Les prochaines \u00e9lections municipales auront lieu les 15 et 22 mars 2026.<\/p>\n","protected":false},"excerpt":{"rendered":"Thierry Mode, connu sur les r\u00e9seaux sous le pseudo \u00ab\u00a0Titi c&rsquo;est toi le boss\u00a0\u00bb, annoncera son soutien \u00e0&hellip;\n","protected":false},"author":2,"featured_media":555529,"comment_status":"","ping_status":"","sticky":false,"template":"","format":"standard","meta":{"footnotes":""},"categories":[2814],"tags":[1111,11,1777,674,1011,27,884,12,882,25],"class_list":{"0":"post-555528","1":"post","2":"type-post","3":"status-publish","4":"format-standard","5":"has-post-thumbnail","7":"category-marseille","8":"tag-actu","9":"tag-actualites","10":"tag-eu","11":"tag-europe","12":"tag-fr","13":"tag-france","14":"tag-marseille","15":"tag-news","16":"tag-provence-alpes-cote-dazur","17":"tag-republique-francaise"},"share_on_mastodon":{"url":"https:\/\/pubeurope.com\/@fr\/115605115088118708","error":""},"_links":{"self":[{"href":"https:\/\/www.europesays.com\/fr\/wp-json\/wp\/v2\/posts\/555528","targetHints":{"allow":["GET"]}}],"collection":[{"href":"https:\/\/www.europesays.com\/fr\/wp-json\/wp\/v2\/posts"}],"about":[{"href":"https:\/\/www.europesays.com\/fr\/wp-json\/wp\/v2\/types\/post"}],"author":[{"embeddable":true,"href":"https:\/\/www.europesays.com\/fr\/wp-json\/wp\/v2\/users\/2"}],"replies":[{"embeddable":true,"href":"https:\/\/www.europesays.com\/fr\/wp-json\/wp\/v2\/comments?post=555528"}],"version-history":[{"count":0,"href":"https:\/\/www.europesays.com\/fr\/wp-json\/wp\/v2\/posts\/555528\/revisions"}],"wp:featuredmedia":[{"embeddable":true,"href":"https:\/\/www.europesays.com\/fr\/wp-json\/wp\/v2\/media\/555529"}],"wp:attachment":[{"href":"https:\/\/www.europesays.com\/fr\/wp-json\/wp\/v2\/media?parent=555528"}],"wp:term":[{"taxonomy":"category","embeddable":true,"href":"https:\/\/www.europesays.com\/fr\/wp-json\/wp\/v2\/categories?post=555528"},{"taxonomy":"post_tag","embeddable":true,"href":"https:\/\/www.europesays.com\/fr\/wp-json\/wp\/v2\/tags?post=555528"}],"curies":[{"name":"wp","href":"https:\/\/api.w.org\/{rel}","templated":true}]}}