{"id":555532,"date":"2025-11-24T14:21:19","date_gmt":"2025-11-24T14:21:19","guid":{"rendered":"https:\/\/www.europesays.com\/fr\/555532\/"},"modified":"2025-11-24T14:21:19","modified_gmt":"2025-11-24T14:21:19","slug":"lyon-deux-dealers-et-un-client-arretes-dans-le-quartier-des-etats-unis","status":"publish","type":"post","link":"https:\/\/www.europesays.com\/fr\/555532\/","title":{"rendered":"Lyon. Deux dealers et un client arr\u00eat\u00e9s dans le quartier des \u00c9tats-Unis"},"content":{"rendered":"<p>Trois personnes ont \u00e9t\u00e9 interpell\u00e9es dimanche 23\u00a0novembre en fin d\u2019apr\u00e8s-midi, boulevard des \u00c9tats-Unis \u00e0 Lyon (8e), \u00e0 la suite d\u2019une surveillance mise en place par des policiers en civil autour d\u2019un point de vente de stup\u00e9fiants situ\u00e9 \u00e0 l\u2019arri\u00e8re du bar-PMU de la rue Professeur Beauvisage.<\/p>\n<p>Les enqu\u00eateurs ont constat\u00e9 que deux individus pr\u00e9sents sur le point de deal r\u00e9alisaient des transactions. Dans un premier temps, un jeune homme de 22 ans qui venait d\u2019acheter du cannabis a \u00e9t\u00e9 interpell\u00e9 discr\u00e8tement boulevard des \u00c9tats-Unis.<\/p>\n<p>  Fuyant \u00e0 trottinette, il percute un policier<\/p>\n<p>Puis des policiers de la BST sont intervenus sur le point de deal, o\u00f9 l\u2019un des vendeurs a tent\u00e9 de quitter les lieux sur une trottinette. Dans sa fuite, il a percut\u00e9 involontairement un des policiers en civil et est parti en courant.<\/p>\n<p>Le policier, bless\u00e9 superficiellement, est parvenu \u00e0 l\u2019interpeller. L\u2019autre vendeur a \u00e9galement \u00e9t\u00e9 arr\u00eat\u00e9 et les policiers ont saisi <a href=\"https:\/\/www.leprogres.fr\/faits-divers-justice\/2021\/07\/09\/trafic-de-stupefiants-comprendre-le-systeme-des-nourrices\" target=\"_blank\" rel=\"noopener\">une quarantaine de doses de r\u00e9sine de cannabis,<\/a> conditionn\u00e9es pour la vente au d\u00e9tail et cach\u00e9es \u00e0 proximit\u00e9 du point de deal.<\/p>\n<p>Ce contenu est bloqu\u00e9 car vous n&rsquo;avez pas accept\u00e9 les cookies et autres traceurs.<\/p>\n<p>En cliquant sur \u00ab J\u2019accepte \u00bb, les cookies et autres traceurs seront d\u00e9pos\u00e9s et vous pourrez visualiser les contenus  (<a href=\"\" class=\"consentModule_policy\" target=\"_blank\" title=\"Consulter la politique de protection des donn\u00e9es du fournisseur\">plus d&rsquo;informations<\/a>).<\/p>\n<p>En cliquant sur \u00ab J\u2019accepte tous les cookies \u00bb, vous autorisez des d\u00e9p\u00f4ts de cookies et autres traceurs pour le stockage de vos donn\u00e9es sur nos sites et applications \u00e0 des fins de personnalisation et de ciblage publicitaire.<\/p>\n<p class=\"consentModule_secondaryText\">Vous gardez la possibilit\u00e9 de retirer votre consentement \u00e0 tout moment en consultant notre <a href=\"https:\/\/www.leprogres.fr\/protection-des-donnees\" target=\"_blank\" title=\"Consulter notre politique de protection des donn\u00e9es\" rel=\"noopener\">politique de protection des donn\u00e9es<\/a>. <br \/>&#13;<br \/>\n            <a href=\"https:\/\/www.leprogres.fr\/faits-divers-justice\/2025\/11\/24\/javascript:Didomi.notice.show()\" class=\"consentModule_cmp\" target=\"_blank\" rel=\"noopener\">G\u00e9rer mes choix<\/a>&#13;\n        <\/p>\n<p>&#13;<br \/>\n                        J&rsquo;accepte&#13;<br \/>\n            J&rsquo;accepte tous les cookies&#13;\n        <\/p>\n<p>Les deux vendeurs, \u00e2g\u00e9s de 19 et 24 ans et tous deux SDF, ont \u00e9t\u00e9 plac\u00e9s en garde \u00e0 vue. Une enqu\u00eate est en cours.<\/p>\n","protected":false},"excerpt":{"rendered":"Trois personnes ont \u00e9t\u00e9 interpell\u00e9es dimanche 23\u00a0novembre en fin d\u2019apr\u00e8s-midi, boulevard des \u00c9tats-Unis \u00e0 Lyon (8e), \u00e0 la&hellip;\n","protected":false},"author":2,"featured_media":555533,"comment_status":"","ping_status":"","sticky":false,"template":"","format":"standard","meta":{"footnotes":""},"categories":[1889],"tags":[1111,11,2430,271,272,2757,1777,674,274,1011,27,2428,9744,9743,12,25,2429,104],"class_list":{"0":"post-555532","1":"post","2":"type-post","3":"status-publish","4":"format-standard","5":"has-post-thumbnail","7":"category-lyon","8":"tag-actu","9":"tag-actualites","10":"tag-auvergne-rhone-alpes","11":"tag-crime","12":"tag-delit-et-contravention","13":"tag-edition-lyon-villeurbanne","14":"tag-eu","15":"tag-europe","16":"tag-faits-divers-justice","17":"tag-fr","18":"tag-france","19":"tag-lyon","20":"tag-lyon-8e","21":"tag-lyon-8e-arrondissement","22":"tag-news","23":"tag-republique-francaise","24":"tag-rhone","25":"tag-societe"},"share_on_mastodon":{"url":"https:\/\/pubeurope.com\/@fr\/115605122762807594","error":""},"_links":{"self":[{"href":"https:\/\/www.europesays.com\/fr\/wp-json\/wp\/v2\/posts\/555532","targetHints":{"allow":["GET"]}}],"collection":[{"href":"https:\/\/www.europesays.com\/fr\/wp-json\/wp\/v2\/posts"}],"about":[{"href":"https:\/\/www.europesays.com\/fr\/wp-json\/wp\/v2\/types\/post"}],"author":[{"embeddable":true,"href":"https:\/\/www.europesays.com\/fr\/wp-json\/wp\/v2\/users\/2"}],"replies":[{"embeddable":true,"href":"https:\/\/www.europesays.com\/fr\/wp-json\/wp\/v2\/comments?post=555532"}],"version-history":[{"count":0,"href":"https:\/\/www.europesays.com\/fr\/wp-json\/wp\/v2\/posts\/555532\/revisions"}],"wp:featuredmedia":[{"embeddable":true,"href":"https:\/\/www.europesays.com\/fr\/wp-json\/wp\/v2\/media\/555533"}],"wp:attachment":[{"href":"https:\/\/www.europesays.com\/fr\/wp-json\/wp\/v2\/media?parent=555532"}],"wp:term":[{"taxonomy":"category","embeddable":true,"href":"https:\/\/www.europesays.com\/fr\/wp-json\/wp\/v2\/categories?post=555532"},{"taxonomy":"post_tag","embeddable":true,"href":"https:\/\/www.europesays.com\/fr\/wp-json\/wp\/v2\/tags?post=555532"}],"curies":[{"name":"wp","href":"https:\/\/api.w.org\/{rel}","templated":true}]}}