{"id":555534,"date":"2025-11-24T14:23:23","date_gmt":"2025-11-24T14:23:23","guid":{"rendered":"https:\/\/www.europesays.com\/fr\/555534\/"},"modified":"2025-11-24T14:23:23","modified_gmt":"2025-11-24T14:23:23","slug":"les-startup-franciliennes-pres-de-82-000-emplois-moteurs-de-la-creation-demplois-qualifies","status":"publish","type":"post","link":"https:\/\/www.europesays.com\/fr\/555534\/","title":{"rendered":"Les startup franciliennes (pr\u00e8s de 82\u202f000 emplois), moteurs de la cr\u00e9ation d\u2019emplois qualifi\u00e9s"},"content":{"rendered":"<p>            <a href=\"https:\/\/itsocial.fr\/wp-content\/uploads\/2025\/11\/Les-startup-franciliennes-pres-de-82\u202f000-emplois-moteurs-de-la-creation-demplois-qualifies.webp\" data-caption=\"\" target=\"_blank\" rel=\"noopener\"><img loading=\"lazy\" decoding=\"async\" width=\"696\" height=\"398\" class=\"entry-thumb td-modal-image\" src=\"https:\/\/itsocial.fr\/wp-content\/uploads\/2025\/11\/Les-startup-franciliennes-pres-de-82\u202f000-emplois-moteurs-de-la-creation-demplois-qualifies-696x398.webp\"   alt=\"\" title=\"Les startup franciliennes (pr\u00e8s de 82\u202f000 emplois), moteurs de la cr\u00e9ation d\u2019emplois qualifi\u00e9s\"\/><\/a><\/p>\n<p><a href=\"https:\/\/itsocial.fr\/cybersecurite\/cybersecurite-livres-blancs\/plateforme-devaluation-de-lexposition-lb-landing-rapid7\/\" target=\"_blank\" rel=\"noopener\">&#13;<br \/>\n<img decoding=\"async\" src=\"https:\/\/www.europesays.com\/fr\/wp-content\/uploads\/2025\/10\/ban-leaderboard-rapid7.gif\" alt=\"banni\u00e8re\"\/>&#13;<br \/>\n<\/a><\/p>\n<p><strong>L\u2019\u00cele-de-France confirme son statut de premi\u00e8re r\u00e9gion fran\u00e7aise pour l\u2019emploi dans les startup, avec pr\u00e8s de 82 000 salari\u00e9s en 2022, soit 17\u202f% de l\u2019emploi des jeunes entreprises de moins de huit ans. Ce dynamisme s\u2019est accompagn\u00e9 d\u2019une mont\u00e9e en qualification des profils, d\u2019une concentration g\u00e9ographique marqu\u00e9e, et d\u2019une structuration sectorielle centr\u00e9e sur les <a href=\"https:\/\/itsocial.fr\/contenus\/articles-decideurs\/pourquoi-linclusion-des-femmes-dans-les-metiers-du-numerique-a-echoue\/\" target=\"_blank\" rel=\"noopener\">m\u00e9tiers du num\u00e9rique<\/a> et de l\u2019innovation.<\/strong><\/p>\n<p>Le r\u00f4le des startup dans la transformation de l\u2019\u00e9conomie francilienne ne se limite pas \u00e0 la cr\u00e9ation d\u2019emplois. Il s\u2019exprime aussi par la qualit\u00e9 des profils recrut\u00e9s, la diffusion de l\u2019innovation et la capacit\u00e9 \u00e0 structurer des fili\u00e8res. La dynamique observ\u00e9e ces cinq derni\u00e8res ann\u00e9es r\u00e9v\u00e8le une croissance robuste, une mont\u00e9e en gamme des qualifications et une attractivit\u00e9 renforc\u00e9e pour les cadres et les jeunes dipl\u00f4m\u00e9s. Cette \u00e9volution marque un basculement du paradigme traditionnel, centr\u00e9 sur la petite entreprise commer\u00e7ante, vers un mod\u00e8le d\u2019entreprise innovante, connect\u00e9e et ancr\u00e9e dans des r\u00e9seaux d\u2019accompagnement et de financement sophistiqu\u00e9s.<\/p>\n<p>Entre 2017 et 2022, l\u2019\u00cele-de-France a connu une progression significative du nombre de startup (+27\u202f%) et de l\u2019emploi salari\u00e9 associ\u00e9 (+60\u202f%), passant de 51\u202f000 \u00e0 pr\u00e8s de 82\u202f000 emplois. Ce dynamisme s\u2019est r\u00e9v\u00e9l\u00e9 r\u00e9silient, malgr\u00e9 le ralentissement temporaire caus\u00e9 par la crise sanitaire en 2020. La reprise post-pand\u00e9mie a acc\u00e9l\u00e9r\u00e9 le mouvement, confortant la r\u00e9gion dans son r\u00f4le de locomotive nationale. Pr\u00e8s de 8\u202f800 <a href=\"https:\/\/itsocial.fr\/contenus\/articles-decideurs\/ia-comment-la-france-peut-transformer-ses-startups-en-moteur-de-competitivite-nationale\/\" target=\"_blank\" rel=\"noopener\">startup<\/a> \u00e9taient implant\u00e9es en \u00cele-de-France en 2022, repr\u00e9sentant une part notable des salari\u00e9s des entreprises de moins de huit ans. Paris concentre plus de la moiti\u00e9 de ces emplois, tandis que les Hauts-de-Seine renforcent leur attractivit\u00e9 aupr\u00e8s des jeunes pousses. Cette concentration g\u00e9ographique s\u2019explique par la densit\u00e9 de l\u2019\u00e9cosyst\u00e8me d\u2019innovation, la proximit\u00e9 des grands \u00e9tablissements d\u2019enseignement sup\u00e9rieur et la pr\u00e9sence de fonds d\u2019investissement sp\u00e9cialis\u00e9s.<\/p>\n<p><strong>Des profils plus qualifi\u00e9s et plus jeunes, des r\u00e9mun\u00e9rations en hausse<\/strong><\/p>\n<p>La croissance du secteur s\u2019est accompagn\u00e9e d\u2019une augmentation de la taille moyenne des entreprises, qui emploient d\u00e9sormais 9,3 salari\u00e9s en \u00e9quivalent temps plein contre 7,3 cinq ans plus t\u00f4t. Les gazelles, ces entreprises \u00e0 forte croissance, ont doubl\u00e9 leurs effectifs sur la p\u00e9riode, tandis que la proportion de cadres et de professions intellectuelles sup\u00e9rieures a progress\u00e9 de fa\u00e7on spectaculaire, passant de 39\u202f% \u00e0 51\u202f% des effectifs. \u00c0 l\u2019inverse, la part des employ\u00e9s et des ouvriers a recul\u00e9, illustrant le positionnement des startup comme vecteurs de mont\u00e9e en qualification et d\u2019attraction de talents \u00e0 forte valeur ajout\u00e9e.<\/p>\n<p>L\u2019\u00e9tude met en \u00e9vidence la sp\u00e9cificit\u00e9 du tissu startup francilien par rapport au reste des jeunes entreprises r\u00e9gionales. Si elles ne repr\u00e9sentent que 2,4\u202f% du nombre total d\u2019entreprises de moins de huit ans, elles concentrent 17\u202f% de l\u2019emploi salari\u00e9. Ce diff\u00e9rentiel tient \u00e0 une structure d\u2019emplois fortement polaris\u00e9e autour des cadres et des ing\u00e9nieurs, qui composent plus de la moiti\u00e9 des effectifs. Le salaire net annuel m\u00e9dian dans les startup atteint 32\u202f700\u202feuros, soit 60\u202f% de plus que dans les autres jeunes entreprises. Ce diff\u00e9rentiel est avant tout li\u00e9 \u00e0 la composition des effectifs, les cadres \u00e9tant surrepr\u00e9sent\u00e9s. \u00c0 cat\u00e9gorie socioprofessionnelle identique, les \u00e9carts de r\u00e9mun\u00e9ration sont moins marqu\u00e9s, hormis pour les dirigeants et fondateurs, souvent mieux r\u00e9mun\u00e9r\u00e9s dans les startup que dans les structures traditionnelles. La moyenne d\u2019\u00e2ge des salari\u00e9s est inf\u00e9rieure \u00e0 celle du reste du tissu productif, avec une f\u00e9minisation l\u00e9g\u00e8rement plus marqu\u00e9e (36\u202f% contre 33\u202f%).<\/p>\n<p><strong>Les activit\u00e9s scientifiques et techniques en t\u00eate<\/strong><\/p>\n<p>Deux secteurs dominent l\u2019emploi dans les startup, l\u2019information et la communication (38\u202f%) et les activit\u00e9s sp\u00e9cialis\u00e9es, scientifiques et techniques (19\u202f%). Cette sp\u00e9cialisation traduit l\u2019ancrage des startup franciliennes dans le num\u00e9rique, la technologie et l\u2019innovation de service, au d\u00e9triment des secteurs traditionnels comme le commerce ou l\u2019h\u00e9bergement-restauration, qui restent majoritaires chez les jeunes entreprises classiques. L\u2019ouverture vers les profils de stagiaires et d\u2019apprentis se confirme, avec un recours accru \u00e0 ces dispositifs dans les entreprises innovantes, ce qui participe \u00e0 la constitution d\u2019un vivier de comp\u00e9tences qualifi\u00e9es pour la fili\u00e8re r\u00e9gionale.<\/p>\n<p><strong>Des dynamiques diff\u00e9renci\u00e9es selon les profils de startup<\/strong><\/p>\n<p>L\u2019\u00e9tude distingue trois profils de startup\u202f: les entreprises innovantes (73\u202f% du total), les gazelles \u00e0 forte croissance et celles ayant r\u00e9alis\u00e9 d\u2019importantes lev\u00e9es de fonds. Les startup innovantes emploient 67\u202f% de cadres et professions intellectuelles sup\u00e9rieures, avec une part d\u2019ing\u00e9nieurs atteignant 44\u202f%. Les gazelles affichent une taille moyenne plus \u00e9lev\u00e9e (43,5 salari\u00e9s), un recours plus fr\u00e9quent aux contrats \u00e0 dur\u00e9e ind\u00e9termin\u00e9e (85\u202f%) et une structure d\u2019emploi davantage tourn\u00e9e vers la production. Les startup ayant lev\u00e9 des fonds, quant \u00e0 elles, repr\u00e9sentent un quart du tissu mais concentrent 17\u202f% des emplois, avec des caract\u00e9ristiques plus h\u00e9t\u00e9rog\u00e8nes li\u00e9es \u00e0 la pr\u00e9valence de holdings et de soci\u00e9t\u00e9s de gestion de fonds. Malgr\u00e9 leur diversit\u00e9, l\u2019ensemble de ces profils participe \u00e0 la mont\u00e9e en gamme du tissu productif francilien, en tirant vers le haut les exigences de qualification et d\u2019innovation.<\/p>\n<p>La dynamique d\u2019emploi b\u00e9n\u00e9ficie d\u2019un effet d\u2019entra\u00eenement. Les cohortes d\u2019entreprises cr\u00e9\u00e9es en 2017, observ\u00e9es sur cinq ans, montrent une multiplication par trois du nombre moyen de salari\u00e9s, qui passe de 3 \u00e0 9,3 sur la p\u00e9riode. Cette acc\u00e9l\u00e9ration concerne d\u2019abord les cadres et professions intellectuelles sup\u00e9rieures, dont la part progresse fortement au d\u00e9triment des emplois d\u2019ex\u00e9cution. Le renouvellement rapide du tissu entrepreneurial contribue ainsi \u00e0 la mont\u00e9e en comp\u00e9tence globale et \u00e0 la modernisation du march\u00e9 du travail r\u00e9gional.<\/p>\n<p><strong>Des d\u00e9fis en mati\u00e8re de financement et de visibilit\u00e9<\/strong><\/p>\n<p>Les entretiens men\u00e9s par la CCI Paris \u00cele-de-France avec des dirigeants de startup confirment l\u2019importance des dispositifs d\u2019accompagnement et des concours d\u2019innovation dans l\u2019acc\u00e8s aux financements. Les entrepreneurs interrog\u00e9s mettent en avant l\u2019effet de levier procur\u00e9 par une premi\u00e8re subvention ou une s\u00e9lection \u00e0 un concours, qui facilite l\u2019entr\u00e9e dans de nouveaux cercles et l\u2019acc\u00e8s \u00e0 des opportunit\u00e9s suppl\u00e9mentaires. Cependant, la lisibilit\u00e9 des dispositifs reste perfectible, de nombreux cr\u00e9ateurs d\u00e9plorant la complexit\u00e9 et la multiplicit\u00e9 des aides existantes.<\/p>\n<p>Les diff\u00e9rences de maturit\u00e9 financi\u00e8re entre les projets software et hardware sont \u00e9galement soulign\u00e9es, les seconds n\u00e9cessitant des fonds plus importants en phase de d\u00e9marrage, et affichant une rentabilit\u00e9 attendue plus lointaine. L\u2019environnement juridique et l\u2019acc\u00e8s aux expertises externes constituent des facteurs diff\u00e9renciants pour s\u00e9curiser le d\u00e9veloppement des startup, qui, dans leur grande majorit\u00e9, privil\u00e9gient un ancrage r\u00e9gional fort, m\u00eame en phase de croissance acc\u00e9l\u00e9r\u00e9e.<\/p>\n<p>La dimension collective et territoriale ressort nettement\u202f, car la plupart des entrepreneurs consid\u00e8rent la connexion \u00e0 l\u2019\u00e9cosyst\u00e8me r\u00e9gional comme un atout strat\u00e9gique. L\u2019ancrage francilien facilite l\u2019acc\u00e8s aux r\u00e9seaux, aux comp\u00e9tences et aux opportunit\u00e9s de march\u00e9, favorisant la r\u00e9tention des talents et la cr\u00e9ation de valeur sur ce territoire.<\/p>\n<p><strong>Structuration du tissu productif et r\u00e9alignement des comp\u00e9tences<\/strong><\/p>\n<p>Le bilan dress\u00e9 par l\u2019\u00e9tude CROCIS t\u00e9moigne de la capacit\u00e9 des startup \u00e0 transformer durablement le tissu \u00e9conomique francilien. Leur contribution \u00e0 la cr\u00e9ation d\u2019emplois qualifi\u00e9s, \u00e0 la diffusion de l\u2019innovation et \u00e0 la modernisation des fili\u00e8res strat\u00e9giques s\u2019av\u00e8re d\u00e9terminante. Les indicateurs de croissance, de qualification et de r\u00e9mun\u00e9ration signalent une \u00e9l\u00e9vation du niveau de comp\u00e9tence et une attractivit\u00e9 renforc\u00e9e de la r\u00e9gion pour les talents, les investisseurs et les porteurs de projet. L\u2019\u00cele-de-France, forte de son \u00e9cosyst\u00e8me, de ses r\u00e9seaux d\u2019accompagnement et de sa capacit\u00e9 d\u2019absorption des innovations, s\u2019impose comme un laboratoire de la transformation productive, au service d\u2019une \u00e9conomie r\u00e9gionale plus dynamique, plus comp\u00e9titive et plus r\u00e9siliente. Les enjeux \u00e0 venir porteront sur la consolidation de cet \u00e9lan, la mont\u00e9e en puissance des dispositifs de soutien, et la capacit\u00e9 \u00e0 attirer et \u00e0 retenir les comp\u00e9tences cl\u00e9s sur le territoire.<\/p>\n<p>Les b\u00e9n\u00e9fices mesurables pour les entreprises, les administrations et les fournisseurs de services r\u00e9sident dans la constitution d\u2019un vivier de talents qualifi\u00e9s, l\u2019\u00e9l\u00e9vation des standards de gestion et d\u2019innovation, et l\u2019ancrage de comp\u00e9tences critiques pour la comp\u00e9titivit\u00e9 r\u00e9gionale. \u00c0 moyen terme, la consolidation du tissu startup contribuera \u00e0 structurer durablement l\u2019\u00e9conomie francilienne autour de l\u2019innovation, du num\u00e9rique et de la valeur ajout\u00e9e.<\/p>\n<p>publicit\u00e9<br \/>\n<a href=\"https:\/\/itsocial.leader.community\/sl\/eset-leaderboard-071125\" target=\"_blank\" rel=\"noopener\">&#13;<br \/>\n<img decoding=\"async\" src=\"https:\/\/www.europesays.com\/fr\/wp-content\/uploads\/2025\/11\/ban-Leaderboard-eset.gif\" alt=\"banni\u00e8re\"\/>&#13;<br \/>\n<\/a>        <\/p>\n","protected":false},"excerpt":{"rendered":"&#13; &#13; L\u2019\u00cele-de-France confirme son statut de premi\u00e8re r\u00e9gion fran\u00e7aise pour l\u2019emploi dans les startup, avec pr\u00e8s de&hellip;\n","protected":false},"author":2,"featured_media":555535,"comment_status":"","ping_status":"","sticky":false,"template":"","format":"standard","meta":{"footnotes":""},"categories":[1592],"tags":[1111,11,67312,341,1777,674,1011,27,662,12532,12,626,25,8322,43254],"class_list":{"0":"post-555534","1":"post","2":"type-post","3":"status-publish","4":"format-standard","5":"has-post-thumbnail","7":"category-ile-de-france","8":"tag-actu","9":"tag-actualites","10":"tag-ecosysteme-numerique","11":"tag-emploi","12":"tag-eu","13":"tag-europe","14":"tag-fr","15":"tag-france","16":"tag-ile-de-france","17":"tag-jeunes-pousses","18":"tag-news","19":"tag-paris","20":"tag-republique-francaise","21":"tag-ressources-humaines","22":"tag-startup"},"share_on_mastodon":{"url":"https:\/\/pubeurope.com\/@fr\/115605132937567608","error":""},"_links":{"self":[{"href":"https:\/\/www.europesays.com\/fr\/wp-json\/wp\/v2\/posts\/555534","targetHints":{"allow":["GET"]}}],"collection":[{"href":"https:\/\/www.europesays.com\/fr\/wp-json\/wp\/v2\/posts"}],"about":[{"href":"https:\/\/www.europesays.com\/fr\/wp-json\/wp\/v2\/types\/post"}],"author":[{"embeddable":true,"href":"https:\/\/www.europesays.com\/fr\/wp-json\/wp\/v2\/users\/2"}],"replies":[{"embeddable":true,"href":"https:\/\/www.europesays.com\/fr\/wp-json\/wp\/v2\/comments?post=555534"}],"version-history":[{"count":0,"href":"https:\/\/www.europesays.com\/fr\/wp-json\/wp\/v2\/posts\/555534\/revisions"}],"wp:featuredmedia":[{"embeddable":true,"href":"https:\/\/www.europesays.com\/fr\/wp-json\/wp\/v2\/media\/555535"}],"wp:attachment":[{"href":"https:\/\/www.europesays.com\/fr\/wp-json\/wp\/v2\/media?parent=555534"}],"wp:term":[{"taxonomy":"category","embeddable":true,"href":"https:\/\/www.europesays.com\/fr\/wp-json\/wp\/v2\/categories?post=555534"},{"taxonomy":"post_tag","embeddable":true,"href":"https:\/\/www.europesays.com\/fr\/wp-json\/wp\/v2\/tags?post=555534"}],"curies":[{"name":"wp","href":"https:\/\/api.w.org\/{rel}","templated":true}]}}