{"id":555538,"date":"2025-11-24T14:26:13","date_gmt":"2025-11-24T14:26:13","guid":{"rendered":"https:\/\/www.europesays.com\/fr\/555538\/"},"modified":"2025-11-24T14:26:13","modified_gmt":"2025-11-24T14:26:13","slug":"un-appareil-de-fitness-de-75-kg-secrase-sur-la-tete-dune-cycliste-a-paris","status":"publish","type":"post","link":"https:\/\/www.europesays.com\/fr\/555538\/","title":{"rendered":"Un appareil de fitness de 7,5 kg s\u2019\u00e9crase sur la t\u00eate d\u2019une cycliste \u00e0 Paris"},"content":{"rendered":"<p class=\"mb-4 text-lg md:leading-8 break-words\"><strong>INVESTIGATIONS &#8211; Une enqu\u00eate pour tentative de meurtre a \u00e9t\u00e9 ouverte et un individu a \u00e9t\u00e9 interpell\u00e9 apr\u00e8s qu\u2019une femme circulant \u00e0 v\u00e9lo \u00e0 Paris ce samedi a \u00e9t\u00e9 gri\u00e8vement bless\u00e9e apr\u00e8s la chute d\u2019un objet qui pourrait \u00eatre tomb\u00e9 de la fen\u00eatre d\u2019un immeuble<\/strong><\/p>\n<p class=\"mb-4 text-lg md:leading-8 break-words\">Une femme \u00e2g\u00e9e de 41 ans qui circulait \u00e0 v\u00e9lo dans le 5e\u00a0arrondissement de <a href=\"https:\/\/www.20minutes.fr\/paris\/?at_medium=RSS%20feed&amp;at_campaign=ynews&amp;utm_source=yahoo&amp;utm_medium=rss&amp;utm_campaign=news_feed&amp;utm_content=in_article_link\" rel=\"nofollow noopener\" target=\"_blank\" data-ylk=\"slk:Paris;elm:context_link;itc:0;sec:content-canvas\" class=\"link \">Paris<\/a> ce samedi soir a \u00e9t\u00e9 gri\u00e8vement bless\u00e9e par la chute d\u2019un objet lourd. Elle a en effet re\u00e7u sur la t\u00eate un appareil de fitness pesant environ 7,5\u00a0kg, lui occasionnant un important traumatisme cr\u00e2nien. Les secours ont pris <a href=\"https:\/\/www.20minutes.fr\/dossier\/cycliste?at_medium=RSS%20feed&amp;at_campaign=ynews&amp;utm_source=yahoo&amp;utm_medium=rss&amp;utm_campaign=news_feed&amp;utm_content=in_article_link\" rel=\"nofollow noopener\" target=\"_blank\" data-ylk=\"slk:la cycliste;elm:context_link;itc:0;sec:content-canvas\" class=\"link \">la cycliste<\/a> en charge m\u00e9dicalement sur place, rapporte <a href=\"https:\/\/www.leparisien.fr\/faits-divers\/paris-une-cycliste-grievement-blessee-a-la-tete-par-un-objet-jete-dun-etage-eleve-23-11-2025-3E6LM2G2RFEIXC462B3C2LBME4.php?at_medium=RSS%20feed&amp;at_campaign=ynews&amp;utm_source=yahoo&amp;utm_medium=rss&amp;utm_campaign=news_feed&amp;utm_content=in_article_link\" rel=\"nofollow noopener\" target=\"_blank\" data-ylk=\"slk:Le Parisien;elm:context_link;itc:0;sec:content-canvas\" class=\"link \">Le Parisien<\/a>. Son pronostic vital \u00e9tait alors engag\u00e9.<\/p>\n<p>Plusieurs pistes explor\u00e9es<\/p>\n<p class=\"mb-4 text-lg md:leading-8 break-words\">La victime a \u00e9t\u00e9 conduite l\u2019h\u00f4pital de la Piti\u00e9-Salp\u00eatri\u00e8re, o\u00f9 elle ne se trouve plus entre la vie et la mort. Une enqu\u00eate pour tentative de meurtre a \u00e9t\u00e9 diligent\u00e9e, a indiqu\u00e9 le parquet de Paris. La th\u00e8se de <a href=\"https:\/\/www.20minutes.fr\/dossier\/accident?at_medium=RSS%20feed&amp;at_campaign=ynews&amp;utm_source=yahoo&amp;utm_medium=rss&amp;utm_campaign=news_feed&amp;utm_content=in_article_link\" rel=\"nofollow noopener\" target=\"_blank\" data-ylk=\"slk:l\u2019accident;elm:context_link;itc:0;sec:content-canvas\" class=\"link \">l\u2019accident<\/a> n\u2019a toutefois pas \u00e9t\u00e9 enti\u00e8rement \u00e9cart\u00e9e dans un premier temps. Le troisi\u00e8me district de police judiciaire (DPJ) de Paris est en charge des investigations.<\/p>\n<p class=\"mb-4 text-lg md:leading-8 break-words\">Une personne a \u00e9t\u00e9 plac\u00e9e en garde \u00e0 vue. Les enqu\u00eateurs, qui poursuivent leur travail, ont pu compter sur les t\u00e9moignages de quatre t\u00e9moins de la sc\u00e8ne. L\u2019un d\u2019eux a dit avoir vu l\u2019appareil tomber de la fen\u00eatre d\u2019un immeuble avant de s\u2019\u00e9craser sur la quadrag\u00e9naire, habitant d\u2019Ivry-sur-Seine (Val-de-Marne). La machine serait une plate-forme vibrante utilis\u00e9e pour muscler le corps.<\/p>\n<p class=\"mb-4 text-lg md:leading-8 break-words\"><a href=\"https:\/\/www.20minutes.fr\/faits_divers\/4187525-20251124-appareil-fitness-7-5-kg-ecrase-tete-cycliste-paris?at_medium=RSS%20feed&amp;at_campaign=ynews&amp;utm_source=yahoo&amp;utm_medium=rss&amp;utm_campaign=news_feed&amp;utm_content=read_more_link&quot;\" rel=\"nofollow noopener\" target=\"_blank\" data-ylk=\"slk:Lire la suite sur 20minutes;elm:context_link;itc:0;sec:content-canvas\" class=\"link \">Lire la suite sur 20minutes<\/a><\/p>\n<p>\u00c0 lire aussi :<br \/><a href=\"https:\/\/www.20minutes.fr\/faits_divers\/4173446-20250916-paris-lampadaire-decroche-immeuble-tombe-tete-passant?at_medium=RSS%20feed&amp;at_campaign=ynews&amp;utm_source=yahoo&amp;utm_medium=rss&amp;utm_campaign=news_feed&amp;utm_content=related_content_link\" rel=\"nofollow noopener\" target=\"_blank\" data-ylk=\"slk:Paris\u00a0: Un lampadaire se d\u00e9croche d\u2019un immeuble et tombe sur la t\u00eate d\u2019un passant;elm:context_link;itc:0;sec:content-canvas\" class=\"link \">Paris\u00a0: Un lampadaire se d\u00e9croche d\u2019un immeuble et tombe sur la t\u00eate d\u2019un passant<\/a><br \/><a href=\"https:\/\/www.20minutes.fr\/faits_divers\/faits-divers-rennes\/4186253-20251118-rennes-homme-fait-chuter-cycliste-avant-tenter-violer?at_medium=RSS%20feed&amp;at_campaign=ynews&amp;utm_source=yahoo&amp;utm_medium=rss&amp;utm_campaign=news_feed&amp;utm_content=related_content_link\" rel=\"nofollow noopener\" target=\"_blank\" data-ylk=\"slk:Rennes\u00a0: Un homme fait chuter une cycliste avant de tenter de la violer;elm:context_link;itc:0;sec:content-canvas\" class=\"link \">Rennes\u00a0: Un homme fait chuter une cycliste avant de tenter de la violer<\/a><\/p>\n","protected":false},"excerpt":{"rendered":"INVESTIGATIONS &#8211; Une enqu\u00eate pour tentative de meurtre a \u00e9t\u00e9 ouverte et un individu a \u00e9t\u00e9 interpell\u00e9 apr\u00e8s&hellip;\n","protected":false},"author":2,"featured_media":555539,"comment_status":"","ping_status":"","sticky":false,"template":"","format":"standard","meta":{"footnotes":""},"categories":[1888],"tags":[1111,1928,11,1927,67315,67314,1777,674,1011,27,67313,12,1926,626,1925,25,5118],"class_list":{"0":"post-555538","1":"post","2":"type-post","3":"status-publish","4":"format-standard","5":"has-post-thumbnail","7":"category-paris","8":"tag-actu","9":"tag-actu-paris","10":"tag-actualites","11":"tag-actualites-paris","12":"tag-appareil-de-fitness","13":"tag-entre-la-vie-et-la-mort","14":"tag-eu","15":"tag-europe","16":"tag-fr","17":"tag-france","18":"tag-la-fenetre","19":"tag-news","20":"tag-news-paris","21":"tag-paris","22":"tag-paris-news","23":"tag-republique-francaise","24":"tag-tentative-de-meurtre"},"share_on_mastodon":{"url":"https:\/\/pubeurope.com\/@fr\/115605142798166821","error":""},"_links":{"self":[{"href":"https:\/\/www.europesays.com\/fr\/wp-json\/wp\/v2\/posts\/555538","targetHints":{"allow":["GET"]}}],"collection":[{"href":"https:\/\/www.europesays.com\/fr\/wp-json\/wp\/v2\/posts"}],"about":[{"href":"https:\/\/www.europesays.com\/fr\/wp-json\/wp\/v2\/types\/post"}],"author":[{"embeddable":true,"href":"https:\/\/www.europesays.com\/fr\/wp-json\/wp\/v2\/users\/2"}],"replies":[{"embeddable":true,"href":"https:\/\/www.europesays.com\/fr\/wp-json\/wp\/v2\/comments?post=555538"}],"version-history":[{"count":0,"href":"https:\/\/www.europesays.com\/fr\/wp-json\/wp\/v2\/posts\/555538\/revisions"}],"wp:featuredmedia":[{"embeddable":true,"href":"https:\/\/www.europesays.com\/fr\/wp-json\/wp\/v2\/media\/555539"}],"wp:attachment":[{"href":"https:\/\/www.europesays.com\/fr\/wp-json\/wp\/v2\/media?parent=555538"}],"wp:term":[{"taxonomy":"category","embeddable":true,"href":"https:\/\/www.europesays.com\/fr\/wp-json\/wp\/v2\/categories?post=555538"},{"taxonomy":"post_tag","embeddable":true,"href":"https:\/\/www.europesays.com\/fr\/wp-json\/wp\/v2\/tags?post=555538"}],"curies":[{"name":"wp","href":"https:\/\/api.w.org\/{rel}","templated":true}]}}