{"id":555546,"date":"2025-11-24T14:30:21","date_gmt":"2025-11-24T14:30:21","guid":{"rendered":"https:\/\/www.europesays.com\/fr\/555546\/"},"modified":"2025-11-24T14:30:21","modified_gmt":"2025-11-24T14:30:21","slug":"la-presidente-de-la-commission-europeenne-souligne-la-souverainete-de-kiev-en-matiere-de-decisions-militaires","status":"publish","type":"post","link":"https:\/\/www.europesays.com\/fr\/555546\/","title":{"rendered":"La pr\u00e9sidente de la Commission europ\u00e9enne souligne la souverainet\u00e9 de Kiev en mati\u00e8re de d\u00e9cisions militaires"},"content":{"rendered":"<p>AA \/ Istanbul \/ Ilayda Cakirtekin<\/p>\n<p>La pr\u00e9sidente de la Commission europ\u00e9enne, Ursula von der Leyen, a soulign\u00e9 lundi que l&rsquo;Ukraine devait prendre ses propres d\u00e9cisions concernant ses forces arm\u00e9es et a appel\u00e9 au respect de sa souverainet\u00e9.<\/p>\n<p>\u00ab Le territoire et la souverainet\u00e9 de l&rsquo;Ukraine doivent \u00eatre respect\u00e9s. Seule l&rsquo;Ukraine, en tant que pays souverain, peut prendre des d\u00e9cisions concernant ses forces arm\u00e9es, le choix de leur destin est entre leurs mains \u00bb, a d\u00e9clar\u00e9 Von der Leyen lors d&rsquo;une conf\u00e9rence de presse conjointe avec le pr\u00e9sident du Conseil europ\u00e9en, Antonio Costa.<\/p>\n<p>Apr\u00e8s une r\u00e9union informelle \u00e0 Angola avec les dirigeants europ\u00e9ens pour discuter de l&rsquo;Ukraine et de la proposition de paix r\u00e9cemment annonc\u00e9e par les \u00c9tats-Unis, elle a r\u00e9affirm\u00e9 qu&rsquo;il existait une \u00ab base solide \u00bb pour aller de l&rsquo;avant.<\/p>\n<p>\u00ab Nous devons rester unis et continuer \u00e0 placer les int\u00e9r\u00eats de l&rsquo;Ukraine au centre de nos efforts ; il en va de la s\u00e9curit\u00e9 de tout notre continent, aujourd&rsquo;hui et \u00e0 l&rsquo;avenir \u00bb, a soulign\u00e9 Von der Leyen.<\/p>\n<p>Elle a \u00e9galement annonc\u00e9 qu&rsquo;ils poursuivraient leurs discussions mardi avec les partenaires de la \u00ab Coalition des volontaires \u00bb.<\/p>\n<p>\u00ab Il est \u00e9galement clair que les questions qui concernent directement l&rsquo;Union europ\u00e9enne, telles que l&rsquo;\u00e9largissement des sanctions ou le gel des avoirs, n\u00e9cessitent la pleine implication et la d\u00e9cision de l&rsquo;Union europ\u00e9enne en tant qu&rsquo;union \u00bb, a d\u00e9clar\u00e9 le pr\u00e9sident du Conseil europ\u00e9en Costa.<\/p>\n<p>Il a \u00e9galement soulign\u00e9 l&rsquo;orientation \u00ab positive \u00bb des discussions et s&rsquo;est d\u00e9clar\u00e9 pr\u00eat \u00e0 soutenir le processus en \u00e9troite coordination avec l&rsquo;Ukraine, les \u00c9tats-Unis et l&rsquo;OTAN.<\/p>\n<p>De hauts responsables am\u00e9ricains, ukrainiens et europ\u00e9ens se sont r\u00e9unis dimanche \u00e0 Gen\u00e8ve pour discuter d&rsquo;une proposition en 28 points visant \u00e0 faire avancer les efforts de paix en Ukraine.<\/p>\n<p>Le secr\u00e9taire d&rsquo;\u00c9tat am\u00e9ricain Marco Rubio et l&rsquo;envoy\u00e9 du pr\u00e9sident Trump, Steve Witkoff, ont dirig\u00e9 la d\u00e9l\u00e9gation am\u00e9ricaine, tandis que le chef de cabinet du pr\u00e9sident, Andriy Yermak, repr\u00e9sentait l&rsquo;Ukraine. Les conseillers \u00e0 la s\u00e9curit\u00e9 nationale du Royaume-Uni, de la France et de l&rsquo;Allemagne ont \u00e9galement tenu des discussions s\u00e9par\u00e9es \u00e0 Gen\u00e8ve.<\/p>\n<p>La proposition en 28 points aurait exig\u00e9 de l&rsquo;Ukraine qu&rsquo;elle c\u00e8de des territoires suppl\u00e9mentaires \u00e0 la Russie, qu&rsquo;elle limite la taille de son arm\u00e9e et qu&rsquo;elle renonce officiellement \u00e0 sa candidature \u00e0 l&rsquo;OTAN.<\/p>\n<p>* Traduit de l&rsquo;anglais par Mariem Njeh<\/p>\n<p>                            &#13;<br \/>\n                                <a href=\"https:\/\/www.aa.com.tr\/fr\/p\/abonnement\/1001\" target=\"_blank\" style=\"font-size:12px; color:#444; text-decoration:none;\" rel=\"noopener\">&#13;<br \/>\n                                    Seulement une partie des d\u00e9p\u00eaches, que l&rsquo;Agence Anadolu diffuse \u00e0 ses abonn\u00e9s via le Syst\u00e8me de Diffusion interne (HAS), est diffus\u00e9e sur le site de l&rsquo;AA, de mani\u00e8re r\u00e9sum\u00e9e. <b style=\"color:#1897F7\">Contactez-nous s&rsquo;il vous pla\u00eet pour vous abonner.<\/b>&#13;<br \/>\n                                <\/a>&#13;<\/p>\n","protected":false},"excerpt":{"rendered":"AA \/ Istanbul \/ Ilayda Cakirtekin La pr\u00e9sidente de la Commission europ\u00e9enne, Ursula von der Leyen, a soulign\u00e9&hellip;\n","protected":false},"author":2,"featured_media":555547,"comment_status":"","ping_status":"","sticky":false,"template":"","format":"standard","meta":{"footnotes":""},"categories":[1590],"tags":[11,1785,1777,674,13264,12,67316,220],"class_list":{"0":"post-555546","1":"post","2":"type-post","3":"status-publish","4":"format-standard","5":"has-post-thumbnail","7":"category-ukraine","8":"tag-actualites","9":"tag-anadolu-ajansi","10":"tag-eu","11":"tag-europe","12":"tag-militaires","13":"tag-news","14":"tag-ue-union-europenne","15":"tag-ukraine"},"share_on_mastodon":{"url":"https:\/\/pubeurope.com\/@fr\/115605158251316687","error":""},"_links":{"self":[{"href":"https:\/\/www.europesays.com\/fr\/wp-json\/wp\/v2\/posts\/555546","targetHints":{"allow":["GET"]}}],"collection":[{"href":"https:\/\/www.europesays.com\/fr\/wp-json\/wp\/v2\/posts"}],"about":[{"href":"https:\/\/www.europesays.com\/fr\/wp-json\/wp\/v2\/types\/post"}],"author":[{"embeddable":true,"href":"https:\/\/www.europesays.com\/fr\/wp-json\/wp\/v2\/users\/2"}],"replies":[{"embeddable":true,"href":"https:\/\/www.europesays.com\/fr\/wp-json\/wp\/v2\/comments?post=555546"}],"version-history":[{"count":0,"href":"https:\/\/www.europesays.com\/fr\/wp-json\/wp\/v2\/posts\/555546\/revisions"}],"wp:featuredmedia":[{"embeddable":true,"href":"https:\/\/www.europesays.com\/fr\/wp-json\/wp\/v2\/media\/555547"}],"wp:attachment":[{"href":"https:\/\/www.europesays.com\/fr\/wp-json\/wp\/v2\/media?parent=555546"}],"wp:term":[{"taxonomy":"category","embeddable":true,"href":"https:\/\/www.europesays.com\/fr\/wp-json\/wp\/v2\/categories?post=555546"},{"taxonomy":"post_tag","embeddable":true,"href":"https:\/\/www.europesays.com\/fr\/wp-json\/wp\/v2\/tags?post=555546"}],"curies":[{"name":"wp","href":"https:\/\/api.w.org\/{rel}","templated":true}]}}