{"id":55555,"date":"2025-04-26T23:50:17","date_gmt":"2025-04-26T23:50:17","guid":{"rendered":"https:\/\/www.europesays.com\/fr\/55555\/"},"modified":"2025-04-26T23:50:17","modified_gmt":"2025-04-26T23:50:17","slug":"accroche-a-rodez-le-paris-fc-laisse-filer-deux-points","status":"publish","type":"post","link":"https:\/\/www.europesays.com\/fr\/55555\/","title":{"rendered":"accroch\u00e9 \u00e0 Rodez, le Paris FC laisse filer deux points"},"content":{"rendered":"<p>Le Paris FC manque l\u2019occasion de prendre provisoirement la t\u00eate de la Ligue 2, \u00e0 deux journ\u00e9es de la fin, en conc\u00e9dant le nul (1-1) sur la pelouse de Rodez ,avant le match opposant Lorient \u00e0 Caen, samedi soir, en cl\u00f4ture de la 32e journ\u00e9e.<\/p>\n<p class=\"fig-paragraph\"><a href=\"http:\/\/www.lefigaro.fr\/sports\/football\/ligue-2-course-pour-la-ligue-1-galaxie-red-bull-famille-arnault-quand-l-engouement-gagne-le-paris-fc-20250331\" data-fig-type=\"Article\" data-gtm-custom-categorie=\"navigation\" data-gtm-custom-action=\"crossclick\" data-gtm-custom-label=\"Contextuel\" data-gtm-event=\"customEventSPE\" data-fig-domain=\"LEFIGARO\" target=\"_blank\" rel=\"noopener\">Le PFC<\/a>\u00a0manque l&rsquo;occasion de mettre la pression sur Lorient et de prendre provisoirement la t\u00eate du championnat, et laisse la possibilit\u00e9 \u00e0 Metz de revenir \u00e0 seulement une longueur en cas de victoire sur le terrain de Pau samedi soir. Apr\u00e8s ce match nul, les Franciliens comptent d\u00e9sormais 65 points, \u00e0 \u00e9galit\u00e9 avec les Lorientais, qui b\u00e9n\u00e9ficient d&rsquo;une meilleure diff\u00e9rence de buts et auront l&rsquo;occasion de prendre trois longueurs d&rsquo;avance en cas de victoire face \u00e0 Caen, lanterne rouge et d\u00e9j\u00e0 condamn\u00e9 \u00e0 la rel\u00e9gation.<\/p>\n<p class=\"fig-paragraph\">Le club rachet\u00e9 par la famille Arnault et Red Bull garde toutefois son destin entre ses mains pour la mont\u00e9e en Ligue 1, en se d\u00e9pla\u00e7ant sur la pelouse de Martigues (16e) et en recevant Ajaccio (13e) lors des deux derni\u00e8res journ\u00e9es de L2. Malgr\u00e9 une ouverture du score en premi\u00e8re p\u00e9riode (36e) par Vincent Marchetti, auteur d&rsquo;une frappe lointaine d\u00e9vi\u00e9e terminant en pleine lucarne, les Parisiens, trop s\u00fbrs d&rsquo;eux, se sont fait surprendre par Tawfik Bentayeb (78e), qui permet \u00e0 son \u00e9quipe de d\u00e9crocher un point qui assure quasiment leur maintien.<\/p>\n<p class=\"fig-paragraph\">Une fin de match d&rsquo;autant plus compliqu\u00e9e pour le PFC, qui a vu l&rsquo;attaquant Julien Lopez se faire expulser apr\u00e8s avoir \u00e9cop\u00e9 d&rsquo;un deuxi\u00e8me avertissement, synonyme de carton rouge. Largement dominateur en seconde p\u00e9riode, le RAF a manqu\u00e9 la possibilit\u00e9 de remporter le match et d&rsquo;assurer math\u00e9matiquement son maintien en Ligue 2.<\/p>\n","protected":false},"excerpt":{"rendered":"Le Paris FC manque l\u2019occasion de prendre provisoirement la t\u00eate de la Ligue 2, \u00e0 deux journ\u00e9es de&hellip;\n","protected":false},"author":2,"featured_media":55556,"comment_status":"","ping_status":"","sticky":false,"template":"","format":"standard","meta":{"footnotes":""},"categories":[1888],"tags":[1111,1928,11,1927,454,69,448,83,451,64,1777,450,449,674,1011,27,452,453,66,446,447,12,1926,626,445,1925,70,25,455],"class_list":{"0":"post-55555","1":"post","2":"type-post","3":"status-publish","4":"format-standard","5":"has-post-thumbnail","7":"category-paris","8":"tag-actu","9":"tag-actu-paris","10":"tag-actualites","11":"tag-actualites-paris","12":"tag-ballon-dor","13":"tag-bundesliga","14":"tag-champions-league","15":"tag-coupe-de-france","16":"tag-coupe-du-monde","17":"tag-equipe-de-france","18":"tag-eu","19":"tag-euro","20":"tag-europa-league","21":"tag-europe","22":"tag-fr","23":"tag-france","24":"tag-italie","25":"tag-liga","26":"tag-ligue-1","27":"tag-ligue-2","28":"tag-ligue-des-champions","29":"tag-news","30":"tag-news-paris","31":"tag-paris","32":"tag-paris-fc","33":"tag-paris-news","34":"tag-premier-league","35":"tag-republique-francaise","36":"tag-uefa"},"share_on_mastodon":{"url":"https:\/\/pubeurope.com\/@fr\/114406950420173401","error":""},"_links":{"self":[{"href":"https:\/\/www.europesays.com\/fr\/wp-json\/wp\/v2\/posts\/55555","targetHints":{"allow":["GET"]}}],"collection":[{"href":"https:\/\/www.europesays.com\/fr\/wp-json\/wp\/v2\/posts"}],"about":[{"href":"https:\/\/www.europesays.com\/fr\/wp-json\/wp\/v2\/types\/post"}],"author":[{"embeddable":true,"href":"https:\/\/www.europesays.com\/fr\/wp-json\/wp\/v2\/users\/2"}],"replies":[{"embeddable":true,"href":"https:\/\/www.europesays.com\/fr\/wp-json\/wp\/v2\/comments?post=55555"}],"version-history":[{"count":0,"href":"https:\/\/www.europesays.com\/fr\/wp-json\/wp\/v2\/posts\/55555\/revisions"}],"wp:featuredmedia":[{"embeddable":true,"href":"https:\/\/www.europesays.com\/fr\/wp-json\/wp\/v2\/media\/55556"}],"wp:attachment":[{"href":"https:\/\/www.europesays.com\/fr\/wp-json\/wp\/v2\/media?parent=55555"}],"wp:term":[{"taxonomy":"category","embeddable":true,"href":"https:\/\/www.europesays.com\/fr\/wp-json\/wp\/v2\/categories?post=55555"},{"taxonomy":"post_tag","embeddable":true,"href":"https:\/\/www.europesays.com\/fr\/wp-json\/wp\/v2\/tags?post=55555"}],"curies":[{"name":"wp","href":"https:\/\/api.w.org\/{rel}","templated":true}]}}