{"id":555550,"date":"2025-11-24T14:32:14","date_gmt":"2025-11-24T14:32:14","guid":{"rendered":"https:\/\/www.europesays.com\/fr\/555550\/"},"modified":"2025-11-24T14:32:14","modified_gmt":"2025-11-24T14:32:14","slug":"lambassadeur-du-maroc-au-royaume-uni-elu-vice-president-de-la-34e-session-de-lassemblee","status":"publish","type":"post","link":"https:\/\/www.europesays.com\/fr\/555550\/","title":{"rendered":"L&rsquo;ambassadeur du Maroc au Royaume-Uni \u00e9lu vice-pr\u00e9sident de la 34\u00e8 session de l&rsquo;Assembl\u00e9e"},"content":{"rendered":"<p>L\u2019ambassadeur du Maroc au Royaume-Uni, Hakim Hajoui, a \u00e9t\u00e9 \u00e9lu premier vice-pr\u00e9sident de la 34eme session de l\u2019assembl\u00e9e de l\u2019Organisation maritime internationale (OMI), qui s\u2019est ouverte lundi au si\u00e8ge de l\u2019organisation onusienne \u00e0 Londres. Le diplomate accompagnera les travaux de l\u2019Assembl\u00e9e et contribuera \u00e0 la conduite de ses d\u00e9lib\u00e9rations pour la p\u00e9riode 2026-2027.<\/p>\n<p>Organe directeur supr\u00eame de l\u2019OMI, l\u2019Assembl\u00e9e est charg\u00e9e d\u2019approuver le programme de travail et le budget, de d\u00e9terminer les dispositions financi\u00e8res ainsi que d\u2019\u00e9lire le Conseil de l\u2019OMI. Elle r\u00e9unit l\u2019ensemble des \u00c9tats membres et se tient tous les deux ans.<\/p>\n<p>Le Royaume est \u00e9galement repr\u00e9sent\u00e9 \u00e0 ce rendez-vous mondial de haut niveau, consacr\u00e9 \u00e0 l\u2019examen des perspectives d\u2019avenir du secteur maritime, par une forte d\u00e9l\u00e9gation, conduite par le ministre du Transport et de la Logistique, Abdessamad Kayouh.<\/p>\n<p>Lors de cette session, les repr\u00e9sentants des \u00c9tats membres se pencheront sur les grandes orientations encadrant l\u2019action de l\u2019Organisation au cours des prochaines ann\u00e9es, sur fond de mutations technologiques et d\u2019enjeux majeurs inh\u00e9rents \u00e0 ce secteur n\u00e9vralgique de l\u2019\u00e9conomie mondiale.<\/p>\n<p>Les participants examineront les priorit\u00e9s strat\u00e9giques du secteur, adopteront des r\u00e9solutions structurantes et proc\u00e9deront \u00e0 l\u2019\u00e9lection du nouveau Conseil de l\u2019OMI, organe ex\u00e9cutif charg\u00e9 de superviser les travaux de l\u2019Organisation, auquel le Maroc est candidat dans la cat\u00e9gorie C. Un texte consolid\u00e9 de la Convention sur l\u2019OMI sera soumis \u00e0 l\u2019examen de l\u2019Assembl\u00e9e, aux c\u00f4t\u00e9s de propositions portant sur la r\u00e9vision du r\u00e8glement int\u00e9rieur et sur l\u2019encadrement des relations avec les organisations non gouvernementales partenaires.<\/p>\n<p>Les \u00c9tats membres devront, par ailleurs, se prononcer sur l\u2019utilisation progressive de l\u2019arabe comme langue de travail de l\u2019Organisation, une mesure visant \u00e0 renforcer la diversit\u00e9 linguistique au sein de cette institution onusienne sp\u00e9cialis\u00e9e. L\u2019Assembl\u00e9e planchera, de m\u00eame, sur le plan strat\u00e9gique r\u00e9vis\u00e9 2024-2029, qui fixe les priorit\u00e9s de l\u2019Organisation en mati\u00e8re de s\u00e9curit\u00e9 maritime, de protection de l\u2019environnement marin, d\u2019innovation technologique et de d\u00e9veloppement des capacit\u00e9s des \u00c9tats membres.<\/p>\n<p>Les repr\u00e9sentants des \u00c9tats s\u2019att\u00e8leront, en outre, sur le budget et le programme de travail pour 2026-2027, des documents essentiels pour d\u00e9terminer les moyens allou\u00e9s \u00e0 l\u2019OMI dans un contexte de transition \u00e9nerg\u00e9tique et de digitalisation des cha\u00eenes logistiques mondiales.<\/p>\n<p>La d\u00e9l\u00e9gation marocaine lors de ce rendez-vous mondial est compos\u00e9e de hauts responsables du minist\u00e8re du Transport et de la Logistique, du minist\u00e8re de l\u2019\u00c9quipement et de l\u2019Eau, du Secr\u00e9tariat d\u2019\u00c9tat charg\u00e9 de la P\u00eache Maritime, l\u2019Agence nationale des ports et l\u2019autorit\u00e9 portuaire de Tanger Med.<\/p>\n","protected":false},"excerpt":{"rendered":"L\u2019ambassadeur du Maroc au Royaume-Uni, Hakim Hajoui, a \u00e9t\u00e9 \u00e9lu premier vice-pr\u00e9sident de la 34eme session de l\u2019assembl\u00e9e&hellip;\n","protected":false},"author":2,"featured_media":555551,"comment_status":"","ping_status":"","sticky":false,"template":"","format":"standard","meta":{"footnotes":""},"categories":[1588],"tags":[15201,11,15205,1777,674,4662,15202,15204,2223,12,15203,473,1853,1851,1850,1852],"class_list":{"0":"post-555550","1":"post","2":"type-post","3":"status-publish","4":"format-standard","5":"has-post-thumbnail","7":"category-royaume-uni","8":"tag-actualite-maroc","9":"tag-actualites","10":"tag-akhbar","11":"tag-eu","12":"tag-europe","13":"tag-journal","14":"tag-journal-maroc","15":"tag-lavieeco","16":"tag-maroc","17":"tag-news","18":"tag-press-maroc","19":"tag-royaume-uni","20":"tag-royaume-uni-de-grande-bretagne-et-dirlande-du-nord","21":"tag-uk","22":"tag-united-kingdom","23":"tag-united-kingdom-of-great-britain-and-northern-ireland"},"share_on_mastodon":{"url":"https:\/\/pubeurope.com\/@fr\/115605166158281566","error":""},"_links":{"self":[{"href":"https:\/\/www.europesays.com\/fr\/wp-json\/wp\/v2\/posts\/555550","targetHints":{"allow":["GET"]}}],"collection":[{"href":"https:\/\/www.europesays.com\/fr\/wp-json\/wp\/v2\/posts"}],"about":[{"href":"https:\/\/www.europesays.com\/fr\/wp-json\/wp\/v2\/types\/post"}],"author":[{"embeddable":true,"href":"https:\/\/www.europesays.com\/fr\/wp-json\/wp\/v2\/users\/2"}],"replies":[{"embeddable":true,"href":"https:\/\/www.europesays.com\/fr\/wp-json\/wp\/v2\/comments?post=555550"}],"version-history":[{"count":0,"href":"https:\/\/www.europesays.com\/fr\/wp-json\/wp\/v2\/posts\/555550\/revisions"}],"wp:featuredmedia":[{"embeddable":true,"href":"https:\/\/www.europesays.com\/fr\/wp-json\/wp\/v2\/media\/555551"}],"wp:attachment":[{"href":"https:\/\/www.europesays.com\/fr\/wp-json\/wp\/v2\/media?parent=555550"}],"wp:term":[{"taxonomy":"category","embeddable":true,"href":"https:\/\/www.europesays.com\/fr\/wp-json\/wp\/v2\/categories?post=555550"},{"taxonomy":"post_tag","embeddable":true,"href":"https:\/\/www.europesays.com\/fr\/wp-json\/wp\/v2\/tags?post=555550"}],"curies":[{"name":"wp","href":"https:\/\/api.w.org\/{rel}","templated":true}]}}