{"id":555552,"date":"2025-11-24T14:33:15","date_gmt":"2025-11-24T14:33:15","guid":{"rendered":"https:\/\/www.europesays.com\/fr\/555552\/"},"modified":"2025-11-24T14:33:15","modified_gmt":"2025-11-24T14:33:15","slug":"un-mort-dans-un-accident-en-foret-noire","status":"publish","type":"post","link":"https:\/\/www.europesays.com\/fr\/555552\/","title":{"rendered":"un mort dans un accident en For\u00eat Noire"},"content":{"rendered":"<p>Selon toute vraisemblance, le verglas est \u00e0 l&rsquo;origine d&rsquo;un accident mortel survenu t\u00f4t ce lundi matin sur l&rsquo;autoroute A81 entre Tuttlingen et Geisingen, sur le versant est de la For\u00eat Noire. Selon la police, un automobiliste a gliss\u00e9 alors qu&rsquo;il circulait sur un pont verglac\u00e9 puis percut\u00e9 de plein fouet une autre voiture.<\/p>\n<p>La police indique qu&rsquo;une personne a \u00e9t\u00e9 tu\u00e9e dans cet accident.\u00a0Il s&rsquo;agit d&rsquo;un homme de 68 ans. Cet accident, une collision, a \u00e9galement fait un bless\u00e9 grave, un homme de 61 ans, \u00e9vacu\u00e9 par h\u00e9licopt\u00e8re vers un h\u00f4pital du secteur.\u00a0 L&rsquo;A81 a \u00e9t\u00e9 ferm\u00e9e et devait le rester une bonne partie de la journ\u00e9e.<\/p>\n<p>Par ailleurs, un autre accident grave s&rsquo;est produit dans le nord de la For\u00eat Noire, dans la r\u00e9gion de Freudenstadt, sur une route secondaire. L\u00e0, un automobiliste a \u00e9t\u00e9 gri\u00e8vement bless\u00e9 et transport\u00e9 par h\u00e9licopt\u00e8re \u00e0 l&rsquo;h\u00f4pital.<\/p>\n<p>Les services m\u00e9t\u00e9orologiques allemands avaient \u00e9mis d\u00e8s samedi soir une alerte aux pluies verglacantes. Outre cet accident mortel, la police parle d&rsquo;une cinquantaine d&rsquo;accidents mat\u00e9riels, essentiellement dans la r\u00e9gion de Constance.<\/p>\n","protected":false},"excerpt":{"rendered":"Selon toute vraisemblance, le verglas est \u00e0 l&rsquo;origine d&rsquo;un accident mortel survenu t\u00f4t ce lundi matin sur l&rsquo;autoroute&hellip;\n","protected":false},"author":2,"featured_media":555553,"comment_status":"","ping_status":"","sticky":false,"template":"","format":"standard","meta":{"footnotes":""},"categories":[1587],"tags":[119,11,672,1804,1805,1803,1777,674,107,329,1801,12,1802,1806],"class_list":{"0":"post-555552","1":"post","2":"type-post","3":"status-publish","4":"format-standard","5":"has-post-thumbnail","7":"category-allemagne","8":"tag-accident","9":"tag-actualites","10":"tag-allemagne","11":"tag-bundesrepublik-deutschland","12":"tag-de","13":"tag-deutschland","14":"tag-eu","15":"tag-europe","16":"tag-fil-info","17":"tag-france-monde","18":"tag-germany","19":"tag-news","20":"tag-republique-federale-dallemagne","21":"tag-rheinblick"},"share_on_mastodon":{"url":"https:\/\/pubeurope.com\/@fr\/115605170217378736","error":""},"_links":{"self":[{"href":"https:\/\/www.europesays.com\/fr\/wp-json\/wp\/v2\/posts\/555552","targetHints":{"allow":["GET"]}}],"collection":[{"href":"https:\/\/www.europesays.com\/fr\/wp-json\/wp\/v2\/posts"}],"about":[{"href":"https:\/\/www.europesays.com\/fr\/wp-json\/wp\/v2\/types\/post"}],"author":[{"embeddable":true,"href":"https:\/\/www.europesays.com\/fr\/wp-json\/wp\/v2\/users\/2"}],"replies":[{"embeddable":true,"href":"https:\/\/www.europesays.com\/fr\/wp-json\/wp\/v2\/comments?post=555552"}],"version-history":[{"count":0,"href":"https:\/\/www.europesays.com\/fr\/wp-json\/wp\/v2\/posts\/555552\/revisions"}],"wp:featuredmedia":[{"embeddable":true,"href":"https:\/\/www.europesays.com\/fr\/wp-json\/wp\/v2\/media\/555553"}],"wp:attachment":[{"href":"https:\/\/www.europesays.com\/fr\/wp-json\/wp\/v2\/media?parent=555552"}],"wp:term":[{"taxonomy":"category","embeddable":true,"href":"https:\/\/www.europesays.com\/fr\/wp-json\/wp\/v2\/categories?post=555552"},{"taxonomy":"post_tag","embeddable":true,"href":"https:\/\/www.europesays.com\/fr\/wp-json\/wp\/v2\/tags?post=555552"}],"curies":[{"name":"wp","href":"https:\/\/api.w.org\/{rel}","templated":true}]}}