{"id":555558,"date":"2025-11-24T14:36:22","date_gmt":"2025-11-24T14:36:22","guid":{"rendered":"https:\/\/www.europesays.com\/fr\/555558\/"},"modified":"2025-11-24T14:36:22","modified_gmt":"2025-11-24T14:36:22","slug":"apres-la-mort-de-mehdi-kessaci-la-triple-radicalisation-des-quartiers-pointee-par-philippe-pujol","status":"publish","type":"post","link":"https:\/\/www.europesays.com\/fr\/555558\/","title":{"rendered":"apr\u00e8s la mort de Mehdi Kessaci, la \u00ab\u00a0triple radicalisation\u00a0\u00bb des quartiers point\u00e9e par Philippe Pujol"},"content":{"rendered":"<p class=\"article__intro\">Auteur d&rsquo;une tribune dans Lib\u00e9ration, le journaliste Philippe Pujol, prix Albert Londres, mart\u00e8le plus fort que jamais, apr\u00e8s la mort de Mehdi Kessaci, que le point de d\u00e9part du narcotrafic est \u00ab\u00a0l&rsquo;injustice sociale\u00a0\u00bb assortie d&rsquo;un sentiment d&rsquo;abandon.<\/p>\n<p>\n      La Quotidienne Soci\u00e9t\u00e9\n    <\/p>\n<p>\n      De la vie quotidienne aux grands enjeux, recevez tous les jours les sujets qui font la soci\u00e9t\u00e9 locale, comme la justice, l\u2019\u00e9ducation, la sant\u00e9 et la famille.\n    <\/p>\n<p>    France T\u00e9l\u00e9visions utilise votre adresse e-mail afin de vous envoyer la newsletter \u00ab\u00a0La Quotidienne Soci\u00e9t\u00e9\u00a0\u00bb. Vous pouvez vous d\u00e9sinscrire \u00e0 tout moment via le lien en bas de cette newsletter. <a target=\"_blank\" href=\"https:\/\/www.francetelevisions.fr\/groupe\/confidentialite\/politique-de-confidentialite\/politique-de-confidentialite-de-france-televisions-6503\" rel=\"noopener\">Notre politique de confidentialit\u00e9<\/a><\/p>\n<p>Il ne pouvait pas rester silencieux apr\u00e8s la mort de Mehdi Kessaci, d&rsquo;autant qu&rsquo;Amine, le fr\u00e8re de la victime<a href=\"https:\/\/france3-regions.franceinfo.fr\/provence-alpes-cote-d-azur\/bouches-du-rhone\/marseille\/recit-aux-obseques-de-medhi-kessaci-c-est-invivable-les-marseillais-entre-douleur-et-sideration-3251689.html\" target=\"_blank\" rel=\"noopener noreferrer nofollow\" data-tooltip-url=\"https:\/\/france3-regions.franceinfo.fr\/provence-alpes-cote-d-azur\/bouches-du-rhone\/marseille\/recit-aux-obseques-de-medhi-kessaci-c-est-invivable-les-marseillais-entre-douleur-et-sideration-3251689.html\"> tomb\u00e9e sous les balles des narcotrafiquants<\/a>, est un ami. Le <a href=\"https:\/\/france3-regions.franceinfo.fr\/provence-alpes-cote-d-azur\/2014\/05\/13\/le-journaliste-m-475847.html\" target=\"_blank\" rel=\"noopener noreferrer nofollow\" data-tooltip-url=\"https:\/\/france3-regions.franceinfo.fr\/provence-alpes-cote-d-azur\/2014\/05\/13\/le-journaliste-m-475847.html\">prix Albert Londres<\/a> pr\u00e9f\u00e8re \u00ab\u00a0porter la plume dans la plaie\u00a0\u00bb. <a href=\"https:\/\/france3-regions.franceinfo.fr\/provence-alpes-cote-d-azur\/bouches-du-rhone\/marseille\/une-tyrannie-a-renverser-dans-le-livre-d-amine-kessaci-les-formules-qui-peuvent-deranger-les-gangs-criminels-du-narcotrafic-3251806.html\" target=\"_blank\" rel=\"noopener noreferrer nofollow\" data-tooltip-url=\"https:\/\/france3-regions.franceinfo.fr\/provence-alpes-cote-d-azur\/bouches-du-rhone\/marseille\/une-tyrannie-a-renverser-dans-le-livre-d-amine-kessaci-les-formules-qui-peuvent-deranger-les-gangs-criminels-du-narcotrafic-3251806.html\">Philippe Pujol <\/a>fait donc entendre sa voix \u00e0 travers une tribune publi\u00e9e, le 21 novembre, dans<a href=\"https:\/\/www.liberation.fr\/idees-et-debats\/tribunes\/philippe-pujol-prix-albert-londres-le-narcotrafic-prolifere-sur-les-vulnerables-dune-societe-detraquee-20251121_DYLSJDWS4JAFFMEDHGO3CGLU74\/\" target=\"_blank\" rel=\"noopener noreferrer nofollow\" data-tooltip-url=\"https:\/\/www.liberation.fr\/idees-et-debats\/tribunes\/philippe-pujol-prix-albert-londres-le-narcotrafic-prolifere-sur-les-vulnerables-dune-societe-detraquee-20251121_DYLSJDWS4JAFFMEDHGO3CGLU74\/\"> Lib\u00e9ration.<\/a><\/p>\n<p>Auteur de <a href=\"https:\/\/www.franceinfo.fr\/replay-radio\/culture-d-info\/culture-d-info-philippe-pujol-marseille-est-une-ville-battue-pour-cacher-les-coups-on-la-maquille_3668061.html\" target=\"_blank\" rel=\"noopener noreferrer nofollow\" data-tooltip-url=\"https:\/\/www.franceinfo.fr\/replay-radio\/culture-d-info\/culture-d-info-philippe-pujol-marseille-est-une-ville-battue-pour-cacher-les-coups-on-la-maquille_3668061.html\">nombreux ouvrages<\/a> sur la d\u00e9linquance dans les quartiers nord de Marseille, le journaliste a tout simplement pr\u00e9f\u00e9r\u00e9 attendre avant de s&rsquo;exprimer, \u00ab\u00a0je n&rsquo;ai pas de livres \u00e0 vendre sur des morts\u00a0\u00bb affirme-t-il. Pour France 3 Provence-Alpes, au-del\u00e0 de l&rsquo;\u00e9motion, il livre son constat et avance des propositions, qu&rsquo;il porte d\u00e9j\u00e0 depuis de nombreuses ann\u00e9es.<\/p>\n<p><strong>France 3 Provence-Alpes : \u00ab\u00a0et maintenant, on fait quoi\u202f?\u00a0\u00bb est la grande question apr\u00e8s ce drame in\u00e9dit \u00e0 Marseille, comment sortir du narcotrafic selon vous ?<\/strong><\/p>\n<p><strong>Philippe Pujol:<\/strong> \u00ab\u00a0Narcotrafic\u00a0\u00bb est un jargon gouvernemental pour faire passer l&rsquo;id\u00e9e qu&rsquo;il y aurait un grand m\u00e9chant, ext\u00e9rieur ou int\u00e9rieur, qui s&rsquo;attaquerait \u00e0 une soci\u00e9t\u00e9 d\u00e9munie. Ce trafic de stups, cette gangr\u00e8ne, ce n&rsquo;est pas la maladie, mais l&rsquo;aboutissement d&rsquo;une maladie. L&rsquo;\u00e9motion est utilis\u00e9e pour qu&rsquo;on oublie compl\u00e8tement que la maladie est interne \u00e0 notre soci\u00e9t\u00e9. La mort de Mehdi est peut-\u00eatre l&rsquo;occasion de r\u00e9aliser que <a href=\"https:\/\/france3-regions.franceinfo.fr\/provence-alpes-cote-d-azur\/bouches-du-rhone\/marseille\/qui-est-mamine-suspecte-d-avoir-orchestre-le-meurtre-de-mehdi-kessaci-3253666.html\" target=\"_blank\" rel=\"noopener noreferrer nofollow\" data-tooltip-url=\"https:\/\/france3-regions.franceinfo.fr\/provence-alpes-cote-d-azur\/bouches-du-rhone\/marseille\/qui-est-mamine-suspecte-d-avoir-orchestre-le-meurtre-de-mehdi-kessaci-3253666.html\">son meurtrier <\/a>n&rsquo;est pas uniquement un trafiquant, qui, depuis sa cellule en attendant son proc\u00e8s, commandite un assassinat. Le mal, c&rsquo;est le client\u00e9lisme et la corruption, qui en bout de cha\u00eene vont fabriquer ce que moi, j&rsquo;appelle \u00ab\u00a0le Monstre\u00a0\u00bb, des vuln\u00e9rabilit\u00e9s qui vont \u00eatre imm\u00e9diatement exploit\u00e9es par les r\u00e9seaux de stup\u00e9fiants. Ce qu&rsquo;il faut surtout, c&rsquo;est faire que des gamins aujourd&rsquo;hui ne deviennent pas des tueurs demain. Et la solution, elle est nationale, elle n&rsquo;est pas marseillaise. Le client\u00e9lisme n&rsquo;est pas marseillais, la corruption n&rsquo;est pas marseillaise, les mauvaises d\u00e9cisions et le racisme ne sont pas marseillais.<\/p>\n<p><strong>Vous \u00e9voquez une triple radicalisation dans les quartiers ?<\/strong><\/p>\n<p>La radicalisation est \u00e0 la fois politique, avec un vote extr\u00eame, religieuse avec une doctrine mortif\u00e8re et aussi d\u00e9linquante. En fait, [les trafiquants] sont des radicalis\u00e9s. Ils n&rsquo;ont pas d&rsquo;avenir dans leur t\u00eate. Ils br\u00fblent totalement leur destin et celui des autres au passage pour un id\u00e9al, celui des stups et de l&rsquo;argent, pensant laisser une l\u00e9gende. En r\u00e9alit\u00e9, c&rsquo;est une l\u00e9gende n\u00e9gative, de puissance, de m\u00e9chancet\u00e9, exactement comme des terroristes. Ils ont le m\u00eame comportement.<\/p>\n<blockquote class=\"ftvi_content_quote\">\n<p class=\"ftvi_citation_quote\">Tant que notre \u00e9conomie sera bas\u00e9e sur le business de la mis\u00e8re, de la peur, de la s\u00e9curit\u00e9 on n&rsquo;y arrivera pas.<\/p>\n<p>Philippe Pujol, auteur  et journaliste<\/p>\n<p class=\"ftvi_citation_source\">France 3 Provence-Alpes<\/p>\n<\/blockquote>\n<p><strong>Vous rejetez l&rsquo;expression de \u00ab\u00a0mexicanisation\u00a0\u00bb employ\u00e9e par Bruno Retailleau, ex-ministre de l&rsquo;Int\u00e9rieur, pourquoi\u202f?<\/strong><\/p>\n<p>La \u00ab\u00a0<a href=\"https:\/\/www.franceinfo.fr\/societe\/drogue\/mexicanisation-peut-on-dresser-un-parallele-entre-le-narcobanditisme-en-france-et-les-cartels-d-amerique-latine_6879572.html\" target=\"_blank\" rel=\"noopener noreferrer nofollow\" data-tooltip-url=\"https:\/\/www.franceinfo.fr\/societe\/drogue\/mexicanisation-peut-on-dresser-un-parallele-entre-le-narcobanditisme-en-france-et-les-cartels-d-amerique-latine_6879572.html\">mexicanisation\u00a0\u00bb,<\/a> c&rsquo;est un slogan marketing pour laisser penser que la menace serait ext\u00e9rieure, des \u00ab\u00a0Mexicains\u00a0\u00bb qui d\u00e9barquent, et int\u00e9rieure, des immigr\u00e9s qui nous attaquent. Je pense que pour <a href=\"https:\/\/www.franceinfo.fr\/societe\/drogue\/video-trafic-de-drogue-on-est-face-a-un-point-de-bascule-declare-bruno-retailleau-apres-plusieurs-fusillades_6872624.html\" target=\"_blank\" rel=\"noopener noreferrer nofollow\" data-tooltip-url=\"https:\/\/www.franceinfo.fr\/societe\/drogue\/video-trafic-de-drogue-on-est-face-a-un-point-de-bascule-declare-bruno-retailleau-apres-plusieurs-fusillades_6872624.html\">Bruno Retailleau,<\/a> c&rsquo;est un m\u00e9lange des deux. De m\u00eame que \u00ab\u00a0<a href=\"https:\/\/www.franceinfo.fr\/faits-divers\/attaque-dans-un-lycee-a-nantes\/ensauvagement-sursaut-collectif-question-de-sante-mentale-apres-l-attaque-au-couteau-dans-un-lycee-a-nantes-la-classe-politique-fracturee_7210038.html\" target=\"_blank\" rel=\"noopener noreferrer nofollow\" data-tooltip-url=\"https:\/\/www.franceinfo.fr\/faits-divers\/attaque-dans-un-lycee-a-nantes\/ensauvagement-sursaut-collectif-question-de-sante-mentale-apres-l-attaque-au-couteau-dans-un-lycee-a-nantes-la-classe-politique-fracturee_7210038.html\">l&rsquo;ensauvagement\u00a0\u00bb<\/a>, qui est un d\u00e9lire fabriqu\u00e9 de toutes pi\u00e8ces. Si l&rsquo;on veut que les gens deviennent sauvages, on les abandonne et ils reviennent \u00e0 l&rsquo;\u00e9tat sauvage. De m\u00eame que si on lib\u00e8re des chiens ou des animaux dans la nature, ils redeviennent sauvages. Pour ne pas abandonner, il suffit d&rsquo;un peu d&rsquo;\u00e9ducation, un peu d&rsquo;animation et un peu de respect. Donc, l&rsquo;ensauvagement, il est fabriqu\u00e9.<\/p>\n<blockquote class=\"ftvi_content_quote\">\n<p class=\"ftvi_citation_quote\">La menace, c&rsquo;est \u00ab\u00a0le Monstre\u00a0\u00bb : ce sont toutes les malfa\u00e7ons de notre soci\u00e9t\u00e9.<\/p>\n<p>Philippe Pujol, auteur de \u00ab\u00a0La chute du Monstre\u00a0\u00bb <\/p>\n<p class=\"ftvi_citation_source\">France 3 Provence-Alpes<\/p>\n<\/blockquote>\n<p>On n&rsquo;a pas une mafia en France, on a un syst\u00e8me qui est plus qui est plus mou, le m\u00e9chant est moins identifi\u00e9, mais plus puissant.<\/p>\n<p><strong>Vous pointez du doigt le retrait des subventions en 2014, dans les quartiers, \u00e0 l&rsquo;arriv\u00e9e de Martine Vassal \u00e0 la t\u00eate du d\u00e9partement\u2026<\/strong><\/p>\n<p>Martine Vassal, quand elle arrive, elle retire tout aux associations qui portent l&rsquo;aide sociale, l&rsquo;aide au devoir, les activit\u00e9s p\u00e9riscolaires&#8230; Les gamins qui avaient 10 ans en 2014, ils en ont 21 aujourd&rsquo;hui, voil\u00e0. L&rsquo;aide sociale \u00e0 l&rsquo;enfance s&rsquo;effondre aussi parce que le Conseil d\u00e9partemental la d\u00e9laisse. La gangr\u00e8ne est tout autant politique. Les pauvres, c&rsquo;est super, \u00e7a ne vote pas, quand \u00e7a vote, on les ach\u00e8te. C&rsquo;est exploitable m\u00e9diatiquement d\u00e8s qu&rsquo;on le veut, c&rsquo;est exploitable politiquement en permanence&#8230; Ce n&rsquo;est pas un discours de gauche que je tiens, des r\u00e9publicains de droite, s&rsquo;il en reste, sont capables d&rsquo;aller vers ce constat.<\/p>\n<p><strong>Alors quelles r\u00e9ponses apporter selon vous ?<\/strong><\/p>\n<p>Il y a plusieurs curseurs. Il y a le curseur r\u00e9pressif qu&rsquo;on ne doit pas abandonner, mais orienter uniquement sur l&rsquo;enqu\u00eate, sans jeter de la poudre aux yeux. Cela signifie \u00e9couter les policiers, les syndicats, les commissaires, les magistrats et les procureurs qui demandent des moyens. Ensuite, il faut, extr\u00eamement rapidement, redonner des moyens \u00e0 l&rsquo;aide sociale, l&rsquo;assistanat est un d\u00e9lire de l&rsquo;extr\u00eame-droite\u202f; la r\u00e9alit\u00e9, c&rsquo;est que ce que l&rsquo;on appelle &lsquo;assistanat&rsquo; est ce qui permet justement \u00e0 pas se \u00ab\u00a0mexicaniser\u00a0\u00bb.<\/p>\n<blockquote class=\"ftvi_content_quote\">\n<p class=\"ftvi_citation_quote\">\u00c0 Marseille, il n&rsquo;y a pas un consommateur caricatural, il n&rsquo;y a pas de show biz, rien de tout \u00e7a. Quand on regarde les points de stups, on voit des \u00ab\u00a0vrais gens\u00a0\u00bb de la rue, qui sont au V\u00e9lodrome ou \u00e0 la Foire, avec chacun leurs probl\u00e8mes. Il faut faire un gros travail sur la consommation<\/p>\n<p>Philippe Pujol, auteur de \u00ab\u00a0Cram\u00e9s- les enfants du Monstre\u00a0\u00bb <\/p>\n<p class=\"ftvi_citation_source\">France 3 Provence-Alpes<\/p>\n<\/blockquote>\n<p>On a besoin d&rsquo;une politique de sant\u00e9 publique autour des consommateurs et arr\u00eater de dire que ce sont les petits joints du dimanche qui font tourner les r\u00e9seaux. Il serait temps d&rsquo;\u00e9couter les addictologues, les associations.<\/p>\n<p>M\u00eame chose sur la sant\u00e9 mentale, c&rsquo;est li\u00e9, on ne na\u00eet pas &lsquo;assassin froid&rsquo;, il faut comprendre pourquoi quelqu&rsquo;un le devient et travailler pour que les suivants \u00e9vitent de connaitre le m\u00eame sort. Il ne s&rsquo;agit pas d&rsquo;excuser les assassins d&rsquo;aujourd&rsquo;hui, ceux-l\u00e0 sont partis pour de la prison, c&rsquo;est normal, mais au moins faire en sorte les autres ne suivent pas le m\u00eame chemin. C&rsquo;est l&rsquo;apocalypse, il y a un effondrement de sant\u00e9 mentale \u00e0 l&rsquo;\u00e9chelle de toute la soci\u00e9t\u00e9. Et enfin, il faut r\u00e9fl\u00e9chir \u00e0 une d\u00e9p\u00e9nalisation et en finir avec le tabou absurde de l&rsquo;interdiction. C&rsquo;est aux politiques de s&rsquo;en saisir et de lancer le d\u00e9bat. Et puis bien sur, repenser un repeuplement \u00e0 l&rsquo;\u00e9chelle du territoire parce qu&rsquo;\u00e0 force de r\u00e9unir les gens qui ont des probl\u00e8mes entre eux&#8230; de ces endroits naissent d\u00e9linquance et radicalisations. Il faudra peut-\u00eatre 30 ans pour faire \u00e7a, mais en tout cas, il faut bien commencer un jour.<\/p>\n","protected":false},"excerpt":{"rendered":"Auteur d&rsquo;une tribune dans Lib\u00e9ration, le journaliste Philippe Pujol, prix Albert Londres, mart\u00e8le plus fort que jamais, apr\u00e8s&hellip;\n","protected":false},"author":2,"featured_media":555559,"comment_status":"","ping_status":"","sticky":false,"template":"","format":"standard","meta":{"footnotes":""},"categories":[2],"tags":[11,1011,27,12,25],"class_list":{"0":"post-555558","1":"post","2":"type-post","3":"status-publish","4":"format-standard","5":"has-post-thumbnail","7":"category-actualites","8":"tag-actualites","9":"tag-fr","10":"tag-france","11":"tag-news","12":"tag-republique-francaise"},"share_on_mastodon":{"url":"https:\/\/pubeurope.com\/@fr\/115605182076912265","error":""},"_links":{"self":[{"href":"https:\/\/www.europesays.com\/fr\/wp-json\/wp\/v2\/posts\/555558","targetHints":{"allow":["GET"]}}],"collection":[{"href":"https:\/\/www.europesays.com\/fr\/wp-json\/wp\/v2\/posts"}],"about":[{"href":"https:\/\/www.europesays.com\/fr\/wp-json\/wp\/v2\/types\/post"}],"author":[{"embeddable":true,"href":"https:\/\/www.europesays.com\/fr\/wp-json\/wp\/v2\/users\/2"}],"replies":[{"embeddable":true,"href":"https:\/\/www.europesays.com\/fr\/wp-json\/wp\/v2\/comments?post=555558"}],"version-history":[{"count":0,"href":"https:\/\/www.europesays.com\/fr\/wp-json\/wp\/v2\/posts\/555558\/revisions"}],"wp:featuredmedia":[{"embeddable":true,"href":"https:\/\/www.europesays.com\/fr\/wp-json\/wp\/v2\/media\/555559"}],"wp:attachment":[{"href":"https:\/\/www.europesays.com\/fr\/wp-json\/wp\/v2\/media?parent=555558"}],"wp:term":[{"taxonomy":"category","embeddable":true,"href":"https:\/\/www.europesays.com\/fr\/wp-json\/wp\/v2\/categories?post=555558"},{"taxonomy":"post_tag","embeddable":true,"href":"https:\/\/www.europesays.com\/fr\/wp-json\/wp\/v2\/tags?post=555558"}],"curies":[{"name":"wp","href":"https:\/\/api.w.org\/{rel}","templated":true}]}}