{"id":555560,"date":"2025-11-24T14:37:16","date_gmt":"2025-11-24T14:37:16","guid":{"rendered":"https:\/\/www.europesays.com\/fr\/555560\/"},"modified":"2025-11-24T14:37:16","modified_gmt":"2025-11-24T14:37:16","slug":"le-chanteur-jimmy-cliff-legende-du-reggae-est-mort-a-81-ans","status":"publish","type":"post","link":"https:\/\/www.europesays.com\/fr\/555560\/","title":{"rendered":"Le chanteur Jimmy Cliff, l\u00e9gende du reggae, est mort \u00e0 81 ans"},"content":{"rendered":"<p>Le chanteur jama\u00efcain Jimmy Cliff, l\u00e9gende du reggae, est mort \u00e0 81 ans, a annonc\u00e9 sa femme sur Instagram ce lundi.<\/p>\n<p>Le chanteur jama\u00efcain Jimmy Cliff, l\u00e9gende du reggae, est mort, a annonc\u00e9 sa femme sur Instagram ce lundi. Il avait 81 ans et a succomb\u00e9 \u00e0 une pneumonie. \u00ab\u00a0C\u2019est avec une profonde tristesse que je partage que mon mari, Jimmy Cliff, nous a quitt\u00e9s \u00e0 la suite d\u2019une crise convulsive suivie d\u2019une pneumonie\u00a0\u00bb, peut-on lire dans la l\u00e9gende du post, publi\u00e9 sur le compte officiel de Jimmy Cliff.<\/p>\n<p>\u00ab\u00a0\u00c0 tous ses fans \u00e0 travers le monde, sachez que votre soutien a \u00e9t\u00e9 sa force tout au long de sa carri\u00e8re\u00a0\u00bb, \u00e9crit sa femme Latifa. \u00ab\u00a0Il appr\u00e9ciait vraiment chacun de ses fans pour leur amour\u00a0\u00bb, poursuit-elle. \u00ab\u00a0Jimmy, mon ch\u00e9ri, repose en paix. Je suivrai tes souhaits. J&rsquo;esp\u00e8re que vous pourrez respecter notre intimit\u00e9 en ces moments difficiles\u00a0\u00bb, demande-t-elle.<\/p>\n<p> \u00ab\u00a0Reggae Night\u00a0\u00bb, \u00ab\u00a0I Can See Clearly Now\u00a0\u00bb, \u00ab\u00a0Many Rivers to Cross\u00a0\u00bb&#8230;.<\/p>\n<p>Le chanteur \u00e9tait c\u00e9l\u00e8bre pour ses nombreux tubes reggae, comme \u00ab\u00a0Reggae Night\u00a0\u00bb, \u00ab\u00a0I Can See Clearly Now\u00a0\u00bb ou encore\u00a0\u00ab\u00a0Many Rivers to Cross\u00a0\u00bb. Il \u00e9tait entr\u00e9\u00a0en 2010 au Rock and Roll Hall of Fame.<\/p>\n<p><a href=\"https:\/\/www.youtube.com\/watch?v=m3Uh24QiJUI\" target=\"_blank\" rel=\"noopener noreferrer\" class=\"Youtube svelte-isxgy6\" style=\"background-image: url(https:\/\/i.ytimg.com\/vi\/m3Uh24QiJUI\/sddefault.jpg);\"><\/p>\n<p>Jimmy Cliff &#8211; Reggae Night  (Official Video)<\/p>\n<p> <\/a> <a href=\"https:\/\/www.youtube.com\/watch?v=MrHxhQPOO2c\" target=\"_blank\" rel=\"noopener noreferrer\" class=\"Youtube svelte-isxgy6\" style=\"background-image: url(https:\/\/i.ytimg.com\/vi\/MrHxhQPOO2c\/sddefault.jpg);\"><\/p>\n<p>Jimmy Cliff &#8211; I Can See Clearly Now<\/p>\n<p> <\/a> <a href=\"https:\/\/www.youtube.com\/watch?v=kGeCeK85sUg\" target=\"_blank\" rel=\"noopener noreferrer\" class=\"Youtube svelte-isxgy6\" style=\"background-image: url(https:\/\/i.ytimg.com\/vi\/kGeCeK85sUg\/sddefault.jpg);\"><\/p>\n<p>Jimmy Cliff &#8211; Many Rivers To Cross<\/p>\n<p> <\/a> <\/p>\n","protected":false},"excerpt":{"rendered":"Le chanteur jama\u00efcain Jimmy Cliff, l\u00e9gende du reggae, est mort \u00e0 81 ans, a annonc\u00e9 sa femme sur&hellip;\n","protected":false},"author":2,"featured_media":555561,"comment_status":"","ping_status":"","sticky":false,"template":"","format":"standard","meta":{"footnotes":""},"categories":[2],"tags":[11,1011,27,12,25],"class_list":{"0":"post-555560","1":"post","2":"type-post","3":"status-publish","4":"format-standard","5":"has-post-thumbnail","7":"category-actualites","8":"tag-actualites","9":"tag-fr","10":"tag-france","11":"tag-news","12":"tag-republique-francaise"},"share_on_mastodon":{"url":"https:\/\/pubeurope.com\/@fr\/115605186331022892","error":""},"_links":{"self":[{"href":"https:\/\/www.europesays.com\/fr\/wp-json\/wp\/v2\/posts\/555560","targetHints":{"allow":["GET"]}}],"collection":[{"href":"https:\/\/www.europesays.com\/fr\/wp-json\/wp\/v2\/posts"}],"about":[{"href":"https:\/\/www.europesays.com\/fr\/wp-json\/wp\/v2\/types\/post"}],"author":[{"embeddable":true,"href":"https:\/\/www.europesays.com\/fr\/wp-json\/wp\/v2\/users\/2"}],"replies":[{"embeddable":true,"href":"https:\/\/www.europesays.com\/fr\/wp-json\/wp\/v2\/comments?post=555560"}],"version-history":[{"count":0,"href":"https:\/\/www.europesays.com\/fr\/wp-json\/wp\/v2\/posts\/555560\/revisions"}],"wp:featuredmedia":[{"embeddable":true,"href":"https:\/\/www.europesays.com\/fr\/wp-json\/wp\/v2\/media\/555561"}],"wp:attachment":[{"href":"https:\/\/www.europesays.com\/fr\/wp-json\/wp\/v2\/media?parent=555560"}],"wp:term":[{"taxonomy":"category","embeddable":true,"href":"https:\/\/www.europesays.com\/fr\/wp-json\/wp\/v2\/categories?post=555560"},{"taxonomy":"post_tag","embeddable":true,"href":"https:\/\/www.europesays.com\/fr\/wp-json\/wp\/v2\/tags?post=555560"}],"curies":[{"name":"wp","href":"https:\/\/api.w.org\/{rel}","templated":true}]}}