{"id":555564,"date":"2025-11-24T14:41:14","date_gmt":"2025-11-24T14:41:14","guid":{"rendered":"https:\/\/www.europesays.com\/fr\/555564\/"},"modified":"2025-11-24T14:41:14","modified_gmt":"2025-11-24T14:41:14","slug":"romain-ntamack-la-reponse-cinglante-aux-critiques","status":"publish","type":"post","link":"https:\/\/www.europesays.com\/fr\/555564\/","title":{"rendered":"Romain Ntamack, la r\u00e9ponse cinglante aux critiques"},"content":{"rendered":"<p><strong>Vivement critiqu\u00e9 apr\u00e8s les trois<br \/>\nrencontres du XV de France lors de la tourn\u00e9e d\u2019automne, Romain<br \/>\nNtamack a re\u00e7u le soutien de son s\u00e9lectionneur Fabien<br \/>\nGalthi\u00e9.<\/strong><\/p>\n<p>La tourn\u00e9e d\u2019automne termin\u00e9e, l\u2019heure du bilan a sonn\u00e9. Apr\u00e8s<br \/>\navoir d\u00e9but\u00e9 par une d\u00e9faite logique contre l\u2019Afrique du Sud<br \/>\n(17-32), le XV de France a encha\u00een\u00e9 deux victoires. Une peu<br \/>\nconvaincante face aux Fiji (34-21), puis une prolifique devant<br \/>\nl\u2019Australie (48-33), samedi soir au Stade de France.<\/p>\n<p>Trois rencontres auxquelles Romain Ntamack a pris part en tant<br \/>\nque titulaire. D\u00e9cevant lors des deux premiers rendez-vous, le demi<br \/>\nd\u2019ouverture du Stade Toulousain a livr\u00e9 une prestation plus aboutie<br \/>\nface aux Wallabies. <strong><a href=\"https:\/\/www.sports.fr\/rugby\/xv-de-france\/romain-ntamack-sanction-tombe-apres-france-fidji-967642.html\" target=\"_blank\" rel=\"noopener\"><br \/>\nPas suffisant pour faire taire les critiques \u00e0 son<br \/>\n\u00e9gard<\/a><\/strong>.<\/p>\n<blockquote class=\"twitter-tweet\"><p><a class=\"twitter-link\" rel=\"noindex, nofollow noopener\" href=\"https:\/\/twitter.com\/sports_fr\/status\/1992554913147011279?s=20\" target=\"_blank\"><\/p><\/blockquote>\n<p>Pris pour cible sur les r\u00e9seaux sociaux, notamment apr\u00e8s la<br \/>\nclaque re\u00e7ue face aux champions du monde sud-africains, Romain<br \/>\nNtamack peut compter sur le soutien de son s\u00e9lectionneur. Aupr\u00e8s du<br \/>\nMidi Olympique, Fabien Galthi\u00e9 a pris la d\u00e9fense de son<br \/>\nnum\u00e9ro 10, se disant satisfait de sa derni\u00e8re prestation contre<br \/>\nl\u2019Australie.<\/p>\n<p>Galthi\u00e9: \u00ab\u00a0Romain se sacrifie pour le collectif, il joue<br \/>\npour l\u2019\u00e9quipe\u00a0\u00bb<\/p>\n<p>\u00ab\u00a0Nous acceptons les critiques, pas les remises en<br \/>\ncause. Le rugby est un sport collectif. Au fil de cette tourn\u00e9e,<br \/>\ncertains joueurs ont \u00e9t\u00e9 point\u00e9s du doigt. Et je suis surtout<br \/>\nsatisfait de leur r\u00e9action \u00bb, a d\u2019abord d\u00e9clar\u00e9 le boss des<br \/>\nBleus, avant d\u2019\u00e9voquer le cas Ntamack en particulier.<\/p>\n<p>\u00ab\u00a0La r\u00e9ponse de Romain (Ntamack) hier (samedi), elle<br \/>\nest claire, a lanc\u00e9 Galthi\u00e9. Romain se sacrifie pour le<br \/>\ncollectif, il joue pour l\u2019\u00e9quipe. La r\u00e9ponse de notre pilier droit<br \/>\n(R\u00e9gis Montagne), c\u2019est une r\u00e9ponse collective, je crois. Tous ont<br \/>\nr\u00e9pondu de la meilleure des mani\u00e8res aux critiques.\u00a0\u00bb Le<br \/>\nprincipal int\u00e9ress\u00e9 appr\u00e9ciera.<\/p>\n<p><script async src=\"https:\/\/platform.twitter.com\/widgets.js\" charset=\"utf-8\"><\/script><\/p>\n","protected":false},"excerpt":{"rendered":"Vivement critiqu\u00e9 apr\u00e8s les trois rencontres du XV de France lors de la tourn\u00e9e d\u2019automne, Romain Ntamack a&hellip;\n","protected":false},"author":2,"featured_media":555565,"comment_status":"","ping_status":"","sticky":false,"template":"","format":"standard","meta":{"footnotes":""},"categories":[1416],"tags":[1011,27,479,1468,60],"class_list":{"0":"post-555564","1":"post","2":"type-post","3":"status-publish","4":"format-standard","5":"has-post-thumbnail","7":"category-rugby","8":"tag-fr","9":"tag-france","10":"tag-rugby","11":"tag-rugby-football","12":"tag-sports"},"share_on_mastodon":{"url":"https:\/\/pubeurope.com\/@fr\/115605201519115961","error":""},"_links":{"self":[{"href":"https:\/\/www.europesays.com\/fr\/wp-json\/wp\/v2\/posts\/555564","targetHints":{"allow":["GET"]}}],"collection":[{"href":"https:\/\/www.europesays.com\/fr\/wp-json\/wp\/v2\/posts"}],"about":[{"href":"https:\/\/www.europesays.com\/fr\/wp-json\/wp\/v2\/types\/post"}],"author":[{"embeddable":true,"href":"https:\/\/www.europesays.com\/fr\/wp-json\/wp\/v2\/users\/2"}],"replies":[{"embeddable":true,"href":"https:\/\/www.europesays.com\/fr\/wp-json\/wp\/v2\/comments?post=555564"}],"version-history":[{"count":0,"href":"https:\/\/www.europesays.com\/fr\/wp-json\/wp\/v2\/posts\/555564\/revisions"}],"wp:featuredmedia":[{"embeddable":true,"href":"https:\/\/www.europesays.com\/fr\/wp-json\/wp\/v2\/media\/555565"}],"wp:attachment":[{"href":"https:\/\/www.europesays.com\/fr\/wp-json\/wp\/v2\/media?parent=555564"}],"wp:term":[{"taxonomy":"category","embeddable":true,"href":"https:\/\/www.europesays.com\/fr\/wp-json\/wp\/v2\/categories?post=555564"},{"taxonomy":"post_tag","embeddable":true,"href":"https:\/\/www.europesays.com\/fr\/wp-json\/wp\/v2\/tags?post=555564"}],"curies":[{"name":"wp","href":"https:\/\/api.w.org\/{rel}","templated":true}]}}