{"id":555568,"date":"2025-11-24T14:46:12","date_gmt":"2025-11-24T14:46:12","guid":{"rendered":"https:\/\/www.europesays.com\/fr\/555568\/"},"modified":"2025-11-24T14:46:12","modified_gmt":"2025-11-24T14:46:12","slug":"josef-cerny-quitte-soudal-quick-step-pour-une-conti-actualite","status":"publish","type":"post","link":"https:\/\/www.europesays.com\/fr\/555568\/","title":{"rendered":"Josef Cerny quitte Soudal Quick-Step pour une Conti &#8211; Actualit\u00e9"},"content":{"rendered":"<p style=\"text-align: justify;\">Apr\u00e8s cinq saisons sous les couleurs de Soudal Quick-Step, Josef Cerny va changer d&rsquo;air. Il va retrouver l&rsquo;\u00e9quipe dans laquelle il \u00e9voluait en 2017 et 2018, \u00e0 savoir Elkov-Kasper, une Conti tch\u00e8que.<\/p>\n<p><strong><a href=\"https:\/\/www.directvelo.com\/coureur\/10888\/josef-cerny\" target=\"_blank\" rel=\"noopener\">Josef Cerny<\/a><\/strong>, 32 ans, a termin\u00e9 13e et 19e d&rsquo;\u00e9tapes du Giro, 15e d&rsquo;une \u00e9tape du Tour de Guangxi, 18e d&rsquo;\u00e9tape au Tour de Belgique ou encore 19e d&rsquo;une \u00e9tape du Tour de Romandie.<\/p>\n<p>Avec la WorldTeam belge, le Tch\u00e8que a remport\u00e9 son Championnat national du chrono en 2021, une \u00e9tape de la Semaine Coppi et Bartali ainsi que le Tour de Slovaquie en 2022, ou encore le prologue du Tour de Romandie, en 2023. Avec onze succ\u00e8s durant sa carri\u00e8re, il a notamment remport\u00e9 une \u00e9tape du Giro 2020.<\/p>\n<p>Retrouvez tous les transferts du peloton pro <strong><a href=\"https:\/\/www.directvelo.com\/mutations\/2026#teams-pro\" target=\"_blank\" rel=\"noopener\">en cliquant ici<\/a><\/strong>.<\/p>\n","protected":false},"excerpt":{"rendered":"Apr\u00e8s cinq saisons sous les couleurs de Soudal Quick-Step, Josef Cerny va changer d&rsquo;air. Il va retrouver l&rsquo;\u00e9quipe&hellip;\n","protected":false},"author":2,"featured_media":555569,"comment_status":"","ping_status":"","sticky":false,"template":"","format":"standard","meta":{"footnotes":""},"categories":[1411],"tags":[834,828,836,829,837,827,83,826,824,823,1154,207,814,817,815,816,822,821,832,211,839,1011,27,820,818,819,835,831,830,833,838,60,212,208,825],"class_list":{"0":"post-555568","1":"post","2":"type-post","3":"status-publish","4":"format-standard","5":"has-post-thumbnail","7":"category-cyclisme","8":"tag-attaque","9":"tag-belgique","10":"tag-braquet","11":"tag-bretagne","12":"tag-chute","13":"tag-competition","14":"tag-coupe-de-france","15":"tag-coureur","16":"tag-course-cyclisme","17":"tag-course-cycliste","18":"tag-cycling","19":"tag-cyclisme","20":"tag-direct","21":"tag-direct-velo","22":"tag-directvelo","23":"tag-directvelo-com","24":"tag-epreuve","25":"tag-epreuve-cycliste","26":"tag-federation-francaise-de-cyclisme","27":"tag-ffc","28":"tag-flandres","29":"tag-fr","30":"tag-france","31":"tag-live","32":"tag-live-course","33":"tag-live-epreuve","34":"tag-peloton","35":"tag-radio-peloton","36":"tag-radio-tour","37":"tag-ravitaillement","38":"tag-relance","39":"tag-sports","40":"tag-uci","41":"tag-velo","42":"tag-velos"},"share_on_mastodon":{"url":"https:\/\/pubeurope.com\/@fr\/115605221221514546","error":""},"_links":{"self":[{"href":"https:\/\/www.europesays.com\/fr\/wp-json\/wp\/v2\/posts\/555568","targetHints":{"allow":["GET"]}}],"collection":[{"href":"https:\/\/www.europesays.com\/fr\/wp-json\/wp\/v2\/posts"}],"about":[{"href":"https:\/\/www.europesays.com\/fr\/wp-json\/wp\/v2\/types\/post"}],"author":[{"embeddable":true,"href":"https:\/\/www.europesays.com\/fr\/wp-json\/wp\/v2\/users\/2"}],"replies":[{"embeddable":true,"href":"https:\/\/www.europesays.com\/fr\/wp-json\/wp\/v2\/comments?post=555568"}],"version-history":[{"count":0,"href":"https:\/\/www.europesays.com\/fr\/wp-json\/wp\/v2\/posts\/555568\/revisions"}],"wp:featuredmedia":[{"embeddable":true,"href":"https:\/\/www.europesays.com\/fr\/wp-json\/wp\/v2\/media\/555569"}],"wp:attachment":[{"href":"https:\/\/www.europesays.com\/fr\/wp-json\/wp\/v2\/media?parent=555568"}],"wp:term":[{"taxonomy":"category","embeddable":true,"href":"https:\/\/www.europesays.com\/fr\/wp-json\/wp\/v2\/categories?post=555568"},{"taxonomy":"post_tag","embeddable":true,"href":"https:\/\/www.europesays.com\/fr\/wp-json\/wp\/v2\/tags?post=555568"}],"curies":[{"name":"wp","href":"https:\/\/api.w.org\/{rel}","templated":true}]}}