{"id":555572,"date":"2025-11-24T14:48:14","date_gmt":"2025-11-24T14:48:14","guid":{"rendered":"https:\/\/www.europesays.com\/fr\/555572\/"},"modified":"2025-11-24T14:48:14","modified_gmt":"2025-11-24T14:48:14","slug":"deces-de-la-legende-du-reggae-jimmy-cliff-actualites","status":"publish","type":"post","link":"https:\/\/www.europesays.com\/fr\/555572\/","title":{"rendered":"D\u00e9c\u00e8s de la l\u00e9gende du reggae Jimmy Cliff : Actualit\u00e9s"},"content":{"rendered":"<p class=\"lead \">Il avait le charisme naturel, le sourire lumineux et la voix douce. Le chanteur jama\u00efcain Jimmy Cliff, l\u00e9gende du reggae n\u00e9 James Chambers, est d\u00e9c\u00e9d\u00e9 d&rsquo;une pneumonie \u00e0 l&rsquo;\u00e2ge de 81 ans.<\/p>\n<p class=\"lead \">\u00ab\u00a0Jimmy, mon ch\u00e9ri, repose en paix. Je suivrai tes souhaits. J&rsquo;esp\u00e8re que vous pourrez respecter notre intimit\u00e9 en ces moments difficiles\u00a0\u00bb, pouvait-on lire dans un message sign\u00e9 de sa femme Latifa sur son compte Instagram lundi.<\/p>\n<p class=\"lead \">\u00ab\u00a0\u00c0 tous ses fans \u00e0 travers le monde, sachez que votre soutien a \u00e9t\u00e9 sa force tout au long de sa carri\u00e8re. Il appr\u00e9ciait vraiment chacun de ses fans pour leur amour\u00a0\u00bb, ajoutait-elle, promettant des informations sur ses obs\u00e8ques ult\u00e9rieurement.<\/p>\n<p class=\"lead \">L&rsquo;artiste, de renomm\u00e9e internationale sans pour autant atteindre les sommets de carri\u00e8re que certains lui promettaient \u00e0 une \u00e9poque, a notamment sign\u00e9 les tubes plan\u00e9taires \u00ab\u00a0Many Rivers to Cross\u00a0\u00bb, \u00ab\u00a0The Harder They Come\u00a0\u00bb, ou encore \u00ab\u00a0Reggae Night\u00a0\u00bb.<\/p>\n<p class=\"lead \">En 2010, il \u00e9tait entr\u00e9 au Rock and Roll Hall of Fame. \u00ab\u00a0J&rsquo;ai grandi en \u00e9coutant du rock and roll, en dehors de notre musique indig\u00e8ne en Jama\u00efque\u00a0\u00bb, avait-il alors expliqu\u00e9. \u00ab\u00a0La musique, c&rsquo;est \u00eatre inspir\u00e9.\u00a0\u00bb<\/p>\n<p class=\"lead \">Salu\u00e9 par Bob Dylan ou Paul Simon, notamment pour sa chanson \u00ab\u00a0Vietnam\u00a0\u00bb, il d\u00e9clarait, selon le site de l&rsquo;institution d\u00e9di\u00e9e \u00e0 la pr\u00e9servation de l&rsquo;histoire de la musique: \u00ab\u00a0l&rsquo;essence de ma musique est la lutte. Ce qui lui donne la touche finale, c&rsquo;est l&rsquo;espoir de l&rsquo;amour\u00a0\u00bb. <\/p>\n<p class=\"lead \">N\u00e9 en juillet 1944 dans une famille nombreuse et sans le sou de St James, pr\u00e8s de Montego Bay (nord de la Jama\u00efque), il n&rsquo;a cess\u00e9 de s&rsquo;int\u00e9resser \u00e0 des influences musicales multiples &#8211; soul, ska, funk, punk, folk &#8211; tout en conservant un discours politique engag\u00e9.  <\/p>\n<p class=\"lead \">Il \u00e9coute Sam Cooke, Ray Charles, Fats Domino, Jimi Hendrix. Il collaborera aussi, au fil des ann\u00e9es, avec des groupes comme The Clash, Kool and the Gang, Sting, Annie Lennox mais aussi le Fran\u00e7ais Bernard Lavilliers. <\/p>\n<p class=\"lead \">Toute sa vie, il restera profond\u00e9ment marqu\u00e9 par ses origines et par les injustices du monde moderne.<\/p>\n<p class=\"lead \">\u00ab\u00a0J&rsquo;ai \u00e9t\u00e9 inspir\u00e9 par les \u00e9meutes de Londres (en 2011), mais aussi par le +printemps arabe+\u00a0\u00bb, pr\u00e9cisait-il au quotidien Le Monde en 2012, \u00e9voquant aussi \u00ab\u00a0les injustices sociales, l&rsquo;hypocrisie religieuse, et les clans politiques\u00a0\u00bb. <\/p>\n<p class=\"lead \">&#8211; \u00ab\u00a0Un paradoxe\u00a0\u00bb &#8211;<\/p>\n<p class=\"lead \">Mais il n&rsquo;aura jamais atteint les sommets du dieu du reggae, Bob Marley.<\/p>\n<p class=\"lead \">\u00ab\u00a0Jimmy Cliff est un paradoxe de la musique jama\u00efcaine\u00a0\u00bb, \u00e9crit sur son site la maison de disques Universal France. <\/p>\n<p class=\"lead \">\u00ab\u00a0Reconnu d\u00e8s sa p\u00e9riode ska, premier artiste de reggae \u00e0 signer pour (le label) Island, acteur et chanteur (&#8230;), auteur de multiples tubes plan\u00e9taires, star en Am\u00e9rique Latine et en Afrique\u00a0\u00bb, il est aussi rest\u00e9 \u00ab\u00a0un mal aim\u00e9 du public reggae \u00e0 cause de son image +vari\u00e9t\u00e9+, +grand public+ et son c\u00f4t\u00e9 star tr\u00e8s assum\u00e9, loin de l&rsquo;imagerie rasta &#8211; il ne l&rsquo;est d&rsquo;ailleurs pas &#8211; habituelle\u00a0\u00bb.<\/p>\n<p class=\"lead \">Il a aussi collabor\u00e9, \u00e0 plusieurs reprises, avec le cin\u00e9ma. Notamment pour le film musical \u00ab\u00a0The Harder They Come\u00a0\u00bb (\u00ab\u00a0Tout, tout de suite\u00a0\u00bb, 1972), consid\u00e9r\u00e9 comme ayant permis la perc\u00e9e du reggae, et dans lequel il interpr\u00e8te un criminel. <\/p>\n<p class=\"lead \">Sa chanson \u00ab\u00a0I Can See Clearly Now\u00a0\u00bb fera aussi le bonheur de la com\u00e9die \u00ab\u00a0Rasta Rockett\u00a0\u00bb (1993).<\/p>\n<p class=\"lead \">Peu apr\u00e8s l&rsquo;annonce de sa mort, le Premier ministre jama\u00efcain Andrew Holness a d\u00e9clar\u00e9 que le pays \u00ab\u00a0marquait une pause\u00a0\u00bb pour honorer Cliff, \u00ab\u00a0un v\u00e9ritable g\u00e9ant culturel dont la musique a port\u00e9 le c\u0153ur de notre nation au monde\u00a0\u00bb.<\/p>\n<p class=\"lead \">\u00ab\u00a0Sa musique a \u00e9lev\u00e9 les gens pendant les p\u00e9riodes difficiles, inspir\u00e9 des g\u00e9n\u00e9rations et contribu\u00e9 \u00e0 fa\u00e7onner le respect mondial dont jouit aujourd&rsquo;hui la culture jama\u00efcaine,\u00a0\u00bb a-t-il ajout\u00e9. <\/p>\n<p class=\"lead \">\u00ab\u00a0Marche bien, Jimmy Cliff. Ton h\u00e9ritage perdure dans chaque recoin de notre \u00eele et dans le c\u0153ur du peuple jama\u00efcain\u00a0\u00bb. <\/p>\n<p class=\"lead \">Le groupe britannique de reggae UB40 lui a aussi rendu hommage. \u00ab\u00a0Il a finalement travers\u00e9 la derni\u00e8re rivi\u00e8re. Repose en paix Jimmy, ta musique vivra \u00e9ternellement\u00a0\u00bb, a-t-il \u00e9crit sur son compte officiel sur X.<\/p>\n<p class=\"small font-weight-bold text-gray3 \"> publi\u00e9 le 24 novembre \u00e0 15h42, AFP<\/p>\n<p>                             Partager<\/p>\n","protected":false},"excerpt":{"rendered":"Il avait le charisme naturel, le sourire lumineux et la voix douce. Le chanteur jama\u00efcain Jimmy Cliff, l\u00e9gende&hellip;\n","protected":false},"author":2,"featured_media":555573,"comment_status":"","ping_status":"","sticky":false,"template":"","format":"standard","meta":{"footnotes":""},"categories":[1359],"tags":[251,58,59,1011,27,61749,873,973,3619],"class_list":{"0":"post-555572","1":"post","2":"type-post","3":"status-publish","4":"format-standard","5":"has-post-thumbnail","7":"category-people","8":"tag-culture","9":"tag-divertissement","10":"tag-entertainment","11":"tag-fr","12":"tag-france","13":"tag-jamaque","14":"tag-musique","15":"tag-people","16":"tag-reggae"},"share_on_mastodon":{"url":"https:\/\/pubeurope.com\/@fr\/115605229163968038","error":""},"_links":{"self":[{"href":"https:\/\/www.europesays.com\/fr\/wp-json\/wp\/v2\/posts\/555572","targetHints":{"allow":["GET"]}}],"collection":[{"href":"https:\/\/www.europesays.com\/fr\/wp-json\/wp\/v2\/posts"}],"about":[{"href":"https:\/\/www.europesays.com\/fr\/wp-json\/wp\/v2\/types\/post"}],"author":[{"embeddable":true,"href":"https:\/\/www.europesays.com\/fr\/wp-json\/wp\/v2\/users\/2"}],"replies":[{"embeddable":true,"href":"https:\/\/www.europesays.com\/fr\/wp-json\/wp\/v2\/comments?post=555572"}],"version-history":[{"count":0,"href":"https:\/\/www.europesays.com\/fr\/wp-json\/wp\/v2\/posts\/555572\/revisions"}],"wp:featuredmedia":[{"embeddable":true,"href":"https:\/\/www.europesays.com\/fr\/wp-json\/wp\/v2\/media\/555573"}],"wp:attachment":[{"href":"https:\/\/www.europesays.com\/fr\/wp-json\/wp\/v2\/media?parent=555572"}],"wp:term":[{"taxonomy":"category","embeddable":true,"href":"https:\/\/www.europesays.com\/fr\/wp-json\/wp\/v2\/categories?post=555572"},{"taxonomy":"post_tag","embeddable":true,"href":"https:\/\/www.europesays.com\/fr\/wp-json\/wp\/v2\/tags?post=555572"}],"curies":[{"name":"wp","href":"https:\/\/api.w.org\/{rel}","templated":true}]}}