{"id":555574,"date":"2025-11-24T14:49:35","date_gmt":"2025-11-24T14:49:35","guid":{"rendered":"https:\/\/www.europesays.com\/fr\/555574\/"},"modified":"2025-11-24T14:49:35","modified_gmt":"2025-11-24T14:49:35","slug":"insolite-a-lille-la-sculpture-du-rond-point-au-serpent-ne-represente-pas-un-serpent","status":"publish","type":"post","link":"https:\/\/www.europesays.com\/fr\/555574\/","title":{"rendered":"Insolite. \u00c0 Lille, la sculpture du \u00ab rond-point au serpent \u00bb ne repr\u00e9sente pas\u2026 un serpent\u00a0!"},"content":{"rendered":"<p>                    Par<br \/>\n        <strong><br \/>\n            <a href=\"https:\/\/actu.fr\/auteur\/amandine-vachez\" title=\"Consulter tous les articles de Amandine Vachez\" target=\"_blank\" rel=\"noopener\">Amandine Vachez<\/a><br \/>\n                    <\/strong><\/p>\n<p>        Publi\u00e9 le<\/p>\n<p>            23 nov. 2025 \u00e0 7h08        <\/p>\n<p>Si vous allez r\u00e9guli\u00e8rement dans le quartier, vous connaissez ce fameux point de rep\u00e8re \u00e0 <a href=\"https:\/\/actu.fr\/lille\/\" target=\"_blank\" rel=\"noopener\">Lille<\/a> (Nord). Le <b>\u00ab\u2009rond-point au serpent\u2009\u00bb au c\u0153ur de Wazemmes<\/b> <b>ne repr\u00e9sente en fait pas\u2026 un serpent. <\/b>Cette <b>sculpture a un tout autre sens<\/b>. Voil\u00e0 pourquoi si, comme nous, vous avez longtemps cherch\u00e9 la t\u00eate, vous comprenez pour quelle raison vous ne l\u2019avez jamais trouv\u00e9e.<\/p>\n<p>La \u00ab\u2009place de la Solidarit\u00e9\u2009\u00bb avec un symbole fort au centre<\/p>\n<p class=\" wall-content\">La transformation du rond-point dont il s\u2019agit date de la<b> fin des ann\u00e9es 1980.<\/b> La<b> place des Quatre Chemins <\/b>de Wazemmes a en effet \u00e9t\u00e9 rebaptis\u00e9e<b> \u00ab\u2009place de la Solidarit\u00e9\u2009\u00bb en 1989<\/b>. Fran\u00e7ois Mitterrand a inaugur\u00e9 cette place avec sa fontaine au milieu de laquelle a \u00e9t\u00e9 install\u00e9e une imposante sculpture compos\u00e9e de 3\u2009000\u00a0pi\u00e8ces, du m\u00eame nom. Cette derni\u00e8re, qui rappelle le <b>symbole de l\u2019infini et l\u2019anneau de M\u00f6bius<\/b>, est une \u0153uvre du <b>sculpteur Marco Slinckaert.<\/b><\/p>\n<p class=\" wall-content\">\u00ab\u2009Fabriqu\u00e9e en acier inoxydable, elle a \u00e9t\u00e9 r\u00e9alis\u00e9e \u00e0 Roubaix\u2009\u00bb, par InoxyFrance plus pr\u00e9cis\u00e9ment, est-il pr\u00e9cis\u00e9 par l\u2019Institut national de l\u2019audiovisuel. Vous pouvez, <a href=\"https:\/\/www.ina.fr\/ina-eclaire-actu\/video\/rcc01000213\/avant-l-inauguration-de-la-place-et-de-la-fontaine-de-la-solidarite-a\" target=\"_blank\" rel=\"noopener\">sur le site de l\u2019INA, voir en acc\u00e8s libre un reportage d\u2019archives de France 3<\/a>. On y voit, \u00e0 l\u2019image de ce qu\u2019on trouve en 2025 sur les r\u00e9seaux sociaux, que les avis concernant cette<b> \u0153uvre de 12\u00a0m de longueur et de 7\u00a0m de hauteur <\/b>sont partag\u00e9s. \u00c0 chacun de se faire son opinion. Mais en tout cas, le quartier sans elle ne serait pas tout \u00e0 fait le m\u00eame.<\/p>\n<p class=\" wall-content\">Ce format d\u2019article vous pla\u00eet\u2009? N\u2019h\u00e9sitez pas \u00e0 nous le dire et \u00e0 nous envoyer des suggestions sur ces sculptures et autres curiosit\u00e9s qui vous questionnent, \u00e0 Lille et dans la m\u00e9tropole, via le formulaire ci-dessous.<\/p>\n<p class=\" wall-content\">Personnalisez votre actualit\u00e9 en ajoutant vos villes et m\u00e9dias en favori avec <a href=\"https:\/\/moncompte.actu.fr\" title=\"D\u00e9couvez Mon Actu\" rel=\"nofollow noopener\" data-trk=\"{&quot;cta&quot;:{&quot;action&quot;:&quot;https:\\\/\\\/moncompte.actu.fr&quot;,&quot;category&quot;:&quot;mon compte&quot;,&quot;from&quot;:&quot;article footer&quot;,&quot;name&quot;:&quot;Mon actu&quot;,&quot;type&quot;:&quot;cta&quot;}}\" target=\"_blank\">Mon Actu<\/a>.<\/p>\n","protected":false},"excerpt":{"rendered":"Par Amandine Vachez Publi\u00e9 le 23 nov. 2025 \u00e0 7h08 Si vous allez r\u00e9guli\u00e8rement dans le quartier, vous&hellip;\n","protected":false},"author":2,"featured_media":555575,"comment_status":"","ping_status":"","sticky":false,"template":"","format":"standard","meta":{"footnotes":""},"categories":[1358],"tags":[1348,1384,1385,1386,58,59,1011,27,1307,1652,2551],"class_list":{"0":"post-555574","1":"post","2":"type-post","3":"status-publish","4":"format-standard","5":"has-post-thumbnail","7":"category-arts-et-design","8":"tag-arts","9":"tag-arts-and-design","10":"tag-arts-et-design","11":"tag-design","12":"tag-divertissement","13":"tag-entertainment","14":"tag-fr","15":"tag-france","16":"tag-lille","17":"tag-loisirs-culture","18":"tag-patrimoine"},"share_on_mastodon":{"url":"https:\/\/pubeurope.com\/@fr\/115605232945799901","error":""},"_links":{"self":[{"href":"https:\/\/www.europesays.com\/fr\/wp-json\/wp\/v2\/posts\/555574","targetHints":{"allow":["GET"]}}],"collection":[{"href":"https:\/\/www.europesays.com\/fr\/wp-json\/wp\/v2\/posts"}],"about":[{"href":"https:\/\/www.europesays.com\/fr\/wp-json\/wp\/v2\/types\/post"}],"author":[{"embeddable":true,"href":"https:\/\/www.europesays.com\/fr\/wp-json\/wp\/v2\/users\/2"}],"replies":[{"embeddable":true,"href":"https:\/\/www.europesays.com\/fr\/wp-json\/wp\/v2\/comments?post=555574"}],"version-history":[{"count":0,"href":"https:\/\/www.europesays.com\/fr\/wp-json\/wp\/v2\/posts\/555574\/revisions"}],"wp:featuredmedia":[{"embeddable":true,"href":"https:\/\/www.europesays.com\/fr\/wp-json\/wp\/v2\/media\/555575"}],"wp:attachment":[{"href":"https:\/\/www.europesays.com\/fr\/wp-json\/wp\/v2\/media?parent=555574"}],"wp:term":[{"taxonomy":"category","embeddable":true,"href":"https:\/\/www.europesays.com\/fr\/wp-json\/wp\/v2\/categories?post=555574"},{"taxonomy":"post_tag","embeddable":true,"href":"https:\/\/www.europesays.com\/fr\/wp-json\/wp\/v2\/tags?post=555574"}],"curies":[{"name":"wp","href":"https:\/\/api.w.org\/{rel}","templated":true}]}}