{"id":555576,"date":"2025-11-24T14:51:32","date_gmt":"2025-11-24T14:51:32","guid":{"rendered":"https:\/\/www.europesays.com\/fr\/555576\/"},"modified":"2025-11-24T14:51:32","modified_gmt":"2025-11-24T14:51:32","slug":"lemission-lol-in-real-life-sattire-les-foudres-des-internautes","status":"publish","type":"post","link":"https:\/\/www.europesays.com\/fr\/555576\/","title":{"rendered":"L&rsquo;\u00e9mission LOL In Real Life s&rsquo;attire les foudres des internautes"},"content":{"rendered":"<p>Vendredi 21 novembre 2025, Prime Video a sorti une nouvelle \u00e9mission, LOL In Real Life, d\u00e9clinaison du concept LOL, qui rit sort. Les internautes ont d\u00e9j\u00e0 regard\u00e9 tout le programme, qui ne les a pas vraiment fait rire ! <\/p>\n<p>Prime Video a d\u00e9cid\u00e9 de surfer sur ses succ\u00e8s. Mais \u00e0 quel prix ? Apr\u00e8s le triomphe de l\u2019\u00e9mission <a href=\"https:\/\/www.programme-tv.net\/news\/tv\/377687-lol-qui-rit-sort-il-est-temps-que-ca-s-arrete-les-internautes-sont-sans-pitie-face-a-la-saison-5\/\" data-api-deeplink=\"teleloisirs:\/\/news\/377687\" target=\"_blank\" rel=\"noopener\">LOL : Qui rit, sort,<\/a> pr\u00e9sent\u00e9e par Philippe Lacheau et film\u00e9e en studio, la plateforme a d\u00e9cid\u00e9 de pousser le concept hors des plateaux de t\u00e9l\u00e9vision et de mettre des c\u00e9l\u00e9brit\u00e9s dans un lieu public pour les faire rire \u00e0 leur insu. Intitul\u00e9e <a href=\"https:\/\/www.programme-tv.net\/news\/tv\/379831-lol-in-real-life-casting-concept-ce-qu-il-faut-savoir-sur-l-emission-derivee-de-lol-qui-rit-sort\/\" data-api-deeplink=\"teleloisirs:\/\/news\/379831\" target=\"_blank\" rel=\"noopener\">LOL In Real Life<\/a>, cette d\u00e9clinaison est sortie le vendredi 21 novembre 2025 sur Prime Video et de nombreux internautes ont profit\u00e9 du week-end pour d\u00e9couvrir ce nouveau programme. Ils ont pu d\u00e9couvrir l\u2019humour du youtubeur Michou, de l\u2019influenceuse <a href=\"https:\/\/www.programme-tv.net\/biographie\/864798-locatelli-paola\/\" data-link-people=\"2a436462-c5ef-4b98-8ee6-329750572179\" target=\"_blank\" rel=\"noopener\">Paola Locatelli<\/a>, de la chanteuse Clara Luciani mais aussi les blagues des humoristes professionnels Redouane Bougheraba et Franck Dubosc. Ces cinq candidats, qui jouent toujours au profit d\u2019associations, ont d\u00fb faire rire leurs adversaires mais aussi \u2013 petite subtilit\u00e9 de cette formule \u2013 les passants, au c\u0153ur de la salle d\u2019embarquement d\u2019un a\u00e9roport.<\/p>\n<\/p>\n<p>Les internautes ne sont pas particuli\u00e8rement emball\u00e9s par ce qu\u2019ils ont vu \u00e0 l\u2019\u00e9cran. Sur l\u2019application TV Time, nombreux sont ceux qui ont fait part de leur m\u00e9contentement face \u00e0 ce nouveau jeu, et surtout face aux candidats. Une abonn\u00e9e Prime Video d\u00e9nonce : \u00ab\u00a0Michou insupportable comme toujours, pas r\u00e9ussi \u00e0 me faire rire.\u00a0\u00bb Elle dit aussi avoir eu \u00ab\u00a0du mal avec Redouane Bougheraba\u00a0\u00bb. Un commentaire second\u00e9 par un autre internaute : \u00ab\u00a0Son retour est juste tout aussi p\u00e9nible. Un gars qui ne fait qu\u2019insulter et \u00eatre agressif par humour, sans fa\u00e7on.\u00a0\u00bb Au-del\u00e0 des critiques directes sur les c\u00e9l\u00e9brit\u00e9s, les abonn\u00e9s disent avoir ressenti de la g\u00eane face au programme. \u00ab\u00a0C\u2019est malaisant au possible\u00a0\u00bb, \u00ab\u00a0Pourquoi avoir chang\u00e9 la recette de base, car l\u00e0 c\u2019est vraiment malaisant\u00a0\u00bb, \u00ab\u00a0c\u2019\u00e9tait plus g\u00eanant que dr\u00f4le\u00a0\u00bb, \u00ab\u00a0\u00e7a respire la g\u00eanance\u00a0\u00bb, \u00ab\u00a0Clara Luciani m\u2019a mis mal \u00e0 l\u2019aise de fou\u00a0\u00bb, \u00ab\u00a0Il faudrait arr\u00eater je pense\u00a0\u00bb, disent-ils.<\/p>\n<p>            Tous les \u00e9pisodes de LOL In Real Life sont-ils sortis ?<\/p>\n<p>Si cette nouvelle formule a permis de cr\u00e9er des interactions avec le public et donc d\u2019imposer des contraintes nouvelles aux candidats, elle ne semble pas avoir conquis les abonn\u00e9s. On ne vous r\u00e9v\u00e8lera pas ici <a href=\"https:\/\/www.programme-tv.net\/news\/tv\/392560-qui-a-gagne-lol-in-real-life-sur-prime-video\/\" data-api-deeplink=\"teleloisirs:\/\/news\/392560\" target=\"_blank\" rel=\"noopener\">le nom du gagnant<\/a> mais sachez que tous les \u00e9pisodes sont d\u00e9j\u00e0 disponibles si l\u2019id\u00e9e vous intrigue.<\/p>\n<p>Article \u00e9crit en collaboration avec 6m\u00e9dias<\/p>\n","protected":false},"excerpt":{"rendered":"Vendredi 21 novembre 2025, Prime Video a sorti une nouvelle \u00e9mission, LOL In Real Life, d\u00e9clinaison du concept&hellip;\n","protected":false},"author":2,"featured_media":555577,"comment_status":"","ping_status":"","sticky":false,"template":"","format":"standard","meta":{"footnotes":""},"categories":[1356],"tags":[4225,22007,244,58,59,1011,27,7187,67319,67318,23821,10922,4224,67317,129,252,1364],"class_list":{"0":"post-555576","1":"post","2":"type-post","3":"status-publish","4":"format-standard","5":"has-post-thumbnail","7":"category-television","8":"tag-amazon-prime-vidu00e9o","9":"tag-clara-luciani","10":"tag-commentaire","11":"tag-divertissement","12":"tag-entertainment","13":"tag-fr","14":"tag-france","15":"tag-franck-dubosc","16":"tag-lol-in-real-life","17":"tag-lol-in-real-life-1566163210","18":"tag-michou-youtubeur","19":"tag-philippe-lacheau","20":"tag-pub-streaming-prime-video","21":"tag-redouane-bougheraba","22":"tag-svod","23":"tag-television","24":"tag-tv"},"share_on_mastodon":{"url":"https:\/\/pubeurope.com\/@fr\/115605240743395129","error":""},"_links":{"self":[{"href":"https:\/\/www.europesays.com\/fr\/wp-json\/wp\/v2\/posts\/555576","targetHints":{"allow":["GET"]}}],"collection":[{"href":"https:\/\/www.europesays.com\/fr\/wp-json\/wp\/v2\/posts"}],"about":[{"href":"https:\/\/www.europesays.com\/fr\/wp-json\/wp\/v2\/types\/post"}],"author":[{"embeddable":true,"href":"https:\/\/www.europesays.com\/fr\/wp-json\/wp\/v2\/users\/2"}],"replies":[{"embeddable":true,"href":"https:\/\/www.europesays.com\/fr\/wp-json\/wp\/v2\/comments?post=555576"}],"version-history":[{"count":0,"href":"https:\/\/www.europesays.com\/fr\/wp-json\/wp\/v2\/posts\/555576\/revisions"}],"wp:featuredmedia":[{"embeddable":true,"href":"https:\/\/www.europesays.com\/fr\/wp-json\/wp\/v2\/media\/555577"}],"wp:attachment":[{"href":"https:\/\/www.europesays.com\/fr\/wp-json\/wp\/v2\/media?parent=555576"}],"wp:term":[{"taxonomy":"category","embeddable":true,"href":"https:\/\/www.europesays.com\/fr\/wp-json\/wp\/v2\/categories?post=555576"},{"taxonomy":"post_tag","embeddable":true,"href":"https:\/\/www.europesays.com\/fr\/wp-json\/wp\/v2\/tags?post=555576"}],"curies":[{"name":"wp","href":"https:\/\/api.w.org\/{rel}","templated":true}]}}