{"id":555580,"date":"2025-11-24T14:54:20","date_gmt":"2025-11-24T14:54:20","guid":{"rendered":"https:\/\/www.europesays.com\/fr\/555580\/"},"modified":"2025-11-24T14:54:20","modified_gmt":"2025-11-24T14:54:20","slug":"lacteur-indien-dharmendra-legende-de-bollywood-est-mort-a-lage-de-89-ans","status":"publish","type":"post","link":"https:\/\/www.europesays.com\/fr\/555580\/","title":{"rendered":"L\u2019acteur indien Dharmendra, l\u00e9gende de Bollywood, est mort \u00e0 l\u2019\u00e2ge de 89\u00a0ans"},"content":{"rendered":"<p>                      <img loading=\"lazy\" decoding=\"async\" src=\"https:\/\/www.europesays.com\/fr\/wp-content\/uploads\/2025\/11\/dc2b2d5_upload-1-aillz9w5bsku-000-83mx4nr.jpg\" alt=\"L\u2019acteur Dharmendra, \u00e0 son domicile de Bombay, le 8\u00a0d\u00e9cembre 2023. \"   width=\"664\" height=\"443\"\/>    L\u2019acteur Dharmendra, \u00e0 son domicile de Bombay, le 8\u00a0d\u00e9cembre 2023.  SUJIT JAISWAL\/AFP                    <\/p>\n<p class=\"article__paragraph  \">Il \u00e9tait l\u2019un des visages les plus c\u00e9l\u00e8bres de Bollywood\u00a0: l\u2019acteur indien Dharmendra (un seul nom) est mort lundi 24\u00a0novembre \u00e0 89\u00a0ans. Tout au long de sa carri\u00e8re, longue de soixante ans, il a incarn\u00e9 avec autant de succ\u00e8s les h\u00e9ros des com\u00e9dies romantiques que des films d\u2019action. \u00ab\u00a0Le d\u00e9c\u00e8s de Dharmendra tourne une page de l\u2019histoire du cin\u00e9ma indien\u00a0\u00bb, a salu\u00e9 le premier ministre indien, Narendra Modi, sur X. \u00ab\u00a0Il \u00e9tait une ic\u00f4ne, un acteur ph\u00e9nom\u00e9nal qui apportait son charme et sa profondeur \u00e0 tous les personnages qu\u2019il a interpr\u00e9t\u00e9s.\u00a0\u00bb<\/p>\n<p class=\"article__paragraph  \">En soixante ans de carri\u00e8re, il est apparu dans plus de 250\u00a0films, a \u00e9t\u00e9 \u00e9lu au Parlement et a \u00e9t\u00e9 distingu\u00e9 par les plus hautes distinctions. C\u2019est en d\u00e9voilant en\u00a01966 sa poitrine nue \u2013 une premi\u00e8re dans le cin\u00e9ma indien \u2013 dans Mon c\u0153ur est \u00e0 toi, moi avec qu\u2019il a acc\u00e9d\u00e9 au rang de star, en recevant une avalanche de lettres d\u2019admiratrices \u00e9namour\u00e9es.<\/p>\n<p class=\"article__paragraph  \">N\u00e9 le 8\u00a0d\u00e9cembre\u00a01935 dans l\u2019Etat du Punjab, il a embrass\u00e9 la carri\u00e8re d\u2019acteur par hasard en remportant le concours d\u2019un magazine consacr\u00e9 aux c\u00e9l\u00e9brit\u00e9s. \u00ab\u00a0Je n\u2019avais que mes r\u00eaves\u00a0\u00bb, avait-il confi\u00e9. \u00ab\u00a0J\u2019\u00e9tais alors un villageois sans \u00e9ducation, j\u2019ignorais tout du m\u00e9tier d\u2019acteur.\u00a0\u00bb<\/p>\n<p>                         <img loading=\"lazy\" decoding=\"async\" src=\"https:\/\/www.europesays.com\/fr\/wp-content\/uploads\/2025\/11\/1b47336_ftp-import-images-1-fghvyfirjvbx-2025-11-24t121057z-112330998-rc2x2iaauuwy-rtrmadp-3-india-b.jpeg\" alt=\"Des fans d\u00e9corent d\u2019une guirlande une photo de l\u2019acteur bollywoodien Dharmendra, devant le cr\u00e9matorium o\u00f9 se d\u00e9roulent ses fun\u00e9railles \u00e0 Bombay, en Inde, le 24\u00a0novembre 2025. \"   width=\"664\" height=\"443\"\/>    Des fans d\u00e9corent d\u2019une guirlande une photo de l\u2019acteur bollywoodien Dharmendra, devant le cr\u00e9matorium o\u00f9 se d\u00e9roulent ses fun\u00e9railles \u00e0 Bombay, en Inde, le 24\u00a0novembre 2025.  FRANCIS MASCARENHAS \/ REUTERS                    <\/p>\n<p class=\"article__paragraph  \">Dharendra a partag\u00e9 l\u2019\u00e9cran avec de nombreux grands noms du septi\u00e8me art indien, dont celle qui est consid\u00e9r\u00e9e comme sa premi\u00e8re star f\u00e9minine, Hema Malini, qui deviendra en\u00a01980 sa deuxi\u00e8me \u00e9pouse sans qu\u2019il divorce de la premi\u00e8re. Pas de quoi ternir sa r\u00e9putation ni son succ\u00e8s. En\u00a02007, son r\u00f4le dans le culte Life in a Metro, \u00e0 71\u00a0ans, a encore rempli les salles.<\/p>\n<p class=\"article__paragraph  \">\u00ab\u00a0Je n\u2019ai jamais \u00e9t\u00e9 satisfait de mon allure \u00e0 l\u2019\u00e9cran\u00a0\u00bb, confiait-il pourtant en\u00a02011. \u00ab\u00a0Je n\u2019ai jamais arr\u00eat\u00e9 de r\u00e9clamer \u00e0 mes r\u00e9alisateurs de nouvelles prises.\u00a0\u00bb <\/p>\n<p>                                 Lire aussi |  Article r\u00e9serv\u00e9 \u00e0 nos abonn\u00e9s  <a href=\"https:\/\/www.lemonde.fr\/idees\/article\/2025\/09\/21\/le-cinema-indien-de-bollywood-a-perdu-son-ame-pluraliste_6642256_3232.html\" class=\"js-article-read-also catcher--favoris__link\" data-premium=\"1\" id=\"article-title-3438179\" target=\"_blank\" rel=\"noopener\">\u00ab\u00a0Le cin\u00e9ma indien de Bollywood a perdu son \u00e2me pluraliste\u00a0\u00bb<\/a>    <\/p>\n<p>   Lire plus tard  <\/p>\n<p class=\"author__detail\">  Le Monde avec AFP  <\/p>\n<p>                <a href=\"https:\/\/www.lemonde.fr\/syndication\/\" class=\"reuse__content\" title=\"R\u00e9utiliser ce contenu\" target=\"_blank\" rel=\"noopener\">R\u00e9utiliser ce contenu<\/a>      <\/p>\n","protected":false},"excerpt":{"rendered":"L\u2019acteur Dharmendra, \u00e0 son domicile de Bombay, le 8\u00a0d\u00e9cembre 2023. SUJIT JAISWAL\/AFP Il \u00e9tait l\u2019un des visages les&hellip;\n","protected":false},"author":2,"featured_media":555581,"comment_status":"","ping_status":"","sticky":false,"template":"","format":"standard","meta":{"footnotes":""},"categories":[1354],"tags":[58,59,1346,1011,27,1360],"class_list":{"0":"post-555580","1":"post","2":"type-post","3":"status-publish","4":"format-standard","5":"has-post-thumbnail","7":"category-films","8":"tag-divertissement","9":"tag-entertainment","10":"tag-films","11":"tag-fr","12":"tag-france","13":"tag-movies"},"share_on_mastodon":{"url":"https:\/\/pubeurope.com\/@fr\/115605253392458818","error":""},"_links":{"self":[{"href":"https:\/\/www.europesays.com\/fr\/wp-json\/wp\/v2\/posts\/555580","targetHints":{"allow":["GET"]}}],"collection":[{"href":"https:\/\/www.europesays.com\/fr\/wp-json\/wp\/v2\/posts"}],"about":[{"href":"https:\/\/www.europesays.com\/fr\/wp-json\/wp\/v2\/types\/post"}],"author":[{"embeddable":true,"href":"https:\/\/www.europesays.com\/fr\/wp-json\/wp\/v2\/users\/2"}],"replies":[{"embeddable":true,"href":"https:\/\/www.europesays.com\/fr\/wp-json\/wp\/v2\/comments?post=555580"}],"version-history":[{"count":0,"href":"https:\/\/www.europesays.com\/fr\/wp-json\/wp\/v2\/posts\/555580\/revisions"}],"wp:featuredmedia":[{"embeddable":true,"href":"https:\/\/www.europesays.com\/fr\/wp-json\/wp\/v2\/media\/555581"}],"wp:attachment":[{"href":"https:\/\/www.europesays.com\/fr\/wp-json\/wp\/v2\/media?parent=555580"}],"wp:term":[{"taxonomy":"category","embeddable":true,"href":"https:\/\/www.europesays.com\/fr\/wp-json\/wp\/v2\/categories?post=555580"},{"taxonomy":"post_tag","embeddable":true,"href":"https:\/\/www.europesays.com\/fr\/wp-json\/wp\/v2\/tags?post=555580"}],"curies":[{"name":"wp","href":"https:\/\/api.w.org\/{rel}","templated":true}]}}