{"id":555582,"date":"2025-11-24T14:55:20","date_gmt":"2025-11-24T14:55:20","guid":{"rendered":"https:\/\/www.europesays.com\/fr\/555582\/"},"modified":"2025-11-24T14:55:20","modified_gmt":"2025-11-24T14:55:20","slug":"grippe-la-vaccination-pour-eviter-un-nouvel-hiver-meurtrier","status":"publish","type":"post","link":"https:\/\/www.europesays.com\/fr\/555582\/","title":{"rendered":"Grippe : la vaccination pour \u00e9viter un nouvel hiver meurtrier"},"content":{"rendered":"<p>             <a href=\"https:\/\/ma-sante.news\/wp-content\/uploads\/2025\/11\/Grippe-la-France-renforce-sa-vaccination-pour-eviter-un-nouvel-hiver-meurtrier-Ma-Sante.jpg\" data-caption=\"Et vous, \u00eates-vous vaccin\u00e9 contre la grippe ? \u00a9 DepositPhotos\" target=\"_blank\" rel=\"noopener\"><img loading=\"lazy\" decoding=\"async\" width=\"696\" height=\"392\" class=\"entry-thumb td-modal-image ewww_webp_lazy_load\" src=\"data:image\/svg+xml,%3Csvg%20xmlns=\" http:=\"\" data-lazy- data-lazy- alt=\"Une jeune femme qui se fait vacciner contre la grippe pour se prot\u00e9ger, elle et les autres, face \u00e0 l'\u00e9pid\u00e9mie de cet hiver.\" title=\"Grippe la France renforce sa vaccination pour e\u0301viter un nouvel hiver meurtrier Ma Sante\u0301\" data-lazy-src=\"https:\/\/www.europesays.com\/fr\/wp-content\/uploads\/2025\/11\/Grippe-la-France-renforce-sa-vaccination-pour-eviter-un-nouvel-hiver-meurtrier-Ma-Sante-696x392.jpg\" data-lazy-src-webp=\"https:\/\/www.europesays.com\/fr\/wp-content\/uploads\/2025\/11\/Grippe-la-France-renforce-sa-vaccination-pour-eviter-un-nouvel-hiver-meurtrier-Ma-Sante-696x392.jpg.webp\" data-lazy-srcset-webp=\"https:\/\/www.europesays.com\/fr\/wp-content\/uploads\/2025\/11\/Grippe-la-France-renforce-sa-vaccination-pour-eviter-un-nouvel-hiver-meurtrier-Ma-Sante-696x392.jpg.webp 696w, https:\/\/ma-sante.news\/wp-content\/uploads\/2025\/11\/Grippe-la-France-renforce-sa-vaccination-pour-eviter-un-nouvel-hiver-meurtrier-Ma-Sante-300x169.jpg.webp 300w, https:\/\/ma-sante.news\/wp-content\/uploads\/2025\/11\/Grippe-la-France-renforce-sa-vaccination-pour-eviter-un-nouvel-hiver-meurtrier-Ma-Sante-768x432.jpg.webp 768w, https:\/\/ma-sante.news\/wp-content\/uploads\/2025\/11\/Grippe-la-France-renforce-sa-vaccination-pour-eviter-un-nouvel-hiver-meurtrier-Ma-Sante-747x420.jpg.webp 747w, https:\/\/ma-sante.news\/wp-content\/uploads\/2025\/11\/Grippe-la-France-renforce-sa-vaccination-pour-eviter-un-nouvel-hiver-meurtrier-Ma-Sante.jpg.webp 800w\"\/><\/a>Et vous, \u00eates-vous vaccin\u00e9 contre la grippe ? \u00a9 DepositPhotos                                    \t\t\t             <a class=\"gofollow\" data-track=\"MjgsMCw2MA==\" href=\"https:\/\/ma-sante.news\/inscrivez-vous-a-notre-newsletter\/\" target=\"_blank\" rel=\"noopener\"><img loading=\"lazy\" decoding=\"async\" width=\"1068\" height=\"131\" src=\"data:image\/svg+xml,%3Csvg%20xmlns=\" http:=\"\" data-lazy-src=\"https:\/\/www.europesays.com\/fr\/wp-content\/uploads\/2025\/03\/banniere-newsletter.png\"\/><\/a> <\/p>\n<p>L\u2019hiver 2024-2025 a laiss\u00e9 des traces. Selon Sant\u00e9 publique France, <a href=\"https:\/\/ma-sante.news\/grippe-plus-de-17-000-morts-lhiver-dernier-pourquoi-la-vaccination-reste-t-elle-si-faible\/\" target=\"_blank\" rel=\"noopener\">l\u2019\u00e9pid\u00e9mie de grippe a provoqu\u00e9 environ 17 600 d\u00e9c\u00e8s<\/a> toutes causes confondues en exc\u00e8s, contre une moyenne de l\u2019ordre de 10 000 les ann\u00e9es \u00ab normales \u00bb. Par ailleurs, on recense pr\u00e8s de 30 000 hospitalisations apr\u00e8s passage aux urgences pour grippe ou syndrome grippal. Il ne s\u2019agissait pas d\u2019une grippe \u00ab anodine \u00bb.\u00a0<\/p>\n<p>Le vent s\u2019est donc lev\u00e9 <a href=\"https:\/\/ma-sante.news\/se-vacciner-contre-la-grippe-pas-un-aveu-de-faiblesse-mais-un-reflexe-sante\/\" target=\"_blank\" rel=\"noopener\">pour que la vaccination antigrippale soit plus visible, plus accessible<\/a>, et (esp\u00e9rons-le) plus efficace. Cette ann\u00e9e, la campagne est officiellement ouverte depuis le 9 septembre 2025 \u00e0 Mayotte et \u00e0 partir du 14 octobre 2025 en m\u00e9tropole, aux Antilles et Guyane.<\/p>\n<p>Et d\u00e8s les premiers jours, la d\u00e9livrance des doses a bondi. Selon les donn\u00e9es de GERS Data, plus de 2,1 millions de doses ont \u00e9t\u00e9 d\u00e9livr\u00e9es, soit une hausse de +36 % par rapport \u00e0 la m\u00eame p\u00e9riode en 2024.<a href=\"https:\/\/www.pharma365.fr\/je-m-informe\/actualites-2\/vaccination-grippe-2025-un-demarrage-en-trombe-36-de-doses-delivrees\/?utm_source=chatgpt.com\" target=\"_blank\" rel=\"noopener\"> <\/a>Aussi, pr\u00e8s de 19 millions de bons de prise en charge ont \u00e9t\u00e9 envoy\u00e9s et 14 millions de doses s\u00e9curis\u00e9es pour cette campagne.\u00a0<\/p>\n<p>        Vaccination contre la grippe : pourquoi ce renforcement ?    <strong>Mieux prot\u00e9ger contre les formes graves : l\u2019enjeu majeur<\/strong>    <\/p>\n<p>Contrairement \u00e0 l\u2019image un peu banale qu\u2019on lui associe parfois,<a href=\"https:\/\/ma-sante.news\/vaccin-chez-les-seniors-la-grippe-nest-pas-une-maladie-benigne\/\" target=\"_blank\" rel=\"noopener\"> la grippe n\u2019est pas seulement une \u00ab grosse cr\u00e8ve \u00bb qui cloue au lit <\/a>quelques jours. Pour les personnes fragiles, elle peut provoquer des complications s\u00e9v\u00e8res :\u00a0<\/p>\n<p>Selon Vaccination Info Service (Sant\u00e9 publique France), la vaccination antigrippale permettrait de pr\u00e9venir environ 2 000 d\u00e9c\u00e8s chaque ann\u00e9e chez les personnes de 65 ans et plus.<\/p>\n<p>Cette population, d\u2019ailleurs, a pay\u00e9 un lourd tribut l\u2019hiver dernier. <a href=\"https:\/\/ma-sante.news\/vaccin-contre-la-grippe-pourquoi-est-il-moins-efficace-chez-les-seniors\/\" target=\"_blank\" rel=\"noopener\">La grippe a \u00e9t\u00e9 particuli\u00e8rement agressive chez les seniors,<\/a> entra\u00eenant une hausse notable des hospitalisations et une surmortalit\u00e9 hivernale marqu\u00e9e.<\/p>\n<p>        <strong>Grippe : rattraper une couverture vaccinale encore trop basse<\/strong>    <\/p>\n<p>La couverture vaccinale reste insuffisante. Lors de la pr\u00e9c\u00e9dente saison, seulement 53,7 % des personnes de 65 ans et plus se sont fait vacciner, d\u2019apr\u00e8s les donn\u00e9es de l\u2019Assurance maladie. On pourrait croire que c\u2019est correct\u2026 jusqu\u2019\u00e0 se rappeler que ce sont justement les seniors qui risquent le plus les complications.<\/p>\n<p>Quant aux adultes de moins de 65 ans pr\u00e9sentant des facteurs de risque, ils n\u2019\u00e9taient qu\u2019environ 25 % \u00e0 avoir franchi le pas, selon l\u2019Association Sant\u00e9 Respiratoire France.<\/p>\n<p>Alors, la France entre chaque hiver avec une part importante de population fragile encore expos\u00e9e. Et plus la grippe circule dans ces groupes, <a href=\"https:\/\/ma-sante.news\/pr-franck-chauvin-notre-systeme-de-sante-se-grippe-progressivement\/\" target=\"_blank\" rel=\"noopener\">plus les h\u00f4pitaux sont mis sous tension<\/a>, ce que l\u2019on a clairement observ\u00e9 l\u2019hiver dernier.<\/p>\n<p>D\u2019o\u00f9 la strat\u00e9gie 2025-2026 : \u00e9largir, encourager, rappeler, et vacciner plus t\u00f4t, pour gagner du terrain <a href=\"https:\/\/ma-sante.news\/epidemie-grippe-baisse-pic-depasse-mais-risques-toujours-presents\/\" target=\"_blank\" rel=\"noopener\">avant l\u2019arriv\u00e9e du pic \u00e9pid\u00e9mique. <\/a>Les autorit\u00e9s esp\u00e8rent ainsi faire grimper ces taux qui, depuis plusieurs ann\u00e9es, stagnent \u00e0 un niveau trop bas pour constituer un rempart collectif efficace.<\/p>\n<p>        <strong>Des vaccins mieux cibl\u00e9s, adapt\u00e9s \u00e0 chaque profil<\/strong>    <\/p>\n<p>La campagne actuelle b\u00e9n\u00e9ficie aussi d\u2019un panel vaccinal plus vari\u00e9 et mieux pens\u00e9 qu\u2019il y a quelques ann\u00e9es. Pour 2025-2026, pas moins de cinq vaccins antigrippaux sont disponibles en France :\u00a0<\/p>\n<ul class=\"wp-block-list\">\n<li>Vaxigrip\u00ae,\u00a0<\/li>\n<li>Influvac\u00ae,\u00a0<\/li>\n<li>Flucelvax\u00ae,\u00a0<\/li>\n<li><a href=\"https:\/\/ma-sante.news\/efluelda-le-vaccin-antigrippal-haute-dose-de-sanofi-fait-son-retour-en-france\/\" target=\"_blank\" rel=\"noopener\">Efluelda\u00ae<\/a>,<\/li>\n<li>Fluad\u00ae.<\/li>\n<\/ul>\n<p>Tous les vaccins ne se valent pas pour tous les publics. Le syst\u00e8me immunitaire des personnes \u00e2g\u00e9es, par exemple, r\u00e9agit parfois moins bien aux vaccins classiques. C\u2019est pourquoi les autorit\u00e9s sanitaires recommandent pour les 65 ans et plus des formulations \u201chautement dos\u00e9es\u201d ou \u201cadjuvant\u00e9es\u201d comme Efluelda\u00ae ou Fluad\u00ae, qui renforcent la r\u00e9ponse immunitaire.<\/p>\n<p>Cette recommandation, confirm\u00e9e par l\u2019Association Sant\u00e9 Respiratoire France, vise \u00e0 garantir une meilleure protection l\u00e0 o\u00f9 elle est la plus n\u00e9cessaire.<\/p>\n<p>        \u00c9pid\u00e9mie de grippe : en quoi cette vaccination prot\u00e8ge-t-elle ?    <\/p>\n<p>Le r\u00f4le de la vaccination antigrippale se d\u00e9cline en plusieurs b\u00e9n\u00e9fices fondamentaux :<\/p>\n<ul class=\"wp-block-list\">\n<li>R\u00e9duction du risque d\u2019infection grave : m\u00eame si le vaccin ne garantit pas \u00e0 100 % de ne pas attraper la grippe (efficacit\u00e9 variable selon les souches), il diminue significativement les complications, hospitalisations, et d\u00e9c\u00e8s.<\/li>\n<li>Effet protecteur collectif : en vaccinant une large part de la population, on limite la circulation virale, ce qui prot\u00e8ge aussi les personnes fragiles qui n\u2019auraient pas une bonne r\u00e9ponse vaccinale.<\/li>\n<li>Accessibilit\u00e9 am\u00e9lior\u00e9e : la prise en charge \u00e0 100 % pour les personnes \u00e0 risque (personnes \u00e2g\u00e9es, comorbidit\u00e9s\u2026) est confirm\u00e9e.<\/li>\n<li>Cohabitation avec d\u2019autres vaccins : cette ann\u00e9e, on rappelle que<a href=\"https:\/\/ma-sante.news\/vaccination-contre-la-grippe-et-le-covid-19-faut-savoir-sur-la-campagne-automne-2025\/\" target=\"_blank\" rel=\"noopener\"> la vaccination grippe peut \u00eatre faite le m\u00eame jour que celle contre la COVID\u201119<\/a>.<\/li>\n<li>Temps d\u2019efficacit\u00e9 : il faut compter environ deux semaines apr\u00e8s l\u2019injection pour que l\u2019immunit\u00e9 se mette en place. Vacciner t\u00f4t, c\u2019est donc s\u2019assurer d\u2019\u00eatre prot\u00e9g\u00e9 avant le pic \u00e9pid\u00e9mique.<\/li>\n<\/ul>\n<p>En bref, ce n\u2019est pas simplement \u00ab pour ne pas avoir la grippe \u00bb, c\u2019est pour ne pas tomber gr\u00e8vement malade et pour prot\u00e9ger les autres.<\/p>\n<p>        Campagne de vaccination : un regard vers l\u2019avenir    <\/p>\n<p>La dynamique observ\u00e9e en ce d\u00e9but de campagne a de quoi donner le sourire aux autorit\u00e9s sanitaires, mais l\u2019histoire ne s\u2019arr\u00eate pas l\u00e0. Le v\u00e9ritable test sera de voir si cette avalanche de doses d\u00e9livr\u00e9es se traduit, dans les semaines qui viennent, par une vaccination massive et r\u00e9ellement protectrice. Car seule une forte couverture permettra d\u2019\u00e9viter un nouvel hiver satur\u00e9 en formes graves.<\/p>\n<p>Reste aussi l\u2019\u00e9ternelle variable d\u2019ajustement : le virus lui-m\u00eame. Chaque ann\u00e9e, il change l\u00e9g\u00e8rement de visage, et l\u2019efficacit\u00e9 du vaccin d\u00e9pend toujours de ce jeu d\u2019anticipation entre les souches s\u00e9lectionn\u00e9es et celles qui finiront par circuler. C\u2019est l\u2019incertitude la plus scrut\u00e9e par les \u00e9pid\u00e9miologistes.<\/p>\n<p>Et puis il y a ce dernier d\u00e9fi, plus subtil mais tout aussi crucial : l\u2019adh\u00e9sion du public. Les chiffres ne suffisent pas si la population ne voit pas dans la vaccination un acte de pr\u00e9vention essentiel, au-del\u00e0 de la simple protection individuelle.<\/p>\n<blockquote class=\"wp-block-quote is-layout-flow wp-block-quote-is-layout-flow\">\n<p><strong>\u00c0 SAVOIR<\/strong><\/p>\n<p>Le vaccin contre la grippe est pris en charge \u00e0 100 % uniquement pour les personnes \u00e0 risque : les 65 ans et plus, les personnes atteintes de maladies chroniques, les femmes enceintes et les personnes souffrant d\u2019ob\u00e9sit\u00e9 s\u00e9v\u00e8re (IMC \u2265 40). Pour ces publics, un bon de prise en charge est envoy\u00e9 automatiquement par l\u2019Assurance Maladie.<\/p>\n<\/blockquote>\n<p>  <a class=\"gofollow\" data-track=\"MTIsMCw2MA==\" href=\"https:\/\/ma-sante.news\/annonceurs\/\" target=\"_blank\" rel=\"noopener\"><img loading=\"lazy\" decoding=\"async\" width=\"2560\" height=\"2133\" src=\"data:image\/svg+xml,%3Csvg%20xmlns=\" http:=\"\" data-lazy-src=\"https:\/\/www.europesays.com\/fr\/wp-content\/uploads\/2025\/03\/pub-annonceurs-4-scaled.jpg\"\/><\/a>    <img loading=\"lazy\" decoding=\"async\" width=\"755\" height=\"495\" src=\"data:image\/svg+xml,%3Csvg%20xmlns=\" http:=\"\" data-lazy-src=\"https:\/\/www.europesays.com\/fr\/wp-content\/uploads\/2025\/03\/Image1.jpg\" data-lazy-src-webp=\"https:\/\/www.europesays.com\/fr\/wp-content\/uploads\/2025\/03\/Image1.jpg.webp\" class=\"ewww_webp_lazy_load\"\/>Inscrivez-vous \u00e0 notre newsletter <br \/>Ma Sant\u00e9                      <\/p>\n","protected":false},"excerpt":{"rendered":"Et vous, \u00eates-vous vaccin\u00e9 contre la grippe ? \u00a9 DepositPhotos L\u2019hiver 2024-2025 a laiss\u00e9 des traces. Selon Sant\u00e9&hellip;\n","protected":false},"author":2,"featured_media":555583,"comment_status":"","ping_status":"","sticky":false,"template":"","format":"standard","meta":{"footnotes":""},"categories":[10],"tags":[1011,27,72,71,10655,773,10105],"class_list":{"0":"post-555582","1":"post","2":"type-post","3":"status-publish","4":"format-standard","5":"has-post-thumbnail","7":"category-sante","8":"tag-fr","9":"tag-france","10":"tag-health","11":"tag-sante","12":"tag-u00e9pidu00e9mie-grippe","13":"tag-vaccin","14":"tag-virus-grippe"},"share_on_mastodon":{"url":"https:\/\/pubeurope.com\/@fr\/115605256465531495","error":""},"_links":{"self":[{"href":"https:\/\/www.europesays.com\/fr\/wp-json\/wp\/v2\/posts\/555582","targetHints":{"allow":["GET"]}}],"collection":[{"href":"https:\/\/www.europesays.com\/fr\/wp-json\/wp\/v2\/posts"}],"about":[{"href":"https:\/\/www.europesays.com\/fr\/wp-json\/wp\/v2\/types\/post"}],"author":[{"embeddable":true,"href":"https:\/\/www.europesays.com\/fr\/wp-json\/wp\/v2\/users\/2"}],"replies":[{"embeddable":true,"href":"https:\/\/www.europesays.com\/fr\/wp-json\/wp\/v2\/comments?post=555582"}],"version-history":[{"count":0,"href":"https:\/\/www.europesays.com\/fr\/wp-json\/wp\/v2\/posts\/555582\/revisions"}],"wp:featuredmedia":[{"embeddable":true,"href":"https:\/\/www.europesays.com\/fr\/wp-json\/wp\/v2\/media\/555583"}],"wp:attachment":[{"href":"https:\/\/www.europesays.com\/fr\/wp-json\/wp\/v2\/media?parent=555582"}],"wp:term":[{"taxonomy":"category","embeddable":true,"href":"https:\/\/www.europesays.com\/fr\/wp-json\/wp\/v2\/categories?post=555582"},{"taxonomy":"post_tag","embeddable":true,"href":"https:\/\/www.europesays.com\/fr\/wp-json\/wp\/v2\/tags?post=555582"}],"curies":[{"name":"wp","href":"https:\/\/api.w.org\/{rel}","templated":true}]}}