{"id":555584,"date":"2025-11-24T14:56:14","date_gmt":"2025-11-24T14:56:14","guid":{"rendered":"https:\/\/www.europesays.com\/fr\/555584\/"},"modified":"2025-11-24T14:56:14","modified_gmt":"2025-11-24T14:56:14","slug":"greenwood-na-rien-a-faire-dans-ce-club-lequipe-du-soir-fait-polemique","status":"publish","type":"post","link":"https:\/\/www.europesays.com\/fr\/555584\/","title":{"rendered":"\u00ab\u00a0Greenwood n\u2019a rien \u00e0 faire dans ce club\u00a0\u00bb, L\u2019Equipe du Soir fait pol\u00e9mique"},"content":{"rendered":"<p><b>Auteur d\u2019un doubl\u00e9 \u00e0 Nice vendredi (1-5), Mason Greenwood a encore livr\u00e9 une performance de tr\u00e8s haut niveau. L\u2019attaquant anglais est clairement sur une autre plan\u00e8te depuis son arriv\u00e9e \u00e0 l\u2019OM il y a un an et demi.<\/b><\/p>\n<p>Co-meilleur buteur de <a href=\"https:\/\/www.foot01.com\/ligue1\" title=\"Ligue 1\" target=\"_blank\" rel=\"noopener\">Ligue 1<\/a> la saison derni\u00e8re, Mason Greenwood est parti sur les m\u00eames bases en 2025-2026. Auteur d\u2019un doubl\u00e9 \u00e0 Nice vendredi soir, l\u2019attaquant anglais de 24 ans a pris seul la t\u00eate du classement des buteurs devant Joaquin Panichelli, muet \u00e0 Lens samedi. Au-del\u00e0 de ses buts, dont certains sont tr\u00e8s spectaculaires comme son deuxi\u00e8me sur la pelouse de Nice ce week-end, <a href=\"https:\/\/www.foot01.com\/marseille\/om-greenwood-agresse-langleterre-retourne-sa-veste\" target=\"_self\" rel=\"noopener\">Mason Greenwood semble s\u2019\u00e9panouir encore davantage cette saison<\/a>. Pr\u00e9sent d\u00e9fensivement, plus altruiste, l\u2019ancien joueur de Manchester United devient un joueur complet et Roberto De Zerbi s\u2019en est f\u00e9licit\u00e9 en conf\u00e9rence de presse d\u2019apr\u00e8s-match.Mason Greenwood trop fort pour l&rsquo;OM ?<\/p>\n<p>Son d\u00e9part \u00e0 la fin de la saison n\u2019est pas \u00e0 exclure car avec de telles performances, Mason Greenwood va logiquement attiser la convoitise de tr\u00e8s gros clubs europ\u00e9ens. Cela ne surprendrait pas Jeremy Jeanningros. Le journaliste a \u00e9t\u00e9 tr\u00e8s cash dans L\u2019Equipe du Soir, affirmant que selon lui, l\u2019ailier anglais qui a r\u00e9cemment obtenu la nationalit\u00e9 jama\u00efcaine n\u2019avait \u00ab rien \u00e0 faire\u00a0\u00bb dans un club comme Marseille.<\/p>\n<p>\u00ab Le MVP de l\u2019OM \u00e0 Nice ? Pour moi, c\u2019est Aubameyang qui a \u00e9t\u00e9 le meilleur joueur du match. Evidemment Greenwood est au-dessus de la Ligue 1, il n\u2019a presque rien \u00e0 faire dans ce club. Il a des qualit\u00e9s que personne n\u2019a dans cette \u00e9quipe mais Aubameyang, c\u2019est lui qui m\u2019a le plus impressionn\u00e9. C\u2019est lui qui calme ses co\u00e9quipiers quand il y a besoin de le faire. C\u2019est lui qui encourage, qui est toujours l\u00e0. L\u2019OM a beaucoup jou\u00e9 long sur Aubameyang, il a gagn\u00e9 tous ses duels. C\u2019est lui qui a le plus b\u00e9n\u00e9fici\u00e9 des erreurs de la d\u00e9fense ni\u00e7oise. Depuis les tribunes, c\u2019est lui qui \u00e9tait le plus impressionnant\u00a0\u00bb a comment\u00e9 le journaliste, dont les propos ont un peu crisp\u00e9 les supporters marseillais sur les r\u00e9seaux sociaux.<\/p>\n<p>En attendant, Mason Greenwood fait bel et bien le bonheur de l\u2019Olympique de Marseille, et sans doute bient\u00f4t des finances phoc\u00e9ennes. Car son d\u00e9part s\u2019il intervient \u00e0 la fin de la saison devrait rapporter le gros lot au club pr\u00e9sid\u00e9 par Pablo Longoria, alors que la presse espagnole \u00e9voquait ce week-end <a href=\"https:\/\/www.foot01.com\/marseille\/lom-et-latletico-de-madrid-negocient-un-transfert-ahurissant\" target=\"_self\" rel=\"noopener\">un chiffre aux alentours des 80 millions d\u2019euros<\/a>.<\/p>\n","protected":false},"excerpt":{"rendered":"Auteur d\u2019un doubl\u00e9 \u00e0 Nice vendredi (1-5), Mason Greenwood a encore livr\u00e9 une performance de tr\u00e8s haut niveau.&hellip;\n","protected":false},"author":2,"featured_media":555585,"comment_status":"","ping_status":"","sticky":false,"template":"","format":"standard","meta":{"footnotes":""},"categories":[9],"tags":[1011,27,66,149,60,1364],"class_list":{"0":"post-555584","1":"post","2":"type-post","3":"status-publish","4":"format-standard","5":"has-post-thumbnail","7":"category-sports","8":"tag-fr","9":"tag-france","10":"tag-ligue-1","11":"tag-om","12":"tag-sports","13":"tag-tv"},"share_on_mastodon":{"url":"","error":""},"_links":{"self":[{"href":"https:\/\/www.europesays.com\/fr\/wp-json\/wp\/v2\/posts\/555584","targetHints":{"allow":["GET"]}}],"collection":[{"href":"https:\/\/www.europesays.com\/fr\/wp-json\/wp\/v2\/posts"}],"about":[{"href":"https:\/\/www.europesays.com\/fr\/wp-json\/wp\/v2\/types\/post"}],"author":[{"embeddable":true,"href":"https:\/\/www.europesays.com\/fr\/wp-json\/wp\/v2\/users\/2"}],"replies":[{"embeddable":true,"href":"https:\/\/www.europesays.com\/fr\/wp-json\/wp\/v2\/comments?post=555584"}],"version-history":[{"count":0,"href":"https:\/\/www.europesays.com\/fr\/wp-json\/wp\/v2\/posts\/555584\/revisions"}],"wp:featuredmedia":[{"embeddable":true,"href":"https:\/\/www.europesays.com\/fr\/wp-json\/wp\/v2\/media\/555585"}],"wp:attachment":[{"href":"https:\/\/www.europesays.com\/fr\/wp-json\/wp\/v2\/media?parent=555584"}],"wp:term":[{"taxonomy":"category","embeddable":true,"href":"https:\/\/www.europesays.com\/fr\/wp-json\/wp\/v2\/categories?post=555584"},{"taxonomy":"post_tag","embeddable":true,"href":"https:\/\/www.europesays.com\/fr\/wp-json\/wp\/v2\/tags?post=555584"}],"curies":[{"name":"wp","href":"https:\/\/api.w.org\/{rel}","templated":true}]}}