{"id":555586,"date":"2025-11-24T14:57:18","date_gmt":"2025-11-24T14:57:18","guid":{"rendered":"https:\/\/www.europesays.com\/fr\/555586\/"},"modified":"2025-11-24T14:57:18","modified_gmt":"2025-11-24T14:57:18","slug":"le-chanteur-jimmy-cliff-auteur-de-liconique-tube-reggae-night-est-mort","status":"publish","type":"post","link":"https:\/\/www.europesays.com\/fr\/555586\/","title":{"rendered":"Le chanteur Jimmy Cliff, auteur de l&rsquo;iconique tube Reggae Night, est mort"},"content":{"rendered":"<p>                    Par<br \/>\n        <strong><br \/>\n            <a href=\"https:\/\/actu.fr\/auteur\/redaction-actu\" title=\"Consulter tous les articles de R\u00e9daction Actu\" target=\"_blank\" rel=\"noopener\">R\u00e9daction Actu<\/a><br \/>\n                    <\/strong><\/p>\n<p>        Publi\u00e9 le<\/p>\n<p>            24 nov. 2025 \u00e0 12h49<br \/>\n        ; mis \u00e0 jour le 24 nov. 2025 \u00e0 13h16    <\/p>\n<p>Les fans de reggae endeuill\u00e9s. Le chanteur et compositeur de reggae jama\u00efcain Jimmy Cliff est mort \u00e0 l\u2019\u00e2ge de 81\u00a0ans d\u2019une <strong><a href=\"https:\/\/actu.fr\/societe\/mort-du-pape-francois-diabete-pneumonie-ces-problemes-de-sante-qui-augmentent-le-risque-d-avc_62549474.html\" target=\"_blank\" rel=\"noopener\">pneumonie<\/a>,<\/strong> a annonc\u00e9 sa famille dans un post Instagram ce lundi 24\u00a0novembre 2025.<\/p>\n<p class=\" wall-content\">\u00ab\u2009\u00c0 tous ses fans \u00e0 travers le monde, sachez que votre soutien a \u00e9t\u00e9 sa force tout au long de sa carri\u00e8re. Il appr\u00e9ciait vraiment chacun de ses fans pour leur amour\u2009\u00bb, a pr\u00e9cis\u00e9 la famille de l\u2019artiste. Il \u00e9tait notamment connu pour ses titres Reggae Night,\u00a0I can see clearly now \u2013 entendue dans le film Rasta Rockett \u2013 mais aussi d\u2019une c\u00e9l\u00e8bre reprise du titre Hakuna Matata.<\/p>\n<p class=\" wall-content\"><a href=\"https:\/\/www.instagram.com\/p\/DRb4cExDAa5\/embed\" title=\"Ouvrir le lien sur Instagram\" target=\"_blank\" rel=\"noopener\">Visualiser le contenu sur Instagram<\/a><\/p>\n<p class=\" wall-content\">\u00abJe tiens \u00e9galement \u00e0 remercier le Dr Couceyro et l\u2019ensemble du personnel m\u00e9dical, qui nous ont apport\u00e9 un soutien et une aide pr\u00e9cieux pendant cette \u00e9preuve difficile\u2009\u00bb, peut-on \u00e9galement lire.<\/p>\n<p>Chanteur mais aussi acteur<\/p>\n<p class=\" wall-content\">De son nom de naissance James Chambers, Jimmy Cliff est originaire d\u2019un milieu tr\u00e8s pauvre, a grandi \u00e0 Saint James, en Jama\u00efque. Il a grandement particip\u00e9, \u00e0 l\u2019instar de Bob Marley, \u00e0 populariser le reggae dans le monde, gr\u00e2ce \u00e0 de nombreuses tourn\u00e9es mondiales.<\/p>\n<p class=\" wall-content\">\n<p class=\" wall-content\">Le chanteur a notamment re\u00e7u deux fois le Grammy Award du meilleur album de reggae\u2009: en 1986 pour Cliff Hanger puis en 2013 pour Rebirth. Il s\u2019est \u00e9galement fait conna\u00eetre en tant qu\u2019acteur, dans le long-m\u00e9trage Harder they come, o\u00f9 il joue le r\u00f4le d\u2019un rude boy. Cette interpr\u00e9tation l\u2019installe comme un des leaders du mouvement <a href=\"https:\/\/actu.fr\/occitanie\/montpellier_34172\/concert-le-groupe-de-reggae-americain-groundation-bientot-a-montpellier_63147573.html\" target=\"_blank\" rel=\"noopener\">reggae<\/a>.<\/p>\n<p>Loin de l\u2019imagerie rasta<\/p>\n<p class=\" wall-content\">Jimmy Cliff se d\u00e9tache de l\u2019imagerie habituelle rasta \u2013 il ne l\u2019est d\u2019ailleurs pas. Il est parfois vu comme un mal aim\u00e9 du public reggae, \u00e0 cause de son image est grand public, et son c\u00f4t\u00e9 star pleinement assum\u00e9. Ce qui ne l\u2019emp\u00eache pas d\u2019\u00eatre adul\u00e9 en Am\u00e9rique du Sud et en Afrique.<\/p>\n<p class=\" wall-content\">Personnalisez votre actualit\u00e9 en ajoutant vos villes et m\u00e9dias en favori avec <a href=\"https:\/\/moncompte.actu.fr\" title=\"D\u00e9couvez Mon Actu\" rel=\"nofollow noopener\" data-trk=\"{&quot;cta&quot;:{&quot;action&quot;:&quot;https:\\\/\\\/moncompte.actu.fr&quot;,&quot;category&quot;:&quot;mon compte&quot;,&quot;from&quot;:&quot;article footer&quot;,&quot;name&quot;:&quot;Mon actu&quot;,&quot;type&quot;:&quot;cta&quot;}}\" target=\"_blank\">Mon Actu<\/a>.<\/p>\n<p>                    <script async src=\"\/\/www.instagram.com\/embed.js\"><\/script><\/p>\n","protected":false},"excerpt":{"rendered":"Par R\u00e9daction Actu Publi\u00e9 le 24 nov. 2025 \u00e0 12h49 ; mis \u00e0 jour le 24 nov. 2025&hellip;\n","protected":false},"author":2,"featured_media":555587,"comment_status":"","ping_status":"","sticky":false,"template":"","format":"standard","meta":{"footnotes":""},"categories":[8],"tags":[58,59,1011,27,74,873,1391],"class_list":{"0":"post-555586","1":"post","2":"type-post","3":"status-publish","4":"format-standard","5":"has-post-thumbnail","7":"category-divertissement","8":"tag-divertissement","9":"tag-entertainment","10":"tag-fr","11":"tag-france","12":"tag-monde","13":"tag-musique","14":"tag-necrologie"},"share_on_mastodon":{"url":"https:\/\/pubeurope.com\/@fr\/115605264387307862","error":""},"_links":{"self":[{"href":"https:\/\/www.europesays.com\/fr\/wp-json\/wp\/v2\/posts\/555586","targetHints":{"allow":["GET"]}}],"collection":[{"href":"https:\/\/www.europesays.com\/fr\/wp-json\/wp\/v2\/posts"}],"about":[{"href":"https:\/\/www.europesays.com\/fr\/wp-json\/wp\/v2\/types\/post"}],"author":[{"embeddable":true,"href":"https:\/\/www.europesays.com\/fr\/wp-json\/wp\/v2\/users\/2"}],"replies":[{"embeddable":true,"href":"https:\/\/www.europesays.com\/fr\/wp-json\/wp\/v2\/comments?post=555586"}],"version-history":[{"count":0,"href":"https:\/\/www.europesays.com\/fr\/wp-json\/wp\/v2\/posts\/555586\/revisions"}],"wp:featuredmedia":[{"embeddable":true,"href":"https:\/\/www.europesays.com\/fr\/wp-json\/wp\/v2\/media\/555587"}],"wp:attachment":[{"href":"https:\/\/www.europesays.com\/fr\/wp-json\/wp\/v2\/media?parent=555586"}],"wp:term":[{"taxonomy":"category","embeddable":true,"href":"https:\/\/www.europesays.com\/fr\/wp-json\/wp\/v2\/categories?post=555586"},{"taxonomy":"post_tag","embeddable":true,"href":"https:\/\/www.europesays.com\/fr\/wp-json\/wp\/v2\/tags?post=555586"}],"curies":[{"name":"wp","href":"https:\/\/api.w.org\/{rel}","templated":true}]}}