{"id":555590,"date":"2025-11-24T14:59:12","date_gmt":"2025-11-24T14:59:12","guid":{"rendered":"https:\/\/www.europesays.com\/fr\/555590\/"},"modified":"2025-11-24T14:59:12","modified_gmt":"2025-11-24T14:59:12","slug":"la-bce-alerte-sur-les-risques-lies-au-boom-des-stablecoins","status":"publish","type":"post","link":"https:\/\/www.europesays.com\/fr\/555590\/","title":{"rendered":"la BCE alerte sur les risques li\u00e9s au boom des stablecoins"},"content":{"rendered":"<p>\n    \u00abLeur croissance rapide et leur adoption possible dans de nouveaux usages pourraient introduire des risques pour la stabilit\u00e9 financi\u00e8re \u00e0 l\u2019avenir\u00bb, estiment des experts de l\u2019institution.<\/p>\n<p class=\"fig-paragraph\">Les risques pour la stabilit\u00e9 financi\u00e8re de la zone euro li\u00e9s\u00a0<a href=\"http:\/\/www.lefigaro.fr\/societes\/dix-banques-dont-bnp-paribas-s-allient-pour-creer-un-stablecoin-20251010\" data-fig-type=\"Article\" data-gtm-custom-categorie=\"navigation\" data-gtm-custom-action=\"crossclick\" data-gtm-custom-label=\"Contextuel\" data-gtm-event=\"customEventSPE\" data-fig-domain=\"LEFIGARO\" target=\"_blank\" rel=\"noopener\">aux stablecoins<\/a>, ces cryptomonnaies adoss\u00e9es aux devises classiques, restent limit\u00e9s, mais leur expansion rapide n\u00e9cessite une \u00absurveillance \u00e9troite\u00bb, indique la BCE lundi.<\/p>\n<p class=\"fig-paragraph\">Les stablecoins restent \u00abpeu utilis\u00e9s pour des transactions r\u00e9elles\u00bb, surtout en zone euro, et \u00abn&rsquo;ont pas encore provoqu\u00e9 de sorties importantes de d\u00e9p\u00f4ts bancaires\u00bb, note la Banque centrale europ\u00e9enne dans un article publi\u00e9 avant la parution compl\u00e8te de son rapport sur la stabilit\u00e9 financi\u00e8re, pr\u00e9vue mercredi. \u00abN\u00e9anmoins, leur croissance rapide et leur adoption possible dans de nouveaux usages pourraient introduire des risques pour la stabilit\u00e9 financi\u00e8re \u00e0 l&rsquo;avenir\u00bb, avertissent les auteurs de l&rsquo;article.<\/p>\n<p>                                    <a class=\"fig-a11y-skip a11y-hidden\" href=\"#fig-a11y-skip-main-inarticle\"><br \/>\n        Passer la publicit\u00e9<br \/>\n    <\/a><\/p>\n<p class=\"fig-paragraph\">Les stablecoins sont des cryptomonnaies \u00e0 la valeur stable, index\u00e9e sur de v\u00e9ritables devises, qui offrent la perspective de paiements \u00e0 moindres frais, imm\u00e9diats et s\u00e9curis\u00e9s, partout dans le monde. Selon l&rsquo;\u00e9tude, s&rsquo;ils \u00e9taient \u00ablargement adopt\u00e9s, les m\u00e9nages pourraient remplacer une partie de leurs d\u00e9p\u00f4ts bancaires par des avoirs en stablecoins\u00bb. Cela \u00abr\u00e9duirait une source cl\u00e9 de financement pour les banques et les laisseraient d\u00e9pendantes de ressources plus volatiles\u00bb, selon le document.<\/p>\n<p class=\"fig-body-link\">\n            \u00c0 lire aussi<br \/>\n        <a class=\"fig-body-link__link fig-premium-mark\" href=\"http:\/\/www.lefigaro.fr\/secteur\/high-tech\/stablecoin-conflits-d-interets-trafic-d-influence-world-liberty-financial-le-nouvel-empire-crypto-de-la-famille-trump-20250820\" data-fig-type=\"Article\" data-gtm-custom-categorie=\"navigation\" data-gtm-custom-action=\"crossclick\" data-gtm-custom-label=\"Contextuel\" data-gtm-event=\"customEventSPE\" data-fig-domain=\"LEFIGARO\" target=\"_blank\" rel=\"noopener\"><\/p>\n<p>        Stablecoin, conflits d\u2019int\u00e9r\u00eats, trafic d\u2019influence&#8230; World Liberty Financial, le nouvel empire crypto de la famille Trump<br \/>\n    <\/a>\n<\/p>\n<p>Diff\u00e9rence de r\u00e9gulations entre les pays<\/p>\n<p class=\"fig-paragraph\">La r\u00e9gulation r\u00e9cente sur les march\u00e9s des crypto-actifs &#8211; r\u00e8glement \u00abMiCAR\u00bb en Europe et \u00abGenius Act\u00bb pouss\u00e9 par Donald Trump aux \u00c9tats-Unis &#8211; a contribu\u00e9 \u00e0 stimuler la demande en stablecoins. Leur capitalisation d\u00e9passe d\u00e9sormais 280 milliards de dollars, soit environ 8 % du march\u00e9 total des crypto-actifs, note l&rsquo;article de la BCE. Les stablecoins \u00e9mis sont tr\u00e8s majoritairement adoss\u00e9s au dollar, principalement le Tether, \u00e9mis par l&rsquo;organisation qui porte le m\u00eame nom et USDC, cr\u00e9\u00e9 par la soci\u00e9t\u00e9 Circle, tandis que ceux en euros restent marginaux, repr\u00e9sentant environ 1% de la capitalisation.<\/p>\n<p class=\"fig-paragraph\">Les diff\u00e9rences de r\u00e8gles entre pays cr\u00e9ent cependant une autre source de risque pour les stablecoins en Europe, selon l&rsquo;article. Par exemple, si l&rsquo;une de ces cryptomonnaies est \u00e9mise \u00e0 la fois dans l&rsquo;UE et hors UE, les r\u00e9serves europ\u00e9ennes pourraient ne pas suffire pour satisfaire toutes les demandes de rachat, augmentant le risque de panique sur les march\u00e9s. \u00abCela justifie des mesures de protection suppl\u00e9mentaires avant l&rsquo;acc\u00e8s au march\u00e9 europ\u00e9en\u00bb, concluent les auteurs.<\/p>\n","protected":false},"excerpt":{"rendered":"\u00abLeur croissance rapide et leur adoption possible dans de nouveaux usages pourraient introduire des risques pour la stabilit\u00e9&hellip;\n","protected":false},"author":2,"featured_media":555591,"comment_status":"","ping_status":"","sticky":false,"template":"","format":"standard","meta":{"footnotes":""},"categories":[6],"tags":[339,340,35,343,345,350,130,344,352,349,33,34,341,313,1011,27,346,342,353,351,347,348,354],"class_list":{"0":"post-555590","1":"post","2":"type-post","3":"status-publish","4":"format-standard","5":"has-post-thumbnail","7":"category-economie","8":"tag-actualite-economique","9":"tag-bourse","10":"tag-business","11":"tag-cac-40","12":"tag-chef-dentreprise","13":"tag-concurrence","14":"tag-consommation","15":"tag-creation-dentreprise","16":"tag-crise","17":"tag-delocalisations","18":"tag-economie","19":"tag-economy","20":"tag-emploi","21":"tag-entreprises","22":"tag-fr","23":"tag-france","24":"tag-grands-patrons","25":"tag-impots","26":"tag-licenciements","27":"tag-monopole","28":"tag-multinationales","29":"tag-privatisation","30":"tag-unio"},"share_on_mastodon":{"url":"https:\/\/pubeurope.com\/@fr\/115605272371753330","error":""},"_links":{"self":[{"href":"https:\/\/www.europesays.com\/fr\/wp-json\/wp\/v2\/posts\/555590","targetHints":{"allow":["GET"]}}],"collection":[{"href":"https:\/\/www.europesays.com\/fr\/wp-json\/wp\/v2\/posts"}],"about":[{"href":"https:\/\/www.europesays.com\/fr\/wp-json\/wp\/v2\/types\/post"}],"author":[{"embeddable":true,"href":"https:\/\/www.europesays.com\/fr\/wp-json\/wp\/v2\/users\/2"}],"replies":[{"embeddable":true,"href":"https:\/\/www.europesays.com\/fr\/wp-json\/wp\/v2\/comments?post=555590"}],"version-history":[{"count":0,"href":"https:\/\/www.europesays.com\/fr\/wp-json\/wp\/v2\/posts\/555590\/revisions"}],"wp:featuredmedia":[{"embeddable":true,"href":"https:\/\/www.europesays.com\/fr\/wp-json\/wp\/v2\/media\/555591"}],"wp:attachment":[{"href":"https:\/\/www.europesays.com\/fr\/wp-json\/wp\/v2\/media?parent=555590"}],"wp:term":[{"taxonomy":"category","embeddable":true,"href":"https:\/\/www.europesays.com\/fr\/wp-json\/wp\/v2\/categories?post=555590"},{"taxonomy":"post_tag","embeddable":true,"href":"https:\/\/www.europesays.com\/fr\/wp-json\/wp\/v2\/tags?post=555590"}],"curies":[{"name":"wp","href":"https:\/\/api.w.org\/{rel}","templated":true}]}}