{"id":555592,"date":"2025-11-24T15:00:19","date_gmt":"2025-11-24T15:00:19","guid":{"rendered":"https:\/\/www.europesays.com\/fr\/555592\/"},"modified":"2025-11-24T15:00:19","modified_gmt":"2025-11-24T15:00:19","slug":"qui-etait-haytham-ali-tabatabai-chef-militaire-du-hezbollah-elimine-par-israel","status":"publish","type":"post","link":"https:\/\/www.europesays.com\/fr\/555592\/","title":{"rendered":"qui \u00e9tait Haytham Ali Tabatabai, chef militaire du Hezbollah \u00e9limin\u00e9 par Isra\u00ebl ?"},"content":{"rendered":"<p>\n    Isra\u00ebl a tu\u00e9 ce dimanche \u00e0 Beyrouth l\u2019un des plus hauts cadres militaires du Hezbollah et l\u2019un des derniers rescap\u00e9s de la premi\u00e8re g\u00e9n\u00e9ration de combattants de la milice chiite libanaise.<\/p>\n<p class=\"fig-paragraph\">Apr\u00e8s avoir \u00e0 plusieurs reprises \u00e9chou\u00e9 \u00e0 l\u2019\u00e9liminer, Isra\u00ebl est finalement parvenu \u00e0\u00a0<a href=\"http:\/\/www.lefigaro.fr\/international\/le-hezbollah-libanais-confirme-la-mort-du-chef-militaire-haitham-ali-tabatabai-dans-une-frappe-israelienne-20251124\" target=\"_blank\" data-fig-type=\"NewsFlash\" rel=\"noopener\" data-gtm-custom-categorie=\"navigation\" data-gtm-custom-action=\"crossclick\" data-gtm-custom-label=\"Contextuel\" data-gtm-event=\"customEventSPE\" data-fig-domain=\"LEFIGARO\">tuer dimanche \u00e0 Beyrouth Haytham Ali Tabatabai<\/a>, un des plus hauts cadres militaires du\u00a0<a href=\"http:\/\/www.lefigaro.fr\/international\/israel-continuera-d-agir-contre-ceux-qui-la-menacent-au-liban-le-hezbollah-frappe-a-beyrouth-20251123\" target=\"_blank\" data-fig-type=\"Article\" rel=\"noopener\" data-gtm-custom-categorie=\"navigation\" data-gtm-custom-action=\"crossclick\" data-gtm-custom-label=\"Contextuel\" data-gtm-event=\"customEventSPE\" data-fig-domain=\"LEFIGARO\">Hezbollah<\/a>\u00a0et l\u2019un des derniers rescap\u00e9s de la premi\u00e8re g\u00e9n\u00e9ration de combattants de la milice chiite libanaise, cr\u00e9e par l\u2019Iran en 1982 \u00e0 Beyrouth.<\/p>\n<p class=\"fig-paragraph\">Sa neutralisation est une perte importante pour le \u00ab Parti de Dieu\u00a0\u00bb, qui a \u00e9t\u00e9 d\u00e9capit\u00e9 l\u2019an dernier avec la mort de son chef\u00a0<a href=\"http:\/\/www.lefigaro.fr\/international\/a-beyrouth-une-foule-immense-fait-ses-adieux-a-hassan-nasrallah-20250223\" target=\"_blank\" data-fig-type=\"Article\" rel=\"noopener\" data-gtm-custom-categorie=\"navigation\" data-gtm-custom-action=\"crossclick\" data-gtm-custom-label=\"Contextuel\" data-gtm-event=\"customEventSPE\" data-fig-domain=\"LEFIGARO\">Hassan Nasrallah<\/a>, et qui a perdu une grande partie de sa direction militaire dans des attaques cibl\u00e9es de l\u2019arm\u00e9e isra\u00e9lienne. Depuis, la milice, qui a d\u00fb abandonner une partie de ses armes au sud du Liban, cherche \u00e0 reconstituer ses forces dans une semi-clandestinit\u00e9, mais encore insuffisante pour emp\u00eacher Isra\u00ebl d\u2019\u00e9liminer ses ennemis.<\/p>\n<p class=\"fig-paragraph\">Ag\u00e9 de 57 ans, Haytham ali Tabatabai \u00e9tait n\u00e9 \u00e0 Dahiyeh, le fief du Hezbollah dans le sud de Beyrouth o\u00f9 il a \u00e9t\u00e9 tu\u00e9, de m\u00e8re libanaise et de p\u00e8re iranien. Sa binationalit\u00e9 en faisait un rouage important dans\u2026<\/p>\n<p class=\"fig-premium-paywall__infos\">\n        Cet article est r\u00e9serv\u00e9 aux abonn\u00e9s.        Il vous reste 74% \u00e0 d\u00e9couvrir.\n    <\/p>\n<p>                <img  data- alt=\"Le Figaro\" class=\"fig-img--complete fig-img\"\/><\/p>\n<p class=\"fig-premium-paywall__title\">Black Friday<\/p>\n<p class=\"fig-premium-paywall__subtitle\">-70% sur l&rsquo;abonnement num\u00e9rique<\/p>\n<p class=\"fig-premium-paywall__connect\">\n                D\u00e9j\u00e0 abonn\u00e9\u00a0?                <a class=\"fig-premium-paywall__connect-link\" href=\"https:\/\/connect.lefigaro.fr\/login?client=horizon_web&amp;type=main&amp;redirect_uri=https%3A%2F%2Fwww.lefigaro.fr%2Finternational%2Fliban-qui-etait-haytham-ali-tabatabai-chef-militaire-du-hezbollah-elimine-par-israel-20251124\" data-js-gtm=\"{&quot;customCategorie&quot;: &quot;conversion&quot;, &quot;customAction&quot;: &quot;before_Landing_Connexion_paywall_auto&quot;, &quot;customLabel&quot;: &quot;bGVmaWdhcm8uZnJfXzFmMGM5MzI5LTU2ZGMtNmVjYy04ZTZhLWRiNDUxZjZjNDFhM19fQXJ0aWNsZQ==_Liban\u00a0: qui \u00e9tait Haytham Ali Tabatabai, chef militaire du Hezbollah \u00e9limin\u00e9 par Isra\u00ebl\u00a0?_209&quot;, &quot;customIDSPE&quot;: &quot;bGVmaWdhcm8uZnJfXzFmMGM5MzI5LTU2ZGMtNmVjYy04ZTZhLWRiNDUxZjZjNDFhM19fQXJ0aWNsZQ==&quot;, &quot;event&quot;: &quot;customEventSPE&quot;}\" target=\"_blank\" rel=\"noopener\"><br \/>\n                    Connectez-vous<br \/>\n                <\/a>\n            <\/p>\n","protected":false},"excerpt":{"rendered":"Isra\u00ebl a tu\u00e9 ce dimanche \u00e0 Beyrouth l\u2019un des plus hauts cadres militaires du Hezbollah et l\u2019un des&hellip;\n","protected":false},"author":2,"featured_media":555593,"comment_status":"","ping_status":"","sticky":false,"template":"","format":"standard","meta":{"footnotes":""},"categories":[5],"tags":[11,1011,27,7295,14,664,12404,12,28],"class_list":{"0":"post-555592","1":"post","2":"type-post","3":"status-publish","4":"format-standard","5":"has-post-thumbnail","7":"category-international","8":"tag-actualites","9":"tag-fr","10":"tag-france","11":"tag-hezbollah","12":"tag-international","13":"tag-israel","14":"tag-liban","15":"tag-news","16":"tag-world"},"share_on_mastodon":{"url":"https:\/\/pubeurope.com\/@fr\/115605276150723885","error":""},"_links":{"self":[{"href":"https:\/\/www.europesays.com\/fr\/wp-json\/wp\/v2\/posts\/555592","targetHints":{"allow":["GET"]}}],"collection":[{"href":"https:\/\/www.europesays.com\/fr\/wp-json\/wp\/v2\/posts"}],"about":[{"href":"https:\/\/www.europesays.com\/fr\/wp-json\/wp\/v2\/types\/post"}],"author":[{"embeddable":true,"href":"https:\/\/www.europesays.com\/fr\/wp-json\/wp\/v2\/users\/2"}],"replies":[{"embeddable":true,"href":"https:\/\/www.europesays.com\/fr\/wp-json\/wp\/v2\/comments?post=555592"}],"version-history":[{"count":0,"href":"https:\/\/www.europesays.com\/fr\/wp-json\/wp\/v2\/posts\/555592\/revisions"}],"wp:featuredmedia":[{"embeddable":true,"href":"https:\/\/www.europesays.com\/fr\/wp-json\/wp\/v2\/media\/555593"}],"wp:attachment":[{"href":"https:\/\/www.europesays.com\/fr\/wp-json\/wp\/v2\/media?parent=555592"}],"wp:term":[{"taxonomy":"category","embeddable":true,"href":"https:\/\/www.europesays.com\/fr\/wp-json\/wp\/v2\/categories?post=555592"},{"taxonomy":"post_tag","embeddable":true,"href":"https:\/\/www.europesays.com\/fr\/wp-json\/wp\/v2\/tags?post=555592"}],"curies":[{"name":"wp","href":"https:\/\/api.w.org\/{rel}","templated":true}]}}