{"id":5556,"date":"2025-04-06T15:01:13","date_gmt":"2025-04-06T15:01:13","guid":{"rendered":"https:\/\/www.europesays.com\/fr\/5556\/"},"modified":"2025-04-06T15:01:13","modified_gmt":"2025-04-06T15:01:13","slug":"nord-un-site-frauduleux-de-la-maison-departementale-des-personnes-handicapees-a-ete-detecte","status":"publish","type":"post","link":"https:\/\/www.europesays.com\/fr\/5556\/","title":{"rendered":"Nord. Un site frauduleux de la Maison d\u00e9partementale des personnes handicap\u00e9es a \u00e9t\u00e9 d\u00e9tect\u00e9"},"content":{"rendered":"<p>            Par<br \/>\n        <strong><br \/>\n            <a href=\"https:\/\/actu.fr\/auteur\/amandine-vachez\" title=\"Consulter tous les articles de Amandine Vachez\" target=\"_blank\" rel=\"noopener\">Amandine Vachez<\/a><br \/>\n        <\/strong><\/p>\n<p>        Publi\u00e9 le<\/p>\n<p>            5 avr. 2025 \u00e0 11h50        <\/p>\n<p>D\u00e9but <b>avril 2025<\/b>, le D\u00e9partement du <a href=\"https:\/\/actu.fr\/hauts-de-france\/nord_59\" target=\"_blank\" rel=\"noopener\">Nord<\/a> alerte les usagers : un <b>site frauduleux<\/b> s\u2019apparentant \u00e0 celui de la<b> MDPH, Maison d\u00e9partementale des personnes handicap\u00e9es<\/b>, a \u00e9t\u00e9 rep\u00e9r\u00e9. Les recommandations de la collectivit\u00e9 territoriale.<\/p>\n<p>Ne pas communiquer de donn\u00e9es personnelles ou verser de l\u2019argent<\/p>\n<p class=\" wall-content\">\u00ab\u00a0Les usagers sont invit\u00e9s \u00e0 <b>rester vigilants <\/b>et \u00e0 se rendre <b>uniquement sur le site officiel <\/b>pour effectuer leurs d\u00e9marches \u00e0 l\u2019adresse suivante : <a href=\"https:\/\/mdph.lenord.fr\/\" target=\"_blank\" rel=\"noopener\">https:\/\/mdph.lenord.fr.<\/a><\/p>\n<p class=\" wall-content\">\u00a0Il est ainsi rappel\u00e9 :<\/p>\n<ul class=\" wall-content\">\n<li>de ne pas r\u00e9pondre aux sollicitations de ce faux site non s\u00e9curis\u00e9 ;<\/li>\n<li>de ne pas communiquer de donn\u00e9es personnelles ;<\/li>\n<li>et de ne surtout pas verser d\u2019argent.<\/li>\n<\/ul>\n<p class=\" wall-content\">En cas de doute, il est conseill\u00e9 de se rendre directement au si\u00e8ge de la MDPH, au <b>73, avenue Kennedy \u00e0 Lille<\/b>, ou sur les sites de Valenciennes et de Dunkerque. La plateforme t\u00e9l\u00e9phonique est aussi disponible pour au : 03 59 73 73 73.<\/p>\n<p>Vid\u00e9os : en ce moment sur Actu<\/p>\n<p class=\" wall-content\">Suivez toute l\u2019actualit\u00e9 de vos villes et m\u00e9dias favoris en vous inscrivant \u00e0 <a href=\"https:\/\/moncompte.actu.fr\" title=\"D\u00e9couvez Mon Actu\" rel=\"nofollow noopener\" data-trk=\"{&quot;cta&quot;:{&quot;action&quot;:&quot;https:\\\/\\\/moncompte.actu.fr&quot;,&quot;category&quot;:&quot;mon compte&quot;,&quot;from&quot;:&quot;article footer&quot;,&quot;name&quot;:&quot;Mon actu&quot;,&quot;type&quot;:&quot;cta&quot;}}\" target=\"_blank\">Mon Actu<\/a>.<\/p>\n","protected":false},"excerpt":{"rendered":"Par Amandine Vachez Publi\u00e9 le 5 avr. 2025 \u00e0 11h50 D\u00e9but avril 2025, le D\u00e9partement du Nord alerte&hellip;\n","protected":false},"author":2,"featured_media":5557,"comment_status":"","ping_status":"","sticky":false,"template":"","format":"standard","meta":{"footnotes":""},"categories":[2815],"tags":[1111,11,1777,674,1011,27,1006,811,1307,12,25,104],"class_list":{"0":"post-5556","1":"post","2":"type-post","3":"status-publish","4":"format-standard","5":"has-post-thumbnail","7":"category-lille","8":"tag-actu","9":"tag-actualites","10":"tag-eu","11":"tag-europe","12":"tag-fr","13":"tag-france","14":"tag-fraude","15":"tag-hauts-de-france","16":"tag-lille","17":"tag-news","18":"tag-republique-francaise","19":"tag-societe"},"share_on_mastodon":{"url":"https:\/\/pubeurope.com\/@fr\/114291624263849767","error":""},"_links":{"self":[{"href":"https:\/\/www.europesays.com\/fr\/wp-json\/wp\/v2\/posts\/5556","targetHints":{"allow":["GET"]}}],"collection":[{"href":"https:\/\/www.europesays.com\/fr\/wp-json\/wp\/v2\/posts"}],"about":[{"href":"https:\/\/www.europesays.com\/fr\/wp-json\/wp\/v2\/types\/post"}],"author":[{"embeddable":true,"href":"https:\/\/www.europesays.com\/fr\/wp-json\/wp\/v2\/users\/2"}],"replies":[{"embeddable":true,"href":"https:\/\/www.europesays.com\/fr\/wp-json\/wp\/v2\/comments?post=5556"}],"version-history":[{"count":0,"href":"https:\/\/www.europesays.com\/fr\/wp-json\/wp\/v2\/posts\/5556\/revisions"}],"wp:featuredmedia":[{"embeddable":true,"href":"https:\/\/www.europesays.com\/fr\/wp-json\/wp\/v2\/media\/5557"}],"wp:attachment":[{"href":"https:\/\/www.europesays.com\/fr\/wp-json\/wp\/v2\/media?parent=5556"}],"wp:term":[{"taxonomy":"category","embeddable":true,"href":"https:\/\/www.europesays.com\/fr\/wp-json\/wp\/v2\/categories?post=5556"},{"taxonomy":"post_tag","embeddable":true,"href":"https:\/\/www.europesays.com\/fr\/wp-json\/wp\/v2\/tags?post=5556"}],"curies":[{"name":"wp","href":"https:\/\/api.w.org\/{rel}","templated":true}]}}