{"id":555602,"date":"2025-11-24T15:06:34","date_gmt":"2025-11-24T15:06:34","guid":{"rendered":"https:\/\/www.europesays.com\/fr\/555602\/"},"modified":"2025-11-24T15:06:34","modified_gmt":"2025-11-24T15:06:34","slug":"la-metropole-du-grand-nancy-et-14-intercommunalites-voisines-sunissent","status":"publish","type":"post","link":"https:\/\/www.europesays.com\/fr\/555602\/","title":{"rendered":"la M\u00e9tropole du Grand Nancy et 14 intercommunalit\u00e9s voisines s&rsquo;unissent"},"content":{"rendered":"<p>        <strong>La M\u00e9tropole du Grand Nancy a sign\u00e9 vendredi 21 novembre 2025 une convention avec 14 intercommunalit\u00e9s voisines pour mutualiser l\u2019exploitation de l\u2019Unit\u00e9 de Valorisation \u00c9nerg\u00e9tique (UVE) de Ludres. Cette initiative in\u00e9dite marque le d\u00e9but d\u2019une gouvernance partag\u00e9e visant \u00e0 renforcer l\u2019efficacit\u00e9 \u00e9nerg\u00e9tique, la coop\u00e9ration territoriale et la transition \u00e9nerg\u00e9tique.<\/strong><\/p>\n<p>La M\u00e9tropole du Grand Nancy a officiellement sign\u00e9, vendredi 21 novembre, une convention avec quatorze intercommunalit\u00e9s voisines afin de mutualiser l\u2019exploitation de l\u2019Unit\u00e9 de Valorisation \u00c9nerg\u00e9tique (UVE) des d\u00e9chets m\u00e9nagers de Ludres. Cr\u00e9\u00e9e il y a 30 ans, cette installation transforme les d\u00e9chets en \u00e9lectricit\u00e9 et chaleur, notamment pour alimenter les r\u00e9seaux de chauffage urbain, et constitue un \u00e9quipement strat\u00e9gique pour la gestion des d\u00e9chets \u00e0 l\u2019\u00e9chelle du territoire.\u00a0<\/p>\n<p>\u00c0 l\u2019approche de l\u2019\u00e9ch\u00e9ance du contrat d\u2019exploitation fix\u00e9e au 30 juin 2026, la M\u00e9tropole a choisi de cr\u00e9er un groupement d\u2019autorit\u00e9s conc\u00e9dantes (GAC) associant plusieurs collectivit\u00e9s utilisatrices de l\u2019UVE.\u00a0Le groupement associe d\u00e9sormais la M\u00e9tropole du Grand Nancy\u00a0ainsi que les communaut\u00e9s de communes du Bassin de Pompey, Seille et Grand Couronn\u00e9, Pays de S\u00e2non, Vezouze en Pi\u00e9mont, Meurthe Mortagne Moselle, Pays du Sel et du Vermois, Pays du Saintois, Pays de Colombey et du Sud Toulois, Moselle et Madon, Bassin de Pont-\u00e0-Mousson, Terres Touloises, Bar-le-Duc Sud Meuse, C\u00f4tes de Meuse \u2013 Wo\u00ebvre et Pays de Revigny (COPARY).<\/p>\n<p>Une gouvernance partag\u00e9e visant \u00e0 offrir des conditions comp\u00e9titives pour chaque collectivit\u00e9 partenaire.\u00a0Lors de cette signature in\u00e9dite, Mathieu Klein, pr\u00e9sident de la M\u00e9tropole et maire de Nancy, a soulign\u00e9 que les 15 \u00e9tablissements publics de coop\u00e9ration intercommunale (EPCI) r\u00e9unis autour de la table faisaient face \u00e0 \u00ab une baisse continue et heureuse du tonnage des ordures m\u00e9nag\u00e8res \u00bb\u00a0gr\u00e2ce aux politiques de tri et de pr\u00e9vention, et a r\u00e9affirm\u00e9 la n\u00e9cessit\u00e9 de maximiser l\u2019utilisation de l\u2019UVE \u00ab au service de tout le territoire, et pas seulement de celui o\u00f9 elle est implant\u00e9e \u00bb, une vision partag\u00e9e avec les \u00e9lus pr\u00e9sents.\u00a0<\/p>\n<p>Ainsi pr\u00e8s de 40 000 tonnes de d\u00e9chets suppl\u00e9mentaires provenant des intercommunalit\u00e9s participantes viendront s\u2019ajouter aux 63 000 tonnes d\u00e9j\u00e0 trait\u00e9es par le Grand Nancy, assurant une pleine utilisation de l\u2019installation dont la capacit\u00e9 annuelle est de 120 000 tonnes. Pour 2027, la M\u00e9tropole pr\u00e9voit d\u2019acheminer 59 818 tonnes de d\u00e9chets vers l\u2019UVE. Parmi les autres partenaires, le Bassin de Pont-\u00e0-Mousson pr\u00e9voit 6 500 tonnes, les Terres Touloises 5 700 tonnes, le Bassin de Pompey 5 585 tonnes et les Pays du Sel et du Vermois 4 870 tonnes. Des pr\u00e9visions de volumes qui serviront de base pour r\u00e9partir les droits de vote et organiser la gouvernance du groupement, permettant une participation proportionnelle de chaque collectivit\u00e9 \u00e0 la gestion de l\u2019installation.<\/p>\n<p><img loading=\"lazy\" decoding=\"async\" src=\"https:\/\/www.europesays.com\/fr\/wp-content\/uploads\/2025\/11\/Val-Energie.jpg\" alt=\"\" width=\"900\" height=\"500\" data-alt=\"Val Energie\"\/><img loading=\"lazy\" decoding=\"async\" src=\"https:\/\/www.europesays.com\/fr\/wp-content\/uploads\/2025\/11\/EPCI1.jpg\" alt=\"EPCI1\" width=\"900\" height=\"500\"\/><\/p>\n<p>\u00a0<\/p>\n<p>\t\t\t\t\t\t<a href=\"https:\/\/www.pinterest.com\/pin\/create\/button\/\" data-pin-do=\"buttonBookmark\" data-pin-color=\"red\" target=\"_blank\" rel=\"noopener\"><img decoding=\"async\" src=\"https:\/\/www.europesays.com\/fr\/wp-content\/uploads\/2025\/04\/pinit_fg_en_rect_red_20.png\" alt=\"Pin It\"\/><\/a><\/p>\n","protected":false},"excerpt":{"rendered":"La M\u00e9tropole du Grand Nancy a sign\u00e9 vendredi 21 novembre 2025 une convention avec 14 intercommunalit\u00e9s voisines pour&hellip;\n","protected":false},"author":2,"featured_media":555603,"comment_status":"","ping_status":"","sticky":false,"template":"","format":"standard","meta":{"footnotes":""},"categories":[9635],"tags":[1111,11,1777,674,1011,27,775,1702,12,25],"class_list":{"0":"post-555602","1":"post","2":"type-post","3":"status-publish","4":"format-standard","5":"has-post-thumbnail","7":"category-nancy","8":"tag-actu","9":"tag-actualites","10":"tag-eu","11":"tag-europe","12":"tag-fr","13":"tag-france","14":"tag-grand-est","15":"tag-nancy","16":"tag-news","17":"tag-republique-francaise"},"share_on_mastodon":{"url":"https:\/\/pubeurope.com\/@fr\/115605301755549000","error":""},"_links":{"self":[{"href":"https:\/\/www.europesays.com\/fr\/wp-json\/wp\/v2\/posts\/555602","targetHints":{"allow":["GET"]}}],"collection":[{"href":"https:\/\/www.europesays.com\/fr\/wp-json\/wp\/v2\/posts"}],"about":[{"href":"https:\/\/www.europesays.com\/fr\/wp-json\/wp\/v2\/types\/post"}],"author":[{"embeddable":true,"href":"https:\/\/www.europesays.com\/fr\/wp-json\/wp\/v2\/users\/2"}],"replies":[{"embeddable":true,"href":"https:\/\/www.europesays.com\/fr\/wp-json\/wp\/v2\/comments?post=555602"}],"version-history":[{"count":0,"href":"https:\/\/www.europesays.com\/fr\/wp-json\/wp\/v2\/posts\/555602\/revisions"}],"wp:featuredmedia":[{"embeddable":true,"href":"https:\/\/www.europesays.com\/fr\/wp-json\/wp\/v2\/media\/555603"}],"wp:attachment":[{"href":"https:\/\/www.europesays.com\/fr\/wp-json\/wp\/v2\/media?parent=555602"}],"wp:term":[{"taxonomy":"category","embeddable":true,"href":"https:\/\/www.europesays.com\/fr\/wp-json\/wp\/v2\/categories?post=555602"},{"taxonomy":"post_tag","embeddable":true,"href":"https:\/\/www.europesays.com\/fr\/wp-json\/wp\/v2\/tags?post=555602"}],"curies":[{"name":"wp","href":"https:\/\/api.w.org\/{rel}","templated":true}]}}