{"id":555608,"date":"2025-11-24T15:09:15","date_gmt":"2025-11-24T15:09:15","guid":{"rendered":"https:\/\/www.europesays.com\/fr\/555608\/"},"modified":"2025-11-24T15:09:15","modified_gmt":"2025-11-24T15:09:15","slug":"le-lostec-face-a-boudjellal","status":"publish","type":"post","link":"https:\/\/www.europesays.com\/fr\/555608\/","title":{"rendered":"Le Lostec face \u00e0 Boudjellal"},"content":{"rendered":"<p>La campagne municipale \u00e0 Toulon s\u2019invite sur INFO83 avec un face-\u00e0-face in\u00e9dit. Ce face-\u00e0-face est entre l\u2019\u00e9diteur toulonnais Mourad Boudjellal et Emmanuel Le Lostec, candidat apparent\u00e9 \u00e9cologiste. Ensemble, ils auscultent les \u00e9lections municipales Toulon 2026. Ils discutent des quartiers populaires en difficult\u00e9, identit\u00e9 proven\u00e7ale, s\u00e9curit\u00e9 et d\u00e9veloppement \u00e9conomique. L\u2019objectif d\u00e9clar\u00e9 du candidat est de porter une voix diff\u00e9rente, sans \u201cgrosse machine politique\u201d. Il vise un score qui p\u00e8se au second tour.<\/p>\n<p>\u00c9lections municipales Toulon 2026 : un duo inattendu sur INFO83<\/p>\n<p data-start=\"690\" data-end=\"931\">Dans ce nouvel \u00e9pisode de \u00ab Face \u00e0 Mourad \u00bb, INFO83 confronte Emmanuel Le Lostec au regard direct de Mourad Boudjellal, \u00e9diteur et ex-Pr\u00e9sident embl\u00e9matique au Rugby Club Toulonnais.<br data-start=\"809\" data-end=\"812\"\/>Le candidat, apparent\u00e9 \u00e9cologiste mais positionn\u00e9 au centre droit, insiste sur son ancrage local et son ind\u00e9pendance.<\/p>\n<p data-start=\"933\" data-end=\"1057\">Il rappelle qu\u2019il se voit d\u2019abord comme le porte-voix de Toulonnais crois\u00e9s sur le terrain, loin des appareils nationaux :<\/p>\n<blockquote data-start=\"1058\" data-end=\"1130\">\n<p data-start=\"1060\" data-end=\"1130\">\u00ab On n\u2019a pas de grosses machines politiques qui nous accompagnent. \u00bb<\/p>\n<\/blockquote>\n<p data-start=\"1132\" data-end=\"1315\">Sa liste \u00ab\u00a0En Avant Toulon\u00a0\u00bb repose sur trois soutiens principaux : \u00c9cologie au centre (Jean-Marc Governatori). Les \u00c9cologistes (Antonin Duarte) et le mouvement local Provence Nation soutiennent aussi.<\/p>\n<p data-start=\"1317\" data-end=\"1536\">Face \u00e0 lui, Mourad Boudjellal le pousse sur le concret, les solutions, plus que sur les constats. L\u2019\u00e9change donne le ton d\u2019une campagne municipale toulonnaise qui s\u2019annonce tr\u00e8s politique, mais aussi tr\u00e8s pragmatique.<\/p>\n<p>Quartiers populaires, Pont-du-Las, Le Mourillon, Saint-Jean-du-Var\u2026 et identit\u00e9 proven\u00e7ale<\/p>\n<p data-start=\"1606\" data-end=\"1835\">Une grande partie de l\u2019entretien se concentre sur les quartiers populaires, en particulier le Pont-du-Las et Saint-Jean-du-Var.<br data-start=\"1733\" data-end=\"1736\"\/>Emmanuel Le Lostec y voit des secteurs \u201coubli\u00e9s \u00e9conomiquement\u201d, malgr\u00e9 certains travaux r\u00e9cents.<\/p>\n<p data-start=\"1837\" data-end=\"2023\">Il d\u00e9crit des march\u00e9s vid\u00e9s de leurs commer\u00e7ants et des difficult\u00e9s de stationnement. Il mentionne aussi un entretien insuffisant des infrastructures, notamment autour du Las et des inondations r\u00e9centes.<\/p>\n<blockquote data-start=\"2024\" data-end=\"2087\">\n<p data-start=\"2026\" data-end=\"2087\">\u00ab Les gens sont en demande, ils sont en attente d\u2019action. \u00bb<\/p>\n<\/blockquote>\n<p data-start=\"2089\" data-end=\"2332\">Le candidat d\u00e9fend une vision de Toulon organis\u00e9e en \u201cvillage\u201d, avec une identit\u00e9 forte pour chaque quartier. Cette identit\u00e9 doit passer aussi par une meilleure mise en valeur des racines proven\u00e7ales, sans opposer \u00e9conomie locale et culture.<\/p>\n<p data-start=\"2334\" data-end=\"2590\">Les propos font \u00e9cho \u00e0 d\u2019autres interviews d\u00e9j\u00e0 diffus\u00e9es sur INFO83. Notamment celles de Magali Brunel (Toulon en commun) ou de Pierre-Jacques Depallens (Toulon 2026, ni syst\u00e8mes ni extr\u00eames), qui interrogent aussi l\u2019avenir des quartiers toulonnais.<\/p>\n<p>\u00c9conomie, innovation et \u00e9cologie : un triptyque assum\u00e9<\/p>\n<p data-start=\"2658\" data-end=\"2993\">Sur le plan \u00e9conomique, Emmanuel Le Lostec mise sur l\u2019innovation li\u00e9e \u00e0 la pr\u00e9sence de la Marine nationale, des grandes entreprises et des \u00e9coles d\u2019ing\u00e9nieurs.<br data-start=\"2807\" data-end=\"2810\"\/>Il propose la cr\u00e9ation d\u2019un guichet unique municipal pour accompagner les jeunes entrepreneurs. Ce guichet les oriente vers les bons dispositifs de financement et les aide \u00e0 rester \u00e0 Toulon.<\/p>\n<blockquote data-start=\"2995\" data-end=\"3107\">\n<p data-start=\"2997\" data-end=\"3107\">\u00ab La mission d\u2019une mairie, c\u2019est de mettre en place l\u2019\u00e9cosyst\u00e8me qui permet aux soci\u00e9t\u00e9s de se d\u00e9velopper. \u00bb<\/p>\n<\/blockquote>\n<p data-start=\"3109\" data-end=\"3378\">C\u00f4t\u00e9 \u00e9cologie, le candidat revendique une approche \u201cnon punitive\u201d. Le candidat \u00e9cologiste cite l\u2019exemple de l\u2019\u00e9lectrification des quais et des ferries. Il demande une modernisation progressive de la flotte de Corsica Ferries, au nom de la sant\u00e9 des riverains et de la qualit\u00e9 de l\u2019air.<\/p>\n<p data-start=\"3380\" data-end=\"3539\">Emmanuel Le Lostec pointe aussi le manque d\u2019ambition sur la ligne Marseille\u2013Vintimille et l\u2019a\u00e9roport Toulon-Hy\u00e8res, \u00e9l\u00e9ments cl\u00e9s pour l\u2019attractivit\u00e9 \u00e9conomique de la ville.<\/p>\n<p>S\u00e9curit\u00e9, incivilit\u00e9s et r\u00f4le de la police municipale<\/p>\n<p data-start=\"3606\" data-end=\"3858\">Comme beaucoup de candidats aux \u00e9lections municipales Toulon 2026, Emmanuel Le Lostec place la s\u00e9curit\u00e9 au c\u0153ur de son discours.<br data-start=\"3734\" data-end=\"3737\"\/>Il se prononce clairement pour une police municipale arm\u00e9e et form\u00e9e. Il souhaite une pr\u00e9sence plus forte la nuit, avec un objectif chiffr\u00e9 :<\/p>\n<blockquote data-start=\"3860\" data-end=\"3918\">\n<p data-start=\"3862\" data-end=\"3918\">\u00ab Pour 2030, je vise 200 agents municipaux en tenue. \u00bb<\/p>\n<\/blockquote>\n<p data-start=\"3920\" data-end=\"3949\">Le candidat propose aussi :<\/p>\n<ul data-start=\"3950\" data-end=\"4238\">\n<li data-start=\"3950\" data-end=\"4058\">\n<p data-start=\"3952\" data-end=\"4058\">une coop\u00e9ration renforc\u00e9e avec les services de l\u2019\u00c9tat pour lutter contre les trafics et le blanchiment ;<\/p>\n<\/li>\n<li data-start=\"4059\" data-end=\"4129\">\n<p data-start=\"4061\" data-end=\"4129\">une \u201ctask force\u201d m\u00ealant services fiscaux, police et municipalit\u00e9 ;<\/p>\n<\/li>\n<li data-start=\"4130\" data-end=\"4238\">\n<p data-start=\"4132\" data-end=\"4238\">l\u2019usage d\u2019outils num\u00e9riques comme l\u2019application de signalement de tags, d\u00e9p\u00f4ts sauvages ou d\u00e9gradations.<\/p>\n<\/li>\n<\/ul>\n<p data-start=\"4240\" data-end=\"4386\">Pour lui, la lutte contre les incivilit\u00e9s passe autant par la pr\u00e9sence sur le terrain que par une meilleure r\u00e9ponse aux remont\u00e9es des habitants.<\/p>\n<p>\u201cJe sais que je ne serai pas \u00e9lu, mais je veux peser\u201d<\/p>\n<p data-start=\"4453\" data-end=\"4607\">En fin d\u2019\u00e9mission, le ton se fait plus direct. Interpell\u00e9 par Mourad Boudjellal sur ses chances r\u00e9elles, Emmanuel Le Lostec ne se berce pas d\u2019illusions.<\/p>\n<blockquote data-start=\"4609\" data-end=\"4696\">\n<p data-start=\"4611\" data-end=\"4696\">\u00ab Je sais que je ne serai pas \u00e9lu. Pour moi, un score honorable, c\u2019est 10 \u00e0 12 %. \u00bb<\/p>\n<\/blockquote>\n<p data-start=\"4698\" data-end=\"4911\">L\u2019objectif est clair : exister dans le d\u00e9bat, porter des sujets comme la r\u00e9novation urbaine, l\u2019identit\u00e9 proven\u00e7ale, la s\u00e9curit\u00e9 et l\u2019innovation, et peser sur le second tour des \u00e9lections municipales Toulon 2026.<\/p>\n<p data-start=\"4913\" data-end=\"5187\">Dans un paysage o\u00f9 se c\u00f4toient d\u00e9j\u00e0 Michel Bonnus (Toulon en grand), Magali Brunel, Pierre-Jacques Depallens, LFI et, en arri\u00e8re-plan, potentiellement la maire sortante Jos\u00e9e Massi, cette candidature entend incarner une autre voie, entre \u00e9cologie assum\u00e9e et centre droit revendiqu\u00e9.<\/p>\n<p><strong data-start=\"281\" data-end=\"313\">Qui est Emmanuel Le Lostec ?<\/strong><\/p>\n<p data-start=\"316\" data-end=\"554\">Emmanuel Le Lostec est un candidat apparent\u00e9 \u00e9cologiste, positionn\u00e9 au centre-droit, qui m\u00e8ne la liste En Avant Toulon pour les \u00e9lections municipales Toulon 2026. Il revendique une approche ind\u00e9pendante, sans \u201cgrosse machine politique\u201d.<\/p>\n<p><strong data-start=\"564\" data-end=\"617\">Quels sont les principaux axes de son programme ?<\/strong><\/p>\n<p data-start=\"620\" data-end=\"663\">Son programme repose sur quatre piliers :<\/p>\n<ul data-start=\"664\" data-end=\"802\">\n<li data-start=\"664\" data-end=\"692\">\n<p data-start=\"666\" data-end=\"692\">Identit\u00e9 proven\u00e7ale,<\/p>\n<\/li>\n<li data-start=\"693\" data-end=\"740\">\n<p data-start=\"695\" data-end=\"740\">D\u00e9veloppement \u00e9conomique et innovation,<\/p>\n<\/li>\n<li data-start=\"741\" data-end=\"770\">\n<p data-start=\"743\" data-end=\"770\">\u00c9cologie pragmatique,<\/p>\n<\/li>\n<li data-start=\"771\" data-end=\"802\">\n<p data-start=\"773\" data-end=\"802\">S\u00e9curit\u00e9 et pr\u00e9vention.<\/p>\n<\/li>\n<\/ul>\n<p data-start=\"804\" data-end=\"877\">Ces th\u00e8mes reviennent r\u00e9guli\u00e8rement dans l\u2019interview diffus\u00e9e sur INFO83.<\/p>\n<p><strong data-start=\"887\" data-end=\"969\">Pourquoi \u00e9voque-t-il les quartiers comme le Pont-du-Las et Saint-Jean-du-Var ?<\/strong><\/p>\n<p data-start=\"972\" data-end=\"1215\">Parce qu\u2019il consid\u00e8re ces quartiers comme \u201coubli\u00e9s \u00e9conomiquement\u201d, malgr\u00e9 quelques r\u00e9novations. Il cite des march\u00e9s vid\u00e9s, des commerces fragiles et un manque de stationnement, d\u00e9non\u00e7ant \u201cun abandon \u00e9conomique\u201d des zones populaires de Toulon.<\/p>\n<p><strong data-start=\"1225\" data-end=\"1270\">Que propose-t-il pour l\u2019\u00e9conomie locale ?<\/strong><\/p>\n<p data-start=\"1273\" data-end=\"1487\">Il souhaite cr\u00e9er un guichet unique municipal d\u00e9di\u00e9 aux entrepreneurs et aux jeunes dipl\u00f4m\u00e9s pour aider \u00e0 lancer des projets innovants. Ces projets seraient notamment en lien avec la Marine et les grandes entreprises du territoire.<\/p>\n<p><strong data-start=\"1497\" data-end=\"1541\">Quelle est sa position sur la s\u00e9curit\u00e9 ?<\/strong><\/p>\n<p data-start=\"1544\" data-end=\"1776\">Le candidat veut une police municipale arm\u00e9e, form\u00e9e, et pr\u00e9sente la nuit. Il propose d\u2019atteindre 200 agents en tenue d\u2019ici 2030, avec un d\u00e9ploiement renforc\u00e9 de cam\u00e9ras et un suivi des incivilit\u00e9s via des outils num\u00e9riques.<\/p>\n<p><strong data-start=\"1786\" data-end=\"1839\">Que pense-t-il de l\u2019\u00e9cologie appliqu\u00e9e \u00e0 Toulon ?<\/strong><\/p>\n<p data-start=\"1842\" data-end=\"2072\">Il d\u00e9fend une \u00e9cologie non punitive, bas\u00e9e sur la transition progressive : modernisation des ferries, r\u00e9duction des \u00e9missions polluantes, \u00e9lectrification des quais, entretien des axes sensibles et valorisation des espaces publics.<\/p>\n<p><strong data-start=\"2082\" data-end=\"2128\">Quelle est sa vision pour les transports ?<\/strong><\/p>\n<p data-start=\"2131\" data-end=\"2375\">Emmanuel Le Lostec refuse les postures dogmatiques entre BHNS et tramway. Il veut \u201cprendre ce qui est fait, et aller de l\u2019avant\u201d, tout en ouvrant la r\u00e9flexion sur une couverture de la voie ferr\u00e9e et une meilleure connexion avec l\u2019a\u00e9roport Toulon-Hy\u00e8res.<\/p>\n<p><strong data-start=\"2385\" data-end=\"2428\">Pourquoi dit-il qu\u2019il ne sera pas \u00e9lu ?<\/strong><\/p>\n<p data-start=\"2431\" data-end=\"2665\">Interpell\u00e9 par Mourad Boudjellal, il reconna\u00eet lucidement que sa liste n\u2019a pas les moyens politiques des grandes formations. Il consid\u00e8re toutefois qu\u2019atteindre 10 \u00e0 12 % serait \u201cune victoire\u201d car il pourrait peser au second tour.<\/p>\n<p><strong data-start=\"2675\" data-end=\"2737\">Quel r\u00f4le souhaite-t-il redonner \u00e0 l\u2019identit\u00e9 proven\u00e7ale ?<\/strong><\/p>\n<p data-start=\"2740\" data-end=\"2970\">Il veut r\u00e9introduire les traditions proven\u00e7ales dans la vie locale, renforcer le sentiment d\u2019appartenance des jeunes Toulonnais, et restaurer des \u00e9l\u00e9ments culturels (langue, joutes, festivit\u00e9s) pour redonner une \u00e2me aux quartiers.<\/p>\n<p><strong data-start=\"2980\" data-end=\"3033\">Quel message adresse-t-il aux agents municipaux ?<\/strong><\/p>\n<p data-start=\"3036\" data-end=\"3235\">Il rappelle que les agents sont \u201cau service de la population\u201d. Ils doivent accompagner les habitants, am\u00e9liorer les remont\u00e9es de terrain et s\u2019engager dans une logique de service public renforc\u00e9.<\/p>\n<p><strong>\u00a0<\/strong><\/p>\n<p><strong>A voir aussi :<\/strong><\/p>\n<p><a href=\"https:\/\/www.info83.fr\/?s=municipales+toulon+2026\" target=\"_blank\" rel=\"noopener\">Interviewes pour les municipales \u00e0 Toulon en\u00a0 2026<\/a><\/p>\n<p><a href=\"https:\/\/www.info83.fr\/emmanuel-le-lostec-elections-municipales\/\" target=\"_blank\" rel=\"noopener\">Interview pr\u00e9c\u00e9dent d\u2019Emmanuel le Lostec<\/a><\/p>\n<p>\u00a0<\/p>\n<p><strong><img decoding=\"async\" class=\"emoji\" role=\"img\" draggable=\"false\" src=\"https:\/\/s.w.org\/images\/core\/emoji\/13.1.0\/svg\/1f538.svg\" alt=\"\ud83d\udd38\" data-pin-no-hover=\"true\"\/>Info83, le Var proche de vous<br \/><\/strong><\/p>\n<p><img decoding=\"async\" class=\"emoji\" role=\"img\" draggable=\"false\" src=\"https:\/\/s.w.org\/images\/core\/emoji\/13.1.0\/svg\/27a1.svg\" alt=\"\u27a1\ufe0f\" data-pin-no-hover=\"true\"\/>\u00a0<a href=\"https:\/\/bit.ly\/2OZZMMK\" target=\"_blank\" rel=\"noopener noreferrer\">Facebook Info83<\/a><\/p>\n<p><img decoding=\"async\" class=\"emoji\" role=\"img\" draggable=\"false\" src=\"https:\/\/s.w.org\/images\/core\/emoji\/13.1.0\/svg\/27a1.svg\" alt=\"\u27a1\ufe0f\" data-pin-no-hover=\"true\"\/>\u00a0<a href=\"https:\/\/bit.ly\/2ONkTC9\" target=\"_blank\" rel=\"noopener noreferrer\">Youtube Info83<\/a><\/p>\n<p>\u00a0<\/p>\n","protected":false},"excerpt":{"rendered":"La campagne municipale \u00e0 Toulon s\u2019invite sur INFO83 avec un face-\u00e0-face in\u00e9dit. Ce face-\u00e0-face est entre l\u2019\u00e9diteur toulonnais&hellip;\n","protected":false},"author":2,"featured_media":555609,"comment_status":"","ping_status":"","sticky":false,"template":"","format":"standard","meta":{"footnotes":""},"categories":[9619],"tags":[1111,11,67320,42468,66733,67321,1777,674,1011,27,67322,23763,67323,48582,12,27872,882,25,67324,67325,67326,2310,60227,60229],"class_list":{"0":"post-555608","1":"post","2":"type-post","3":"status-publish","4":"format-standard","5":"has-post-thumbnail","7":"category-toulon","8":"tag-actu","9":"tag-actualites","10":"tag-ecologie-toulon","11":"tag-economie-locale","12":"tag-elections-municipales-toulon","13":"tag-emmanuel-le-lostec","14":"tag-eu","15":"tag-europe","16":"tag-fr","17":"tag-france","18":"tag-identite-provencale","19":"tag-info83","20":"tag-innovation-toulon","21":"tag-mourad-boudjellal","22":"tag-news","23":"tag-pont-du-las","24":"tag-provence-alpes-cote-dazur","25":"tag-republique-francaise","26":"tag-saint-jean-du-var","27":"tag-securite-toulon","28":"tag-stationnement-toulon","29":"tag-toulon","30":"tag-toulon-2026","31":"tag-var-politique"},"share_on_mastodon":{"url":"https:\/\/pubeurope.com\/@fr\/115605313582484663","error":""},"_links":{"self":[{"href":"https:\/\/www.europesays.com\/fr\/wp-json\/wp\/v2\/posts\/555608","targetHints":{"allow":["GET"]}}],"collection":[{"href":"https:\/\/www.europesays.com\/fr\/wp-json\/wp\/v2\/posts"}],"about":[{"href":"https:\/\/www.europesays.com\/fr\/wp-json\/wp\/v2\/types\/post"}],"author":[{"embeddable":true,"href":"https:\/\/www.europesays.com\/fr\/wp-json\/wp\/v2\/users\/2"}],"replies":[{"embeddable":true,"href":"https:\/\/www.europesays.com\/fr\/wp-json\/wp\/v2\/comments?post=555608"}],"version-history":[{"count":0,"href":"https:\/\/www.europesays.com\/fr\/wp-json\/wp\/v2\/posts\/555608\/revisions"}],"wp:featuredmedia":[{"embeddable":true,"href":"https:\/\/www.europesays.com\/fr\/wp-json\/wp\/v2\/media\/555609"}],"wp:attachment":[{"href":"https:\/\/www.europesays.com\/fr\/wp-json\/wp\/v2\/media?parent=555608"}],"wp:term":[{"taxonomy":"category","embeddable":true,"href":"https:\/\/www.europesays.com\/fr\/wp-json\/wp\/v2\/categories?post=555608"},{"taxonomy":"post_tag","embeddable":true,"href":"https:\/\/www.europesays.com\/fr\/wp-json\/wp\/v2\/tags?post=555608"}],"curies":[{"name":"wp","href":"https:\/\/api.w.org\/{rel}","templated":true}]}}