{"id":555614,"date":"2025-11-24T15:12:13","date_gmt":"2025-11-24T15:12:13","guid":{"rendered":"https:\/\/www.europesays.com\/fr\/555614\/"},"modified":"2025-11-24T15:12:13","modified_gmt":"2025-11-24T15:12:13","slug":"le-poulpe-polluants-eternels-chez-basf-pres-de-rouen-un-rapport-revele-lampleur-de-la-contamination-de-la-nappe-phreatique","status":"publish","type":"post","link":"https:\/\/www.europesays.com\/fr\/555614\/","title":{"rendered":"Le Poulpe &#8211; \u00ab\u00a0Polluants \u00e9ternels\u00a0\u00bb chez BASF pr\u00e8s de Rouen : un rapport r\u00e9v\u00e8le l&rsquo;ampleur de la contamination de la nappe phr\u00e9atique\u00a0"},"content":{"rendered":"<p>\n      Enqu\u00eate\n    <\/p>\n<p class=\"paragraph-03\">\n            Par<br \/>\n              Nicolas Cossic (Enketo)<\/p>\n<p>              &#8211; le<\/p>\n<p>                24\/11\/2025<\/p>\n<p>              \u00e0<\/p>\n<p>                15h00<\/p>\n<p class=\"headline-2 text-bold page-article__summary\">\n        Une \u00e9tude command\u00e9e par BASF, consult\u00e9e par Le Poulpe, met en lumi\u00e8re la forte impr\u00e9gnation aux PFAS, ces substances toxiques et persistantes, des nappes phr\u00e9atiques pr\u00e9sentes sous le site de la multinationale et \u00e0 ses abords, \u00e0 Saint-Aubin-l\u00e8s-Elbeuf, au sud de Rouen. Le document r\u00e9v\u00e8le \u00e9galement l\u2019existence d\u2019un autre foyer de pollution majeur \u00e0 proximit\u00e9 de la plateforme chimique.\n      <\/p>\n<p>Depuis la d\u00e9couverte, en novembre 2024, de rejets record de \u00ab polluants \u00e9ternels \u00bb dans la Seine \u2013 jusqu\u2019\u00e0 176 kilogrammes en une seule journ\u00e9e \u2013, le site de production de pesticides de BASF, \u00e0 Saint-Aubin-l\u00e8s-Elbeuf, est entr\u00e9 dans une zone de turbulences. En juin dernier, sept associations ont d\u00e9pos\u00e9 plainte et, le 17 novembre, plusieurs centaines de militants sont all\u00e9s jusqu\u2019\u00e0 bloquer l\u2019usine. Le Poulpe r\u00e9v\u00e8le aujourd\u2019hui le contenu d\u2019un document exclusif qui \u00e9claire un nouveau pan de la contamination : celle de la nappe phr\u00e9atique.&#13;<br \/>\nIl s\u2019agit d\u2019une \u00e9tude dite \u00ab d\u2019investigations sur les eaux souterraines \u00bb, command\u00e9e par l\u2019industriel allemand \u00e0 la demande de l\u2019\u00c9tat. Finalis\u00e9e le 12 novembre, elle a consist\u00e9 en la r\u00e9alisation, entre avril et mai 2025, de 65 nouveaux pr\u00e9l\u00e8vements dans&#8230;<\/p>\n<p>    <img decoding=\"async\" alt=\"\" class=\"scroll-up-button__icon\" src=\"https:\/\/www.lepoulpe.info\/packs\/media\/images\/application\/icons\/icon-arrow-top-53dcb9d627350b09fe029db1e56bd8d5.svg\"\/><\/p>\n","protected":false},"excerpt":{"rendered":"Enqu\u00eate Par Nicolas Cossic (Enketo) &#8211; le 24\/11\/2025 \u00e0 15h00 Une \u00e9tude command\u00e9e par BASF, consult\u00e9e par Le&hellip;\n","protected":false},"author":2,"featured_media":555615,"comment_status":"","ping_status":"","sticky":false,"template":"","format":"standard","meta":{"footnotes":""},"categories":[9587],"tags":[1111,11,1777,674,1011,27,12,5161,25,9590],"class_list":{"0":"post-555614","1":"post","2":"type-post","3":"status-publish","4":"format-standard","5":"has-post-thumbnail","7":"category-rouen","8":"tag-actu","9":"tag-actualites","10":"tag-eu","11":"tag-europe","12":"tag-fr","13":"tag-france","14":"tag-news","15":"tag-normandie","16":"tag-republique-francaise","17":"tag-rouen"},"share_on_mastodon":{"url":"https:\/\/pubeurope.com\/@fr\/115605324319338415","error":""},"_links":{"self":[{"href":"https:\/\/www.europesays.com\/fr\/wp-json\/wp\/v2\/posts\/555614","targetHints":{"allow":["GET"]}}],"collection":[{"href":"https:\/\/www.europesays.com\/fr\/wp-json\/wp\/v2\/posts"}],"about":[{"href":"https:\/\/www.europesays.com\/fr\/wp-json\/wp\/v2\/types\/post"}],"author":[{"embeddable":true,"href":"https:\/\/www.europesays.com\/fr\/wp-json\/wp\/v2\/users\/2"}],"replies":[{"embeddable":true,"href":"https:\/\/www.europesays.com\/fr\/wp-json\/wp\/v2\/comments?post=555614"}],"version-history":[{"count":0,"href":"https:\/\/www.europesays.com\/fr\/wp-json\/wp\/v2\/posts\/555614\/revisions"}],"wp:featuredmedia":[{"embeddable":true,"href":"https:\/\/www.europesays.com\/fr\/wp-json\/wp\/v2\/media\/555615"}],"wp:attachment":[{"href":"https:\/\/www.europesays.com\/fr\/wp-json\/wp\/v2\/media?parent=555614"}],"wp:term":[{"taxonomy":"category","embeddable":true,"href":"https:\/\/www.europesays.com\/fr\/wp-json\/wp\/v2\/categories?post=555614"},{"taxonomy":"post_tag","embeddable":true,"href":"https:\/\/www.europesays.com\/fr\/wp-json\/wp\/v2\/tags?post=555614"}],"curies":[{"name":"wp","href":"https:\/\/api.w.org\/{rel}","templated":true}]}}