{"id":555620,"date":"2025-11-24T15:16:12","date_gmt":"2025-11-24T15:16:12","guid":{"rendered":"https:\/\/www.europesays.com\/fr\/555620\/"},"modified":"2025-11-24T15:16:12","modified_gmt":"2025-11-24T15:16:12","slug":"municipales-a-grenoble-mon-equipe-ne-fera-pas-la-chasse-aux-dealers-lfi-persiste-et-signe","status":"publish","type":"post","link":"https:\/\/www.europesays.com\/fr\/555620\/","title":{"rendered":"Municipales \u00e0 Grenoble. \u00ab\u00a0Mon \u00e9quipe ne fera pas la chasse aux dealers\u00a0\u00bb : LFI persiste et signe"},"content":{"rendered":"<p>                    Par<br \/>\n        <strong><br \/>\n            <a href=\"https:\/\/actu.fr\/auteur\/lisa-rodrigues\" title=\"Consulter tous les articles de Lisa Rodrigues\" target=\"_blank\" rel=\"noopener\">Lisa Rodrigues<\/a><br \/>\n                    <\/strong><\/p>\n<p>        Publi\u00e9 le<\/p>\n<p>            24 nov. 2025 \u00e0 15h44        <\/p>\n<p>\u00ab\u00a0Mon \u00e9quipe n\u2019aura pas vocation \u00e0 faire la chasse aux dealers.\u00a0\u00bb Cette phrase d\u2019Allan Brunon, candidat LFI \u00e0 la mairie de <a href=\"https:\/\/actu.fr\/auvergne-rhone-alpes\/grenoble_38185\" target=\"_blank\" rel=\"noopener\">Grenoble<\/a>, prononc\u00e9e lors d\u2019une <a href=\"https:\/\/actu.fr\/auvergne-rhone-alpes\/grenoble_38185\/municipales-a-grenoble-allan-brunon-candidat-lfi-on-ne-fera-pas-la-chasse-aux-dealers_63459101.html\" target=\"_blank\" rel=\"noopener\">interview accord\u00e9e \u00e0 actu Grenoble<\/a>, occupe une partie des conversations depuis quelques jours.<br \/>Une <strong>position confirm\u00e9e par le candidat<\/strong> ce lundi matin sur ses r\u00e9seaux sociaux, apr\u00e8s avoir \u00e9t\u00e9 cit\u00e9 par plusieurs m\u00e9dias et internautes \u2013 en majorit\u00e9 proches de mouvements de droite -, d\u00e9non\u00e7ant une politique de complaisance de LFI face au narcotrafic.<br \/>\u00ab\u00a0La police municipale ne fera pas le travail de la police nationale\u00a0\u00bb, r\u00e9p\u00e8te l\u2019Insoumis grenoblois.<\/p>\n<p class=\" wall-content\">\n<p>\u00ab\u00a0Ce n\u2019est pas le r\u00f4le de la police municipale de traquer les dealers\u00a0\u00bb<\/p>\n<p class=\" wall-content\">Pour rappel, concernant l\u2019ins\u00e9curit\u00e9, Allan Brunon souhaite notamment axer l\u2019action municipale sur des <strong>actions de pr\u00e9vention et de m\u00e9diation<\/strong>.<\/p>\n<p class=\" wall-content\">Une ligne politique qu\u2019a d\u2019ailleurs confirm\u00e9 Manuel Bompard, lors d\u2019une interview chez nos confr\u00e8res de <a href=\"https:\/\/www.bfmtv.com\/politique\/la-france-insoumise\/video-budget-narcotrafic-chef-d-etat-major-des-armees-l-interview-integrale-de-manuel-bompard_VN-202511240345.html\" target=\"_blank\" rel=\"noopener\">BFMTV<\/a> lundi matin. Interrog\u00e9 sur les propos du candidat grenoblois, le coordinateur de LFI persiste et signe.<\/p>\n<p class=\" wall-content\">\n<p class=\" wall-content\">\u00ab\u00a0Ce n\u2019est pas le r\u00f4le de la police municipale de traquer les dealers, c\u2019est le r\u00f4le de la police nationale\u00a0\u00bb, mart\u00e8le Manuel Bompard. Et de continuer : \u00ab\u00a0Arr\u00eatons de faire croire qu\u2019on va attaquer ces r\u00e9seaux [de grand banditisme et narcotrafic, NDLR] en chassant le bas du spectre. <strong>Il faut attaquer le haut du panier<\/strong>.\u00a0\u00bb<\/p>\n<p>Pas de police municipale arm\u00e9e<\/p>\n<p class=\" wall-content\">Il a \u00e9galement \u00e9t\u00e9 question de l\u2019armement de la police municipale, une mesure \u00e0 laquelle Allan Brunon \u2013 <a href=\"https:\/\/actu.fr\/auvergne-rhone-alpes\/grenoble_38185\/grenoble-en-fin-de-mandat-le-maire-eric-piolle-repond-aux-critiques-et-livre-son-grand-regret_62809579.html\" target=\"_blank\" rel=\"noopener\">comme \u00c9ric Piolle<\/a>, actuel maire \u00e9cologiste de Grenoble \u2013 est contre.<\/p>\n<p class=\" wall-content\">L\u00e0 aussi, Manuel Bompard maintient les positions du parti de Jean-Luc M\u00e9lenchon.\u00a0<\/p>\n<blockquote class=\"ac-article-quote wall-content\">\n<p>Je d\u00e9fends avec La France insoumise l&rsquo;id\u00e9e que les armes doivent \u00eatre r\u00e9serv\u00e9es \u00e0 la police nationale. La police municipale doit \u00eatre red\u00e9ploy\u00e9e sous forme de police de proximit\u00e9 et doit avoir un travail de tranquillit\u00e9 publique et de m\u00e9diation.<\/p>\n<p>    <strong>Manuel Bompard<\/strong><br \/>\n        Coordinateur de LFI au micro de BFMTV    <\/p><\/blockquote>\n<p>Votre r\u00e9gion, votre actu !<\/p>\n<p>Recevez chaque jour les infos qui comptent pour vous.<\/p>\n<p>\t<a href=\"https:\/\/actu.fr\/newsletter\" class=\"ac-btn ac-btn--corner ac-btn--medium ac-btn--blue800\" target=\"_blank\" rel=\"noopener\">S&rsquo;incrire<\/a><br \/>\nPosition partag\u00e9e par d\u2019autres candidats LFI<\/p>\n<p class=\" wall-content\">Pour rappel, LFI a d\u00e9cid\u00e9 de pr\u00e9senter des<strong> listes autonomes<\/strong> dans plusieurs villes, dont Grenoble, aux prochaines \u00e9lections municipales.<\/p>\n<p class=\" wall-content\">Et comme Allan Brunon, beaucoup veulent moins de mesures de r\u00e9pression, \u00e0 l\u2019image d\u2019<a href=\"https:\/\/actu.fr\/auvergne-rhone-alpes\/lyon_69123\/lyon-anais-belouassa-cherifi-lfi-veut-supprimer-les-cameras-et-desarmer-la-police-municipale_63376962.html\" target=\"_blank\" rel=\"noopener\">Ana\u00efs Belouassa-Cherifi<\/a>, d\u00e9put\u00e9e LFI du Rh\u00f4ne et candidate \u00e0 la mairie de <a href=\"https:\/\/actu.fr\/auvergne-rhone-alpes\/lyon_69123\" target=\"_blank\" rel=\"noopener\">Lyon<\/a>, qui veut un moratoire sur le d\u00e9veloppement de la vid\u00e9oprotection et d\u00e9sarmer la police municipale.<\/p>\n<p class=\" wall-content\">Personnalisez votre actualit\u00e9 en ajoutant vos villes et m\u00e9dias en favori avec <a href=\"https:\/\/moncompte.actu.fr\" title=\"D\u00e9couvez Mon Actu\" rel=\"nofollow noopener\" data-trk=\"{&quot;cta&quot;:{&quot;action&quot;:&quot;https:\\\/\\\/moncompte.actu.fr&quot;,&quot;category&quot;:&quot;mon compte&quot;,&quot;from&quot;:&quot;article footer&quot;,&quot;name&quot;:&quot;Mon actu&quot;,&quot;type&quot;:&quot;cta&quot;}}\" target=\"_blank\">Mon Actu<\/a>.<\/p>\n","protected":false},"excerpt":{"rendered":"Par Lisa Rodrigues Publi\u00e9 le 24 nov. 2025 \u00e0 15h44 \u00ab\u00a0Mon \u00e9quipe n\u2019aura pas vocation \u00e0 faire la&hellip;\n","protected":false},"author":2,"featured_media":555621,"comment_status":"","ping_status":"","sticky":false,"template":"","format":"standard","meta":{"footnotes":""},"categories":[9566],"tags":[1111,11,2430,4188,1777,674,1011,27,2731,1023,3434,12,316,25],"class_list":{"0":"post-555620","1":"post","2":"type-post","3":"status-publish","4":"format-standard","5":"has-post-thumbnail","7":"category-grenoble","8":"tag-actu","9":"tag-actualites","10":"tag-auvergne-rhone-alpes","11":"tag-elections-municipales","12":"tag-eu","13":"tag-europe","14":"tag-fr","15":"tag-france","16":"tag-grenoble","17":"tag-la-france-insoumise-lfi","18":"tag-municipales-2026","19":"tag-news","20":"tag-politique","21":"tag-republique-francaise"},"share_on_mastodon":{"url":"https:\/\/pubeurope.com\/@fr\/115605339183726176","error":""},"_links":{"self":[{"href":"https:\/\/www.europesays.com\/fr\/wp-json\/wp\/v2\/posts\/555620","targetHints":{"allow":["GET"]}}],"collection":[{"href":"https:\/\/www.europesays.com\/fr\/wp-json\/wp\/v2\/posts"}],"about":[{"href":"https:\/\/www.europesays.com\/fr\/wp-json\/wp\/v2\/types\/post"}],"author":[{"embeddable":true,"href":"https:\/\/www.europesays.com\/fr\/wp-json\/wp\/v2\/users\/2"}],"replies":[{"embeddable":true,"href":"https:\/\/www.europesays.com\/fr\/wp-json\/wp\/v2\/comments?post=555620"}],"version-history":[{"count":0,"href":"https:\/\/www.europesays.com\/fr\/wp-json\/wp\/v2\/posts\/555620\/revisions"}],"wp:featuredmedia":[{"embeddable":true,"href":"https:\/\/www.europesays.com\/fr\/wp-json\/wp\/v2\/media\/555621"}],"wp:attachment":[{"href":"https:\/\/www.europesays.com\/fr\/wp-json\/wp\/v2\/media?parent=555620"}],"wp:term":[{"taxonomy":"category","embeddable":true,"href":"https:\/\/www.europesays.com\/fr\/wp-json\/wp\/v2\/categories?post=555620"},{"taxonomy":"post_tag","embeddable":true,"href":"https:\/\/www.europesays.com\/fr\/wp-json\/wp\/v2\/tags?post=555620"}],"curies":[{"name":"wp","href":"https:\/\/api.w.org\/{rel}","templated":true}]}}