{"id":555624,"date":"2025-11-24T15:18:19","date_gmt":"2025-11-24T15:18:19","guid":{"rendered":"https:\/\/www.europesays.com\/fr\/555624\/"},"modified":"2025-11-24T15:18:19","modified_gmt":"2025-11-24T15:18:19","slug":"plus-rapide-que-le-metro-a-rennes-voici-comment-ce-breton-a-remporte-un-defi-fou-en-course-a-pied-video","status":"publish","type":"post","link":"https:\/\/www.europesays.com\/fr\/555624\/","title":{"rendered":"Plus rapide que le m\u00e9tro \u00e0 Rennes\u00a0: voici comment ce breton a remport\u00e9 un d\u00e9fi fou en course \u00e0 pied [Vid\u00e9o]"},"content":{"rendered":"<p>Comme en f\u00e9vrier dernier, Gabriel Anger s\u2019est \u00e9lanc\u00e9 d\u00e8s l\u2019arr\u00eat de la rame de m\u00e9tro, sur la ligne B, \u00e0 la station Saint-Germain dans le centre-ville. \u00c0 l\u2019ouverture des portes, le jeune homme est parti en trombe \u00e0 l\u2019assaut des escaliers du m\u00e9tro. Une fois \u00e0 l\u2019ext\u00e9rieur, il \u00e9tait accompagn\u00e9 de deux autres coureurs pour lui donner l\u2019allure. <a href=\"https:\/\/www.letelegramme.fr\/ille-et-vilaine\/rennes-35000\/on-la-fait-a-rennes-il-court-plus-vite-que-le-metro-6933800.php\" target=\"_blank\" rel=\"noopener\">Il a r\u00e9ussi a travers\u00e9 les rues du centre-ville comme une fl\u00e8che pour rejoindre la station Colombier<\/a>, deux arr\u00eats plus loin, avant le m\u00e9tro qu\u2019il avait quitt\u00e9 quelques minutes avant.<\/p>\n","protected":false},"excerpt":{"rendered":"Comme en f\u00e9vrier dernier, Gabriel Anger s\u2019est \u00e9lanc\u00e9 d\u00e8s l\u2019arr\u00eat de la rame de m\u00e9tro, sur la ligne&hellip;\n","protected":false},"author":2,"featured_media":555625,"comment_status":"","ping_status":"","sticky":false,"template":"","format":"standard","meta":{"footnotes":""},"categories":[2821],"tags":[1111,11,829,1777,674,1011,27,848,12,50972,584,25,2955],"class_list":{"0":"post-555624","1":"post","2":"type-post","3":"status-publish","4":"format-standard","5":"has-post-thumbnail","7":"category-rennes","8":"tag-actu","9":"tag-actualites","10":"tag-bretagne","11":"tag-eu","12":"tag-europe","13":"tag-fr","14":"tag-france","15":"tag-ille-et-vilaine","16":"tag-news","17":"tag-newsletter-la-rennes-quotidienne","18":"tag-rennes","19":"tag-republique-francaise","20":"tag-videos"},"share_on_mastodon":{"url":"https:\/\/pubeurope.com\/@fr\/115605347011067999","error":""},"_links":{"self":[{"href":"https:\/\/www.europesays.com\/fr\/wp-json\/wp\/v2\/posts\/555624","targetHints":{"allow":["GET"]}}],"collection":[{"href":"https:\/\/www.europesays.com\/fr\/wp-json\/wp\/v2\/posts"}],"about":[{"href":"https:\/\/www.europesays.com\/fr\/wp-json\/wp\/v2\/types\/post"}],"author":[{"embeddable":true,"href":"https:\/\/www.europesays.com\/fr\/wp-json\/wp\/v2\/users\/2"}],"replies":[{"embeddable":true,"href":"https:\/\/www.europesays.com\/fr\/wp-json\/wp\/v2\/comments?post=555624"}],"version-history":[{"count":0,"href":"https:\/\/www.europesays.com\/fr\/wp-json\/wp\/v2\/posts\/555624\/revisions"}],"wp:featuredmedia":[{"embeddable":true,"href":"https:\/\/www.europesays.com\/fr\/wp-json\/wp\/v2\/media\/555625"}],"wp:attachment":[{"href":"https:\/\/www.europesays.com\/fr\/wp-json\/wp\/v2\/media?parent=555624"}],"wp:term":[{"taxonomy":"category","embeddable":true,"href":"https:\/\/www.europesays.com\/fr\/wp-json\/wp\/v2\/categories?post=555624"},{"taxonomy":"post_tag","embeddable":true,"href":"https:\/\/www.europesays.com\/fr\/wp-json\/wp\/v2\/tags?post=555624"}],"curies":[{"name":"wp","href":"https:\/\/api.w.org\/{rel}","templated":true}]}}