{"id":555628,"date":"2025-11-24T15:20:21","date_gmt":"2025-11-24T15:20:21","guid":{"rendered":"https:\/\/www.europesays.com\/fr\/555628\/"},"modified":"2025-11-24T15:20:21","modified_gmt":"2025-11-24T15:20:21","slug":"a-peine-inaugure-ce-parc-est-deja-victime-de-degradations","status":"publish","type":"post","link":"https:\/\/www.europesays.com\/fr\/555628\/","title":{"rendered":"\u00e0 peine inaugur\u00e9, ce parc est d\u00e9j\u00e0 victime de d\u00e9gradations"},"content":{"rendered":"<p>                    Par<br \/>\n        <strong><br \/>\n            <a href=\"https:\/\/actu.fr\/auteur\/thomas-blanc\" title=\"Consulter tous les articles de Thomas Blanc\" target=\"_blank\" rel=\"noopener\">Thomas Blanc<\/a><br \/>\n                    <\/strong><\/p>\n<p>        Publi\u00e9 le<\/p>\n<p>            24 nov. 2025 \u00e0 16h08        <\/p>\n<p><a href=\"https:\/\/actu.fr\/grand-est\/strasbourg_67482\/parc-des-romains-a-strasbourg-on-connait-la-date-d-inauguration-de-ce-nouvel-espace-de-verdure_62967383.html\" target=\"_blank\" rel=\"noopener\">Le parc des Romains<\/a> a \u00e9t\u00e9 inaugur\u00e9 par la Ville de <a href=\"https:\/\/actu.fr\/strasbourg\/\" target=\"_blank\" rel=\"noopener\">Strasbourg<\/a> au mois de septembre\u00a02025. D\u2019une superficie de <strong>5,5 hectares<\/strong>, il comporte plusieurs espaces. L\u2019un d\u2019entre eux a \u00e9t\u00e9 <strong>endommag\u00e9<\/strong> durant le mois de novembre, soit <strong>moins de deux mois<\/strong> apr\u00e8s l\u2019ouverture du parc.<\/p>\n<p>    <a href=\"https:\/\/www.google.com\/maps\/embed?pb=!1m18!1m12!1m3!1d4568.9699570519815!2d7.720439525596347!3d48.583309535252454!2m3!1f0!2f0!3f0!3m2!1i1024!2i768!4f13.1!3m3!1m2!1s0x4796c90047df1347%3A0xc37d9d4a392d3566!2sParc%20des%20Romains!5e0!3m2!1sfr!2sfr!4v1763996638025!5m2!1sfr!2sfr\" title=\"Ouvrie le lien\" target=\"_blank\" rel=\"noopener\">Cliquez ici pour visualiser le contenu<\/a><\/p>\n<p>La biblioth\u00e8que du parc des Romains incendi\u00e9e<\/p>\n<p class=\" wall-content\">C\u2019est au niveau de la <strong>biblioth\u00e8que<\/strong> mise en place au fond du parc, \u00e0 c\u00f4t\u00e9 de l\u2019<strong>aire de jeux pour enfants<\/strong>, que les d\u00e9gradations ont eu lieu. Une partie des livres pr\u00e9sents ont \u00e9t\u00e9 <strong>incendi\u00e9s<\/strong>, endommageant le meuble les accueillant.<\/p>\n<p class=\" wall-content\">D\u2019apr\u00e8s des habitu\u00e9s du parc interrog\u00e9s sur place, ce n\u2019est pas la premi\u00e8re fois que ce type d\u2019incident survient. <strong>D\u00e8s le premier jour<\/strong> d\u2019ouverture du parc, un livre aurait \u00e9t\u00e9 br\u00fbl\u00e9.<\/p>\n<p>Des habitants impuissants<\/p>\n<p class=\" wall-content\">Le personnel M\u00e9diation Tranquillit\u00e9 de la Ville de Strasbourg, \u00e9galement rencontr\u00e9 sur les lieux, affirme que la situation a \u00e9t\u00e9 remont\u00e9e aux services de la Ville et que <strong>le meuble sera remis en \u00e9tat<\/strong>.<\/p>\n<p class=\" wall-content\">Sur un groupe Facebook d\u2019habitants du quartier de Koenigshoffen, les commentaires \u00e0 propos de cette d\u00e9gradation sont nombreux. \u00ab<strong>\u2009Insupportable<\/strong>\u2009\u00bb, \u00ab<strong>\u2009lamentable<\/strong>\u2009\u00bb, \u00ab\u2009tristesses et d\u00e9solations\u2026 <strong>Plus de respect pour rien<\/strong>\u2009\u00bb, peut-on y lire entre autres.<\/p>\n<p class=\" wall-content\">Personnalisez votre actualit\u00e9 en ajoutant vos villes et m\u00e9dias en favori avec <a href=\"https:\/\/moncompte.actu.fr\" title=\"D\u00e9couvez Mon Actu\" rel=\"nofollow noopener\" data-trk=\"{&quot;cta&quot;:{&quot;action&quot;:&quot;https:\\\/\\\/moncompte.actu.fr&quot;,&quot;category&quot;:&quot;mon compte&quot;,&quot;from&quot;:&quot;article footer&quot;,&quot;name&quot;:&quot;Mon actu&quot;,&quot;type&quot;:&quot;cta&quot;}}\" target=\"_blank\">Mon Actu<\/a>.<\/p>\n","protected":false},"excerpt":{"rendered":"Par Thomas Blanc Publi\u00e9 le 24 nov. 2025 \u00e0 16h08 Le parc des Romains a \u00e9t\u00e9 inaugur\u00e9 par&hellip;\n","protected":false},"author":2,"featured_media":555629,"comment_status":"","ping_status":"","sticky":false,"template":"","format":"standard","meta":{"footnotes":""},"categories":[2820],"tags":[1111,11,1777,674,1011,27,775,1310,12,25,104,640],"class_list":{"0":"post-555628","1":"post","2":"type-post","3":"status-publish","4":"format-standard","5":"has-post-thumbnail","7":"category-strasbourg","8":"tag-actu","9":"tag-actualites","10":"tag-eu","11":"tag-europe","12":"tag-fr","13":"tag-france","14":"tag-grand-est","15":"tag-incendie","16":"tag-news","17":"tag-republique-francaise","18":"tag-societe","19":"tag-strasbourg"},"share_on_mastodon":{"url":"https:\/\/pubeurope.com\/@fr\/115605354765507793","error":""},"_links":{"self":[{"href":"https:\/\/www.europesays.com\/fr\/wp-json\/wp\/v2\/posts\/555628","targetHints":{"allow":["GET"]}}],"collection":[{"href":"https:\/\/www.europesays.com\/fr\/wp-json\/wp\/v2\/posts"}],"about":[{"href":"https:\/\/www.europesays.com\/fr\/wp-json\/wp\/v2\/types\/post"}],"author":[{"embeddable":true,"href":"https:\/\/www.europesays.com\/fr\/wp-json\/wp\/v2\/users\/2"}],"replies":[{"embeddable":true,"href":"https:\/\/www.europesays.com\/fr\/wp-json\/wp\/v2\/comments?post=555628"}],"version-history":[{"count":0,"href":"https:\/\/www.europesays.com\/fr\/wp-json\/wp\/v2\/posts\/555628\/revisions"}],"wp:featuredmedia":[{"embeddable":true,"href":"https:\/\/www.europesays.com\/fr\/wp-json\/wp\/v2\/media\/555629"}],"wp:attachment":[{"href":"https:\/\/www.europesays.com\/fr\/wp-json\/wp\/v2\/media?parent=555628"}],"wp:term":[{"taxonomy":"category","embeddable":true,"href":"https:\/\/www.europesays.com\/fr\/wp-json\/wp\/v2\/categories?post=555628"},{"taxonomy":"post_tag","embeddable":true,"href":"https:\/\/www.europesays.com\/fr\/wp-json\/wp\/v2\/tags?post=555628"}],"curies":[{"name":"wp","href":"https:\/\/api.w.org\/{rel}","templated":true}]}}