{"id":555639,"date":"2025-11-24T15:27:13","date_gmt":"2025-11-24T15:27:13","guid":{"rendered":"https:\/\/www.europesays.com\/fr\/555639\/"},"modified":"2025-11-24T15:27:13","modified_gmt":"2025-11-24T15:27:13","slug":"accuse-de-viol-sur-des-femmes-rencontrees-sur-internet-son-proces-a-bordeaux-reporte-a-cause-dune-agression-en-prison","status":"publish","type":"post","link":"https:\/\/www.europesays.com\/fr\/555639\/","title":{"rendered":"Accus\u00e9 de viol sur des femmes rencontr\u00e9es sur internet, son proc\u00e8s \u00e0 Bordeaux report\u00e9 \u00e0 cause d&rsquo;une agression en prison"},"content":{"rendered":"<p>La cour d&rsquo;assises de la Gironde a report\u00e9 le proc\u00e8s d&rsquo;un homme de 33 ans accus\u00e9 de 7 viols et plusieurs agressions sexuelles sur des femmes majoritairement rencontr\u00e9es sur des applications de rencontre. Victime d&rsquo;une agression en prison, il n&rsquo;est pas en \u00e9tat de compara\u00eetre selon une expertise.<\/p>\n<p>La presse l&rsquo;avait surnomm\u00e9 \u00ab\u00a0le violeur au dictaphone\u00a0\u00bb. Un homme de 33 ans a vu son proc\u00e8s devant les assises de la Gironde report\u00e9 \u00e0 cause d&rsquo;une agression subie en prison, alors que son proc\u00e8s pour\u00a0plusieurs agressions sexuelles et\u00a0<strong>7 viols, dont 6 \u00e0 Bordeaux et \u00e0 B\u00e8gles<\/strong>, devait ouvrir ce lundi.\u00a0Les faits ont eu lieu la plupart du temps sur des femmes rencontr\u00e9es en ligne, et on \u00e9t\u00e9 dans la majorit\u00e9 des cas <strong>enregistr\u00e9s par l&rsquo;accus\u00e9 avec son t\u00e9l\u00e9phone<\/strong>.<\/p>\n<p>Des femmes rencontr\u00e9es sur une application de rencontre<\/p>\n<p>Ce lundi, son avocate a demand\u00e9 le renvoi du proc\u00e8s \u00e0 cause d&rsquo;une <strong>agression subie par son client en prison en avril dernier<\/strong>. La cour a jug\u00e9 que l&rsquo;accus\u00e9 n&rsquo;\u00e9tait pas en \u00e9tat de compara\u00eetre et a report\u00e9 le proc\u00e8s sine die, c&rsquo;est-\u00e0-dire sans fixer de nouvelle date d&rsquo;audience.<\/p>\n<p>Un nouvel \u00e9pisode dans cette affaire dont les faits remontent \u00e0 2021. Car l&rsquo;enqu\u00eate a pris du temps\u00a0: il y a en tout 10 victimes, 10 femmes, la plupart du temps contact\u00e9es sur <strong>des applications de rencontre comme Tinder ou Happn<\/strong>.<\/p>\n<p>L&rsquo;accus\u00e9 arrange un rendez-vous, puis, une fois en face de ses victimes, change tout d&rsquo;un coup de visage, relate l&rsquo;enqu\u00eate. Il impose des <strong>relations sexuelles tr\u00e8s violentes<\/strong>, contraint les femmes physiquement, leur raconte ses fantasmes p\u00e9dophiles, tout en enregistrant l&rsquo;acte \u00e0 leur insu.<\/p>\n<p>Des dizaines d&rsquo;enregistrements<\/p>\n<p>Car l&rsquo;homme a <strong>d\u00e9j\u00e0 \u00e9t\u00e9 condamn\u00e9, pour viol<\/strong>, \u00e0 11 ans de r\u00e9clusion en 2017. Au moment des faits, il est en lib\u00e9ration conditionnelle. Selon l&rsquo;enqu\u00eate, en enregistrant ses actes, il souhaite donc se cr\u00e9er des preuves en cas de probl\u00e8me judiciaire.<\/p>\n<p>Lui affirme que ces relations \u00e9taient toutes consenties. Mais sur les <strong>dizaines d&rsquo;enregistrements audios et vid\u00e9os<\/strong> retrouv\u00e9s sur son t\u00e9l\u00e9phone portable et son ordinateur, on entend clairement les femmes refuser certaines pratiques ou exprimer leur malaise.<\/p>\n<p>Rou\u00e9 de coups en prison<\/p>\n<p>Quand cette histoire sort dans la presse au printemps dernier, la photo et le nom de l&rsquo;accus\u00e9 circulent jusque dans les couloirs de la prison de Gradignan. D&rsquo;autres d\u00e9tenus lui tendent un guet-apens pendant une promenade <strong>et le rouent de coups<\/strong>. Aujourd&rsquo;hui, il souffre toujours, selon une expertise m\u00e9dicale, de s\u00e9quelles physiques et psychologiques. C&rsquo;est ce qui a d\u00e9cid\u00e9 la cour \u00e0 repousser son proc\u00e8s.<\/p>\n<p>Une d\u00e9cision <strong>regrett\u00e9e par les parties civiles<\/strong>, dont les avocats d\u00e9nonce \u00ab\u00a0l&rsquo;attente interminable\u00a0\u00bb d&rsquo;un proc\u00e8s, quatre ans apr\u00e8s les faits. \u00ab\u00a0C&rsquo;est une d\u00e9ception de devoir encore attendre et de se dire qu&rsquo;on va devoir encore y retourner, encore ressasser, et que cette affaire n&rsquo;est toujours pas derri\u00e8re nous\u00a0\u00bb, d\u00e9plore\u00a0Me Jeanne Marcand, avocate d&rsquo;une des victimes.<\/p>\n<p>L&rsquo;accus\u00e9 encourt la <strong>r\u00e9clusion \u00e0 perp\u00e9tuit\u00e9<\/strong>.<\/p>\n<p>\u00c0 lire aussi   <img decoding=\"async\" src=\"https:\/\/www.europesays.com\/fr\/wp-content\/uploads\/2025\/11\/1763998033_140_400x400\" alt=\"\" style=\"--_image-preview:url('data:image\/jpeg;base64,\/9j\/2wBDACgcHiMeGSgjISMtKygwPGRBPDc3PHtYXUlkkYCZlo+AjIqgtObDoKrarYqMyP\/L2u71\/\/\/\/m8H\/\/\/\/6\/+b9\/\/j\/2wBDASstLTw1PHZBQXb4pYyl+Pj4+Pj4+Pj4+Pj4+Pj4+Pj4+Pj4+Pj4+Pj4+Pj4+Pj4+Pj4+Pj4+Pj4+Pj4+Pj4+Pj\/wAARCAAXACoDASIAAhEBAxEB\/8QAGAABAQEBAQAAAAAAAAAAAAAAAAECAwT\/xAAXEAEBAQEAAAAAAAAAAAAAAAAAARES\/8QAFgEBAQEAAAAAAAAAAAAAAAAAAAEC\/8QAFREBAQAAAAAAAAAAAAAAAAAAABH\/2gAMAwEAAhEDEQA\/APWialrdZXU1m1LUpG+jpz01Kp0ugCJQRUAB\/9k=');\" loading=\"lazy\" fetchpriority=\"low\" aria-hidden=\"true\" class=\"svelte-1cksh76 rounded\" onload=\"this.__e=event\" onerror=\"this.__e=event\"\/><\/p>\n","protected":false},"excerpt":{"rendered":"La cour d&rsquo;assises de la Gironde a report\u00e9 le proc\u00e8s d&rsquo;un homme de 33 ans accus\u00e9 de 7&hellip;\n","protected":false},"author":2,"featured_media":555640,"comment_status":"","ping_status":"","sticky":false,"template":"","format":"standard","meta":{"footnotes":""},"categories":[2817],"tags":[1111,11,1997,1777,674,1011,27,12,2219,25],"class_list":{"0":"post-555639","1":"post","2":"type-post","3":"status-publish","4":"format-standard","5":"has-post-thumbnail","7":"category-bordeaux","8":"tag-actu","9":"tag-actualites","10":"tag-bordeaux","11":"tag-eu","12":"tag-europe","13":"tag-fr","14":"tag-france","15":"tag-news","16":"tag-nouvelle-aquitaine","17":"tag-republique-francaise"},"share_on_mastodon":{"url":"https:\/\/pubeurope.com\/@fr\/115605383413951044","error":""},"_links":{"self":[{"href":"https:\/\/www.europesays.com\/fr\/wp-json\/wp\/v2\/posts\/555639","targetHints":{"allow":["GET"]}}],"collection":[{"href":"https:\/\/www.europesays.com\/fr\/wp-json\/wp\/v2\/posts"}],"about":[{"href":"https:\/\/www.europesays.com\/fr\/wp-json\/wp\/v2\/types\/post"}],"author":[{"embeddable":true,"href":"https:\/\/www.europesays.com\/fr\/wp-json\/wp\/v2\/users\/2"}],"replies":[{"embeddable":true,"href":"https:\/\/www.europesays.com\/fr\/wp-json\/wp\/v2\/comments?post=555639"}],"version-history":[{"count":0,"href":"https:\/\/www.europesays.com\/fr\/wp-json\/wp\/v2\/posts\/555639\/revisions"}],"wp:featuredmedia":[{"embeddable":true,"href":"https:\/\/www.europesays.com\/fr\/wp-json\/wp\/v2\/media\/555640"}],"wp:attachment":[{"href":"https:\/\/www.europesays.com\/fr\/wp-json\/wp\/v2\/media?parent=555639"}],"wp:term":[{"taxonomy":"category","embeddable":true,"href":"https:\/\/www.europesays.com\/fr\/wp-json\/wp\/v2\/categories?post=555639"},{"taxonomy":"post_tag","embeddable":true,"href":"https:\/\/www.europesays.com\/fr\/wp-json\/wp\/v2\/tags?post=555639"}],"curies":[{"name":"wp","href":"https:\/\/api.w.org\/{rel}","templated":true}]}}