{"id":555649,"date":"2025-11-24T15:33:13","date_gmt":"2025-11-24T15:33:13","guid":{"rendered":"https:\/\/www.europesays.com\/fr\/555649\/"},"modified":"2025-11-24T15:33:13","modified_gmt":"2025-11-24T15:33:13","slug":"soprano-sapprete-a-enchainer-4-dates-a-marseille-et-aix-en-provence-en-quelques-semaines","status":"publish","type":"post","link":"https:\/\/www.europesays.com\/fr\/555649\/","title":{"rendered":"Soprano s\u2019appr\u00eate \u00e0 encha\u00eener 4 dates \u00e0 Marseille et Aix-en-Provence en quelques semaines"},"content":{"rendered":"<p>Soprano a eu le temps de tourner la page. D\u00e9but juillet, il communiquait sur ses r\u00e9seaux sociaux l\u2019annulation de ce qui devait \u00eatre son 6e\u00a0V\u00e9lodrome le 11\u00a0octobre\u00a02025\u00a0: \u00ab\u00a0Je suis d\u00e9go\u00fbt\u00e9.\u00a0\u00bb \u00ab\u00a0Une \u00e9tude technique approfondie men\u00e9e avec les \u00e9quipes du stade a r\u00e9v\u00e9l\u00e9 que la nouvelle pelouse ne pourra pas supporter la sc\u00e8ne\u00a0\u00bb, justifiait-il. Dans le m\u00eame message, il annon\u00e7ait le lot de consolation\u00a0: quatre nouvelles dates, les 25 et 26\u00a0novembre\u00a02025 au D\u00f4me de Marseille et les 16 et 17\u00a0d\u00e9cembre\u00a02025 \u00e0 l\u2019Arena du Pays d\u2019Aix.<\/p>\n<p>Comme il l\u2019avait annonc\u00e9 <a href=\"https:\/\/www.laprovence.com\/article\/culture-loisirs\/1038433450185914\/soprano-face-aux-lecteurs-de-la-provence-dans-le-rap-on-dit-je-veux-etre-un-gros-moi-j-aime-les-grands\" target=\"_blank\" rel=\"noopener\">dans nos colonnes<\/a>, le d\u00e9cor de sa tourn\u00e9e Freedom se situe en\u00a02054, \u00ab\u00a0lorsque l\u2019IA aura tout pris et qu\u2019il ne restera plus d\u2019humanit\u00e9\u00a0\u00bb. En porte-\u00e9tendard de la Cosmopolitanie, il pr\u00e9voit de monter une r\u00e9sistance avec le public\u00a0: \u00ab\u00a0Pour les g\u00e9n\u00e9rations qui suivent, on ne peut pas l\u00e2cher face au discours de division.\u00a0\u00bb Un jeu de r\u00f4le avec la foule et d\u2019autres surprises sont \u00e9galement pr\u00e9vus.<\/p>\n<p>R\u00e9p\u00e9tition \u00e0 l\u2019Affranchi et jogging sur la Corniche<\/p>\n<p>Pour pr\u00e9parer cette tourn\u00e9e, il a r\u00e9p\u00e9t\u00e9 \u00e0 la <a href=\"https:\/\/www.laprovence.com\/article\/culture-loisirs\/26856859340267\/cest-la-que-tout-a-commence-le-rappeur-kofs-en-concert-pour-son-premier-solo-dans-la-salle-qui-la-lance\" target=\"_blank\" rel=\"noopener\">salle de l\u2019Affranchi<\/a> (11e), lieu embl\u00e9matique de son adolescence. \u00ab\u00a0Avec les Psy 4, quand on avait 16-17\u00a0ans, on venait ici et on rentrait chez nous \u00e0 pied pendant des heures\u00a0! Toutes les finales de concours qu\u2019on gagnait, c\u2019\u00e9tait ici\u00a0! Mon premier concert solo aussi. Ma premi\u00e8re chanson en studio sur un CD, je l\u2019ai enregistr\u00e9e ici\u00a0!\u00a0\u00bb, se rem\u00e9more-t-il. \u00c0 46\u00a0ans, \u00ab\u00a0Sopra\u00a0\u00bb court tous les matins sur le Prado et la Corniche pour \u00eatre aff\u00fbt\u00e9 lors de la tourn\u00e9e de 17\u00a0dates qu\u2019il va encha\u00eener en un petit mois. Les ann\u00e9es passent et la passion de la musique reste son moteur\u00a0: \u00ab\u00a0J\u2019ai commenc\u00e9 \u00e0 l\u2019\u00e9cole coranique o\u00f9 on chantait les madjilis, le gospel chez les Comoriens. Comme je chantais tout le temps, dans le quartier, on m\u2019appelait Soprano. Puis, j\u2019ai eu envie de faire du rap, parce que c\u2019est l\u2019art des mots, du message, c\u2019\u00e9tait aussi la musique qui correspondait \u00e0 mon environnement. La derni\u00e8re fois, je me suis fait gronder \u00e0 la maison parce que je disais \u00e0 quelqu\u2019un que l\u2019amour de ma vie c\u2019est la musique.\u00a0\u00bb<\/p>\n<p>Apr\u00e8s des d\u00e9buts tonitruants avec le groupe des Psy\u00a04 de la Rime &#8211;\u00a0form\u00e9 avec ses cousins Vince et Alonzo, ainsi que Sya\u00a0Styles, d\u00e9c\u00e9d\u00e9 en\u00a02015, qu\u2019il consid\u00e9rait comme son grand fr\u00e8re\u00a0-, Soprano s\u2019est ouvert \u00e0 des sonorit\u00e9s pop au fil de la dizaine d\u2019albums solo qu\u2019il a produits, ce qui lui a permis de toucher le grand public. \u00ab\u00a0Quand j\u2019ai d\u00e9couvert Stromae, je me disais\u00a0: il est plus libre que moi. J\u2019ai certainement fait des choses trop tard parce que j\u2019\u00e9tais emp\u00each\u00e9 par des codes de quartier, de rap. Il a fallu que je me trouve. Et c\u2019est \u00e0 la quarantaine que j\u2019ai commenc\u00e9 \u00e0 me trouver.\u00a0\u00bb<\/p>\n<p>Comment va-t-il entrer sur sc\u00e8ne\u00a0?<\/p>\n<p>En d\u00e9but d\u2019ann\u00e9e, alors qu\u2019il n\u2019avait pas encore connaissance de l\u2019annulation de son concert au V\u00e9lodrome, il nous confiait \u00ab\u00a0qu\u2019une gal\u00e8re \u00e9tait encore pr\u00e9vue\u00a0\u00bb pour son entr\u00e9e sur sc\u00e8ne\u00a0: \u00ab\u00a0C\u2019est pour le spectacle, c\u2019est pour que les gens aient des \u00e9toiles dans les yeux, c\u2019est mon boulot\u00a0!\u00a0\u00bb Est-ce que l\u2019architecture du D\u00f4me et de l\u2019Arena va modifier ses plans\u00a0? R\u00e9ponse ce mardi 25\u00a0novembre, sur les coups de 20\u00a0heures.<\/p>\n<p>Soprano au D\u00f4me de Marseille ce mardi\u00a025 et mercredi 26\u00a0novembre \u00e0 20\u00a0h et les 16 et 17\u00a0d\u00e9cembre \u00e0 20\u00a0h \u00e0 l\u2019Arena du Pays d\u2019Aix. De 38 \u00e0 74\u00a0\u20ac. adamconcerts.com<\/p>\n","protected":false},"excerpt":{"rendered":"Soprano a eu le temps de tourner la page. D\u00e9but juillet, il communiquait sur ses r\u00e9seaux sociaux l\u2019annulation&hellip;\n","protected":false},"author":2,"featured_media":555650,"comment_status":"","ping_status":"","sticky":false,"template":"","format":"standard","meta":{"footnotes":""},"categories":[2814],"tags":[17,1111,11,7404,251,13799,67334,1777,674,1011,27,884,12,882,25732,25,34092,10826],"class_list":{"0":"post-555649","1":"post","2":"type-post","3":"status-publish","4":"format-standard","5":"has-post-thumbnail","7":"category-marseille","8":"tag-17","9":"tag-actu","10":"tag-actualites","11":"tag-aix-en-provence","12":"tag-culture","13":"tag-dates","14":"tag-enchainer","15":"tag-eu","16":"tag-europe","17":"tag-fr","18":"tag-france","19":"tag-marseille","20":"tag-news","21":"tag-provence-alpes-cote-dazur","22":"tag-quelques","23":"tag-republique-francaise","24":"tag-sapprete","25":"tag-soprano"},"share_on_mastodon":{"url":"https:\/\/pubeurope.com\/@fr\/115605406201660236","error":""},"_links":{"self":[{"href":"https:\/\/www.europesays.com\/fr\/wp-json\/wp\/v2\/posts\/555649","targetHints":{"allow":["GET"]}}],"collection":[{"href":"https:\/\/www.europesays.com\/fr\/wp-json\/wp\/v2\/posts"}],"about":[{"href":"https:\/\/www.europesays.com\/fr\/wp-json\/wp\/v2\/types\/post"}],"author":[{"embeddable":true,"href":"https:\/\/www.europesays.com\/fr\/wp-json\/wp\/v2\/users\/2"}],"replies":[{"embeddable":true,"href":"https:\/\/www.europesays.com\/fr\/wp-json\/wp\/v2\/comments?post=555649"}],"version-history":[{"count":0,"href":"https:\/\/www.europesays.com\/fr\/wp-json\/wp\/v2\/posts\/555649\/revisions"}],"wp:featuredmedia":[{"embeddable":true,"href":"https:\/\/www.europesays.com\/fr\/wp-json\/wp\/v2\/media\/555650"}],"wp:attachment":[{"href":"https:\/\/www.europesays.com\/fr\/wp-json\/wp\/v2\/media?parent=555649"}],"wp:term":[{"taxonomy":"category","embeddable":true,"href":"https:\/\/www.europesays.com\/fr\/wp-json\/wp\/v2\/categories?post=555649"},{"taxonomy":"post_tag","embeddable":true,"href":"https:\/\/www.europesays.com\/fr\/wp-json\/wp\/v2\/tags?post=555649"}],"curies":[{"name":"wp","href":"https:\/\/api.w.org\/{rel}","templated":true}]}}