{"id":555651,"date":"2025-11-24T15:34:31","date_gmt":"2025-11-24T15:34:31","guid":{"rendered":"https:\/\/www.europesays.com\/fr\/555651\/"},"modified":"2025-11-24T15:34:31","modified_gmt":"2025-11-24T15:34:31","slug":"a-marseille-le-dossier-gele-dune-victime-de-violences-policieres","status":"publish","type":"post","link":"https:\/\/www.europesays.com\/fr\/555651\/","title":{"rendered":"\u00c0 Marseille, le dossier gel\u00e9 d&rsquo;une victime de violences polici\u00e8res"},"content":{"rendered":"<p><strong>\u00ab\u00a0J\u2019ai toujours pens\u00e9 que la justice pouvait apporter une r\u00e9paration aux victimes, plus maintenant\u00a0\u00bb,<\/strong> regrette Charlotte (1). Dans la soir\u00e9e du 17\u00a0mars\u00a02024 \u00e0 Marseille (13), la festivali\u00e8re de 27\u00a0ans quitte le carnaval de la Plaine, dispers\u00e9 par les CRS sous un nuage de gaz lacrymog\u00e8ne, lorsqu\u2019elle re\u00e7oit une grenade polici\u00e8re entre les jambes. La d\u00e9flagration la br\u00fble et lui ouvre le bas de la jambe droite, nichant dans la plaie des \u00e9clats m\u00e9talliques. Les vid\u00e9os et t\u00e9moignages mettent en cause une grenade GM2L tir\u00e9e par un CRS. Mais un an et demi apr\u00e8s les faits, l\u2019enqu\u00eate semble gel\u00e9e. Le dossier dormirait depuis six\u00a0mois sur le bureau de la procureure qui doit d\u00e9cider des suites \u00e0 donner. Sollicit\u00e9s par StreetPress, ni le parquet de Marseille ni le service communication de la police nationale n\u2019ont r\u00e9pondu \u00e0 nos questions. (2)<\/p>\n<p>\u00c9voquer les \u00e9v\u00e9nements lui est <strong>encore douloureux.<\/strong> La voix nou\u00e9e, au t\u00e9l\u00e9phone, Charlotte raconte le carnaval de la Plaine. Ce \u00ab\u00a0moment festif, de partage et de convivialit\u00e9\u00a0\u00bb autog\u00e9r\u00e9, lanc\u00e9 dans les ann\u00e9es\u00a02000, auquel elle participait pour la premi\u00e8re fois, s\u2019est mu\u00e9 en une \u00ab\u00a0ambiance de guerre\u00a0\u00bb lors de l\u2019intervention des forces de l\u2019ordre. <strong>Interdit en\u00a02023 par arr\u00eat\u00e9 pr\u00e9fectoral,<\/strong> le carnaval est cette fois tol\u00e9r\u00e9 jusqu\u2019\u00e0 18\u00a0h\u00a030. <\/p>\n<p>\u00c0 22\u00a0h\u00a011 sur la place Jean-Jaur\u00e8s, les premi\u00e8res sommations des CRS enjoignent les participants \u00ab\u00a0\u00e0 quitter les lieux en direction de la rue Saint-Savournin\u00a0\u00bb, au nord de la place, observent les membres de l\u2019Observatoire marseillais des pratiques polici\u00e8res (OMPP) \u2014\u00a0cofond\u00e9 par la Ligue des droits de l\u2019homme et le syndicat des avocats de France\u00a0\u2014 <a href=\"https:\/\/site.ldh-france.org\/marseille\/1er-rapport-de-lom-pp\" target=\"_blank\" rel=\"noopener\">dont le rapport<\/a> retrace minute apr\u00e8s minute les man\u0153uvres des forces de l\u2019ordre. Dans la foul\u00e9e, <strong>les CRS aid\u00e9s d\u2019un canon \u00e0 eau balayent la place de part en part<\/strong> et, en r\u00e9ponse \u00e0 \u00ab\u00a0des jets d\u2019objets et tirs d\u2019artifice [qui] sont observ\u00e9s de la part d\u2019une minorit\u00e9 de personnes\u00a0\u00bb, selon les associatifs, la recouvrent en quelques minutes d\u2019un <strong>\u00e9pais brouillard de gaz lacrymog\u00e8ne.<\/strong><\/p>\n<p>Une op\u00e9ration de greffe de la peau<\/p>\n<p>C\u2019est alors que, dans la foule dense \u00e9vacu\u00e9e sur la rue Saint-Savournin \u2014\u00a0soit en dehors du p\u00e9rim\u00e8tre de la place\u00a0\u2014, Charlotte aurait aper\u00e7u <strong>un projectile lumineux tomber sur elle<\/strong> et exploser entre ses pieds\u00a0: <\/p>\n<blockquote>\n<p>\u00ab\u00a0Je me vois \u00eatre \u00e9ject\u00e9e. J\u2019ai des acouph\u00e8nes, la t\u00eate qui tourne et une forte douleur \u00e0 la cheville.\u00a0\u00bb <\/p>\n<\/blockquote>\n<p>Elle perd connaissance dans les secondes qui suivent. Deux de ses amis, \u00e0 c\u00f4t\u00e9 d\u2019elle, sont \u00e9galement bless\u00e9s par la d\u00e9tonation. Dans leurs cinq attestations de t\u00e9moins transmises \u00e0 la justice, que StreetPress a pu consulter, le petit groupe explique avoir d\u00fb la transporter inconsciente sur une centaine de m\u00e8tres pour fuir les CRS, avant de <strong>se r\u00e9fugier dans un appartement o\u00f9 ils alertent les secours.<\/strong><\/p>\n<blockquote>\n<p>\u00c0 LIRE AUSSI\u00a0:\u00a0<a href=\"https:\/\/www.streetpress.com\/sujet\/1758023538-10-septembre-journee-violences-policieres-analyse-mobilisation\" target=\"_blank\" rel=\"noopener\">Le 10\u00a0septembre, une journ\u00e9e de violences polici\u00e8res pass\u00e9e au crible<\/a><\/p>\n<\/blockquote>\n<p>Charlotte est prise en charge le soir-m\u00eame \u00e0 l\u2019h\u00f4pital de la Timone pour deux larges plaies \u00e0 la jambe, dont la seconde est aggrav\u00e9e par une br\u00fblure au second degr\u00e9. Le lendemain, elle demande une radio qui r\u00e9v\u00e8le, dans la premi\u00e8re plaie jusqu\u2019\u00e0 2,5\u00a0centim\u00e8tres de profondeur, des \u00ab\u00a0\u00e9clats m\u00e9talliques millim\u00e9triques d\u2019aspect compatible \u00e0 la grenade lacrymog\u00e8ne\u00a0\u00bb, indique son certificat m\u00e9dical. D\u2019abord \u00e9valu\u00e9 \u00e0 21\u00a0jours d\u2019incapacit\u00e9 totale de travail, l\u2019\u00e9tat de ses blessures ne s\u2019am\u00e9liore pas et n\u00e9cessite, apr\u00e8s trois semaines de soins douloureux, <strong>une op\u00e9ration de greffe de la peau.<\/strong> <\/p>\n<p>    <img decoding=\"async\" src=\"https:\/\/www.europesays.com\/fr\/wp-content\/uploads\/2025\/11\/design_sans_titre_6.png\" class=\"img-responsive\" alt=\"https:\/\/www.europesays.com\/fr\/wp-content\/uploads\/2025\/11\/design_sans_titre_6.png\"\/><\/p>\n<p class=\"credit\">\n            Sur sa jambe, deux larges plaies. Dans l&rsquo;une, une br\u00fblure au second degr\u00e9\u00a0; dans l&rsquo;autre, des \u00ab\u00a0\u00e9clats m\u00e9talliques millim\u00e9triques d&rsquo;aspect compatible \u00e0 la grenade lacrymog\u00e8ne\u00a0\u00bb\u00a0\u2014\u00a0une grenade GM2L \u00e0 priori. \/<br \/>\n          Cr\u00e9dits : DR        <\/p>\n<p><strong>L\u2019impact est aussi psychologique.<\/strong> D\u00e8s fin mars\u00a02024, elle est adress\u00e9e \u00e0 un psychologue pour \u00ab\u00a0anxi\u00e9t\u00e9 g\u00e9n\u00e9ralis\u00e9e, troubles anxieux, insomnie, inapp\u00e9tence, tremblements [et] attaque de panique\u00a0\u00bb, qui lui est toujours n\u00e9cessaire. Encore aujourd\u2019hui, \u00ab\u00a0une f\u00eate la nuit, une manifestation, un gyrophare\u00a0\u00bb ou parfois \u00ab\u00a0un simple bruit de poubelle\u00a0\u00bb la \u00ab\u00a0remettent dedans\u00a0\u00bb. La voix toujours tremblante, elle ressasse\u00a0: <\/p>\n<blockquote>\n<p>\u00ab\u00a0Il y avait des familles \u00e0 c\u00f4t\u00e9 de moi. Les cons\u00e9quences auraient pu \u00eatre encore plus dramatiques. \u00c7a peut arriver \u00e0 tout le monde et \u00e0 n\u2019importe quel moment.\u00a0\u00bb<\/p>\n<\/blockquote>\n<p>Une grenade GM2L mise en cause<\/p>\n<p>Une semaine apr\u00e8s les faits, Charlotte porte plainte pour \u00ab\u00a0violences en r\u00e9union avec armes par personnes d\u00e9positaires de l\u2019autorit\u00e9 publique\u00a0\u00bb. Les images de vid\u00e9osurveillance de la ville, qu\u2019elle a pu visionner lors de son audition par l\u2019Inspection g\u00e9n\u00e9rale de la police nationale (IGPN), montreraient une explosion qui a <strong>\u00ab\u00a0toutes les caract\u00e9ristiques d\u2019une G2ML\u00a0\u00bb<\/strong>\u00a0\u2014\u00a0<a href=\"https:\/\/maintiendelordre.fr\/grenade-lacrymogene-gm2l-sae-820\" target=\"_blank\" rel=\"noopener\">un mod\u00e8le \u00e0 double effet lacrymog\u00e8ne et assourdissant<\/a>\u00a0\u2014, juge son avocat Nicolas Chambardon, par ailleurs membre de l\u2019OMPP.<\/p>\n<p>    <img decoding=\"async\" src=\"https:\/\/www.europesays.com\/fr\/wp-content\/uploads\/2025\/11\/photos_coques_gm2l_le_17_mars_2024_1_11zon.png\" class=\"img-responsive\" alt=\"https:\/\/www.europesays.com\/fr\/wp-content\/uploads\/2025\/11\/photos_coques_gm2l_le_17_mars_2024_1_11zon.png\"\/><\/p>\n<p class=\"credit\">\n            La grenade G2ML \u2014 coques photographi\u00e9es le 17 mars 2024 \u2014 est class\u00e9e parmi les armes de guerre. \/<br \/>\n          Cr\u00e9dits : DR        <\/p>\n<p>Au milieu de la place, entre 22\u00a0h\u00a034 et 22\u00a0h\u00a035, les observateurs de l\u2019OMPP filment le tir au lanceur Cougar d\u2019un CRS en direction du nord. Quelques secondes plus tard, au loin, le projectile \u00ab\u00a0produit un grand flash lumineux rue Saint-Savournin, ainsi qu\u2019une puissante d\u00e9tonation\u00a0\u00bb, l\u00e0 aussi \u00ab\u00a0caract\u00e9ristique\u00a0\u00bb de la grenade, note le rapport associatif. Apr\u00e8s les \u00e9v\u00e9nements, l\u2019observatrice ind\u00e9pendante, membre de l\u2019Observatoire parisien des libert\u00e9s publiques, Mathilde Nilsson, publie les photos de <a href=\"https:\/\/x.com\/m_a_ema\/status\/1770014479050223930\">coques de GM2L<\/a> collect\u00e9es sur place. <strong>L\u2019une est retrouv\u00e9e dans la rue Saint-Savournin<\/strong> \u00e0 une quinzaine de m\u00e8tres du lieu suppos\u00e9 de l\u2019explosion, d\u2019apr\u00e8s ses indications \u00e0 StreetPress.<\/p>\n<blockquote>\n<p>\u00c0 LIRE AUSSI\u00a0:\u00a0<a href=\"https:\/\/www.streetpress.com\/sujet\/1760449149-machoire-gilet-jaune-fracassee-tir-lbd-policier-condamne-prison-violences-paris-justice-acte-mutiles-handicap-nunez\" target=\"_blank\" rel=\"noopener\">M\u00e2choire d\u2019un Gilet jaune fracass\u00e9e par un tir de LBD : le policier condamn\u00e9 \u00e0 du sursis<\/a><\/p>\n<\/blockquote>\n<p>Pr\u00e9sent\u00e9e comme moins dangereuse que la GLI-F4 \u2014\u00a0qu\u2019elle a remplac\u00e9e\u00a0\u2014 et <strong>cens\u00e9e ne pas g\u00e9n\u00e9rer d\u2019\u00e9clats lors de son explosion,<\/strong> la GM2L est cependant toujours class\u00e9e parmi les <strong>armes de guerre.<\/strong> En\u00a02021, G\u00e9rald Darmanin, alors ministre de l\u2019Int\u00e9rieur, <a href=\"https:\/\/www.mediapart.fr\/journal\/france\/080721\/le-ministre-de-l-interieur-limite-l-usage-d-une-grenade-defaillante-la-gm2l-sans-l-interdire\" target=\"_blank\" rel=\"noopener\">interdit son lancer \u00e0 la main<\/a>, jug\u00e9 trop dangereux pour les forces de l\u2019ordre. Deux ans plus tard, lors de la manifestation du 25\u00a0mars\u00a02023 contre la m\u00e9gabassine de Sainte-Soline, une grenade GM2L tir\u00e9e au lanceur <a href=\"https:\/\/www.mediapart.fr\/journal\/france\/290323\/serge-d-grievement-blesse-sainte-soline-le-recit-d-une-faillite-des-autorites\" target=\"_blank\" rel=\"noopener\">provoque un grave traumatisme cr\u00e2nien \u00e0 Serge D.<\/a>, qui plonge le manifestant dans le coma pendant un mois. La base de donn\u00e9es ViolencesPolicieres.fr, plateforme tenue par l\u2019auteur de ce papier, recense au moins <a href=\"https:\/\/violencespolicieres.fr\/signalements\/liste?causes=Grenade+GM2L&amp;videos=1\" target=\"_blank\" rel=\"noopener\">quatre autres cas<\/a> de mutilations et blessures graves attribu\u00e9es \u00e0 cette grenade.<\/p>\n<p>L\u2019enqu\u00eate \u00e0 l\u2019arr\u00eat depuis six mois\u00a0?<\/p>\n<p>Mais depuis six\u00a0mois, l\u2019enqu\u00eate <strong>confi\u00e9e \u00e0 l\u2019IGPN de Marseille ne montre \u00ab\u00a0plus aucun signe de vie\u00a0\u00bb,<\/strong> d\u00e9nonce Ma\u00eetre Nicolas Chambardon, malgr\u00e9 sa dizaine de relances et de rendez-vous avec le parquet de Marseille et l\u2019IGPN. Le dossier serait suspendu depuis tout ce temps \u00e0 la d\u00e9cision du parquet, qui doit choisir entre l\u2019engagement de poursuites devant le tribunal, un classement sans suite ou la r\u00e9alisation d\u2019actes suppl\u00e9mentaires. Au t\u00e9l\u00e9phone juste \u00e0 c\u00f4t\u00e9 du bureau de la vice-procureure charg\u00e9e de l\u2019affaire, qu\u2019il attend de rencontrer pour un autre dossier souffrant de la m\u00eame latence, l\u2019avocat partage son d\u00e9sarroi\u00a0: <\/p>\n<blockquote>\n<p>\u00ab\u00a0Elle me dit\u00a0:\u00a0\u201cJe sais, je vais m\u2019en occuper.\u201d Mais \u00e7a n\u2019avance pas.\u00a0\u00bb<\/p>\n<\/blockquote>\n<p>Comme son avocat, Charlotte <strong>craint un classement sans suite.<\/strong> Depuis son audition par l\u2019IGPN en mai\u00a02024, elle n\u2019a eu aucune nouvelle. Aucun des cinq t\u00e9moins n\u2019aurait \u00e9t\u00e9 contact\u00e9 par les enqu\u00eateurs. Elle ne sait pas si les \u00e9clats extraits de sa jambe ont \u00e9t\u00e9 analys\u00e9s ou si le CRS auteur du tir a \u00e9t\u00e9 identifi\u00e9, malgr\u00e9 l\u2019obligation pour les fonctionnaires de rendre compte de chaque emploi des armes (3). Une incertitude qui l\u2019emp\u00eache pour l\u2019instant de <strong>demander un d\u00e9dommagement<\/strong> aupr\u00e8s de la Commission d\u2019indemnisation des victimes d\u2019infractions. Les autres proc\u00e9dures, telles qu\u2019une plainte avec constitution de partie civile permettant de confier l\u2019affaire \u00e0 un juge d\u2019instruction, n\u2019offrent aucune garantie d\u2019\u00eatre plus rapides. Malgr\u00e9 son master de droit \u00e0 la Sorbonne, elle se sent  \u00ab impuissante \u00bb face \u00e0 la lenteur et au secret de la proc\u00e9dure\u00a0:<\/p>\n<blockquote>\n<p>\u00ab\u00a0Je viens d\u2019un certain milieu, j\u2019ai fait du droit\u2026 Je n\u2019imagine pas la difficult\u00e9 pour des gens qui ne savent pas comment \u00e7a fonctionne.\u00a0\u00bb<\/p>\n<\/blockquote>\n<p>(1) Le pr\u00e9nom a \u00e9t\u00e9 modifi\u00e9.<\/p>\n<p>(2) Sollicit\u00e9s le 10\u00a0novembre et relanc\u00e9s le 19\u00a0novembre, le secr\u00e9tariat du procureur de Marseille et le service d\u2019information et communication de la police nationale ont bien accus\u00e9 r\u00e9ception de nos questions mais n\u2019y ont pas r\u00e9pondu \u00e0 l\u2019heure de la publication de cet article.<\/p>\n<p>(3) La doctrine pr\u00e9voit que tout emploi d\u2019une grenade GM2L et d\u2019un lanceur de grenade \u00ab\u00a0devront syst\u00e9matiquement faire l\u2019objet d\u2019un compte-rendu pr\u00e9cis\u00a0\u00bb (instruction du minist\u00e8re de l\u2019Int\u00e9rieur en\u00a02017 relative \u00e0 l\u2019usage et l\u2019emploi des armes de force interm\u00e9diaire dans les services de la police nationale et les unit\u00e9s de la gendarmerie nationale).<\/p>\n<p>Illustration de Une par Mila Siroit.<\/p>\n","protected":false},"excerpt":{"rendered":"\u00ab\u00a0J\u2019ai toujours pens\u00e9 que la justice pouvait apporter une r\u00e9paration aux victimes, plus maintenant\u00a0\u00bb, regrette Charlotte (1). Dans&hellip;\n","protected":false},"author":2,"featured_media":555652,"comment_status":"","ping_status":"","sticky":false,"template":"","format":"standard","meta":{"footnotes":""},"categories":[2814],"tags":[1111,47,11,3625,1777,674,1011,27,1922,5180,884,12,626,316,882,25,5181,104,5179,5178],"class_list":{"0":"post-555651","1":"post","2":"type-post","3":"status-publish","4":"format-standard","5":"has-post-thumbnail","7":"category-marseille","8":"tag-actu","9":"tag-actualite","10":"tag-actualites","11":"tag-banlieue","12":"tag-eu","13":"tag-europe","14":"tag-fr","15":"tag-france","16":"tag-info","17":"tag-magazine-urbain","18":"tag-marseille","19":"tag-news","20":"tag-paris","21":"tag-politique","22":"tag-provence-alpes-cote-dazur","23":"tag-republique-francaise","24":"tag-site-participatif","25":"tag-societe","26":"tag-street-press","27":"tag-streetpress"},"share_on_mastodon":{"url":"https:\/\/pubeurope.com\/@fr\/115605411672380631","error":""},"_links":{"self":[{"href":"https:\/\/www.europesays.com\/fr\/wp-json\/wp\/v2\/posts\/555651","targetHints":{"allow":["GET"]}}],"collection":[{"href":"https:\/\/www.europesays.com\/fr\/wp-json\/wp\/v2\/posts"}],"about":[{"href":"https:\/\/www.europesays.com\/fr\/wp-json\/wp\/v2\/types\/post"}],"author":[{"embeddable":true,"href":"https:\/\/www.europesays.com\/fr\/wp-json\/wp\/v2\/users\/2"}],"replies":[{"embeddable":true,"href":"https:\/\/www.europesays.com\/fr\/wp-json\/wp\/v2\/comments?post=555651"}],"version-history":[{"count":0,"href":"https:\/\/www.europesays.com\/fr\/wp-json\/wp\/v2\/posts\/555651\/revisions"}],"wp:featuredmedia":[{"embeddable":true,"href":"https:\/\/www.europesays.com\/fr\/wp-json\/wp\/v2\/media\/555652"}],"wp:attachment":[{"href":"https:\/\/www.europesays.com\/fr\/wp-json\/wp\/v2\/media?parent=555651"}],"wp:term":[{"taxonomy":"category","embeddable":true,"href":"https:\/\/www.europesays.com\/fr\/wp-json\/wp\/v2\/categories?post=555651"},{"taxonomy":"post_tag","embeddable":true,"href":"https:\/\/www.europesays.com\/fr\/wp-json\/wp\/v2\/tags?post=555651"}],"curies":[{"name":"wp","href":"https:\/\/api.w.org\/{rel}","templated":true}]}}