{"id":555655,"date":"2025-11-24T15:36:18","date_gmt":"2025-11-24T15:36:18","guid":{"rendered":"https:\/\/www.europesays.com\/fr\/555655\/"},"modified":"2025-11-24T15:36:18","modified_gmt":"2025-11-24T15:36:18","slug":"la-meilleure-decision-que-paris-et-lyon-aient-pu-prendre-en-termes-decologie-et-qui-va-changer-vos-trajets-de-nuit","status":"publish","type":"post","link":"https:\/\/www.europesays.com\/fr\/555655\/","title":{"rendered":"La meilleure d\u00e9cision que Paris et Lyon aient pu prendre en termes d\u2019\u00e9cologie (et qui va changer vos trajets de nuit)"},"content":{"rendered":"<p>Imaginez un Paris ou un Lyon plong\u00e9s dans la nuit, mais vivants, vibrants, sans le vacarme des moteurs ni les bouff\u00e9es de gaz \u00e9chapp\u00e9es aux feux rouges. L&rsquo;id\u00e9e para\u00eet futuriste, et pourtant elle prend forme sous nos yeux : rentrer chez soi apr\u00e8s une soir\u00e9e, se d\u00e9placer tard pour le travail ou les loisirs, tout cela devient plus simple, plus s\u00fbr\u2026 et surtout, plus propre. Depuis la mise en place d&rsquo;une d\u00e9cision audacieuse, les deux plus grandes m\u00e9tropoles fran\u00e7aises r\u00e9volutionnent la fa\u00e7on de circuler la nuit, pour le plus grand b\u00e9n\u00e9fice des citadins, mais \u00e9galement de la plan\u00e8te. Pourquoi ce choix est-il d\u00e9j\u00e0 sur toutes les l\u00e8vres et comment transforme-t-il en profondeur nos habitudes de noctambules ?<\/p>\n<p>Quand la nuit tombe, la mobilit\u00e9 urbaine se r\u00e9invente<\/p>\n<p>La nuit, la ville change de visage. Les rues se vident des foules habituelles, laissant place \u00e0 ceux pour qui minuit ne rime pas avec couvre-feu : travailleurs de l&rsquo;ombre, \u00e9tudiants tardifs, noctambules inv\u00e9t\u00e9r\u00e9s. Mais derri\u00e8re les lumi\u00e8res, l&rsquo;envers du d\u00e9cor \u00e9tait moins reluisant : <strong>peu de solutions de transport, sentiment d&rsquo;ins\u00e9curit\u00e9, pollution persistante<\/strong> alors m\u00eame que le trafic est moindre. Multiplier les options semblait mission impossible sans aggraver l&#8217;empreinte carbone ou exploser le budget municipal.<\/p>\n<p>Face \u00e0 ce casse-t\u00eate urbain, Paris et Lyon ont d\u00e9cid\u00e9 de prendre le pari de l&rsquo;innovation, \u00e0 un moment o\u00f9 les attentes citoyennes sont plus fortes que jamais. Les \u00e9lus municipaux, interpell\u00e9s par les exigences d&rsquo;accessibilit\u00e9, de s\u00e9curit\u00e9 mais aussi de respect de l&rsquo;environnement, ont planch\u00e9 sur une <strong>refonte spectaculaire des r\u00e9seaux nocturnes<\/strong>. Fini les compromis insatisfaisants : c&rsquo;est une nouvelle \u00e8re qui s&rsquo;ouvre pour la mobilit\u00e9 urbaine apr\u00e8s le coucher du soleil.<\/p>\n<p> Paris et Lyon lancent l&rsquo;offensive \u00e9lectrique la nuit<\/p>\n<p>C&rsquo;est sur un coup d&rsquo;acc\u00e9l\u00e9rateur que tout s&rsquo;est enclench\u00e9 ces derniers mois. D\u00e9sormais, <strong>les services de nuit \u00e0 Paris et Lyon reposent sur une flotte 100 % \u00e9lectrique<\/strong>. Les anciens bus diesel laissent place \u00e0 de nouveaux v\u00e9hicules silencieux, propres, capables de couvrir de larges distances sans \u00e9mettre l&rsquo;ombre d&rsquo;un gramme de CO2.<\/p>\n<p>Loin d&rsquo;\u00eatre un simple effet d&rsquo;annonce, le passage au tout-\u00e9lectrique a \u00e9t\u00e9 men\u00e9 tambour battant, avec une rapidit\u00e9 remarquable : en \u00e0 peine une ann\u00e9e, <strong>des dizaines de lignes nocturnes<\/strong> ont troqu\u00e9 leur moteur thermique pour des batteries nouvelle g\u00e9n\u00e9ration, sans interruption de service. La transition s&rsquo;est appuy\u00e9e sur une strat\u00e9gie coordonn\u00e9e, avec des infrastructures de recharge implant\u00e9es dans toute la ville, permettant d&rsquo;encha\u00eener les rotations toute la nuit, m\u00eame au c\u0153ur de l&rsquo;hiver.<\/p>\n<p>Moins de pollution sous les \u00e9toiles : l&rsquo;impact \u00e9cologique concret<\/p>\n<p>Le bilan s&rsquo;annonce d&rsquo;ores et d\u00e9j\u00e0 spectaculaire. Termin\u00e9, le grondement des autobus dans les ruelles endormies ; place au <strong>silence de v\u00e9hicules propres<\/strong> qui glissent dans la nuit. Du c\u00f4t\u00e9 des \u00e9missions, la diff\u00e9rence est notable : chaque ligne \u00e9lectrifi\u00e9e permet d&rsquo;\u00e9conomiser plusieurs centaines de kilos de CO2 en quelques nuits seulement, soit l&rsquo;\u00e9quivalent de plusieurs milliers de kilom\u00e8tres parcourus en voiture individuelle.<\/p>\n<p>En plus de l&rsquo;am\u00e9lioration de la qualit\u00e9 de l&rsquo;air, les habitants red\u00e9couvrent aussi le plaisir de nuits calmes. Les nuisances sonores, fl\u00e9au sous-estim\u00e9, reculent drastiquement : plus besoin de supporter le vacarme des bus \u00e0 l&rsquo;heure o\u00f9 tout le monde dort. Les premiers chiffres fournis par les r\u00e9gies de transports confirment un <strong>taux de satisfaction record<\/strong> chez les riverains, avec un ressenti d&rsquo;apaisement rarement observ\u00e9 dans les quartiers habituellement asphyxi\u00e9s par le trafic nocturne.<\/p>\n<p>Des usagers conquis : quand l&rsquo;exp\u00e9rience de la nuit change<\/p>\n<p>Les Parisiens, Lyonnais et visiteurs qui ont test\u00e9 ces nouveaux services ne cachent pas leur enthousiasme. Les utilisateurs \u00e9voquent <strong>un nouveau sentiment de s\u00e9curit\u00e9<\/strong>, y compris au petit matin ou en fin de nuit. La luminosit\u00e9 adapt\u00e9e des v\u00e9hicules, la pr\u00e9sence de conducteurs form\u00e9s \u00e0 la vigilance nocturne, la ponctualit\u00e9 retrouv\u00e9e et l&rsquo;accessibilit\u00e9 des arr\u00eats sont pl\u00e9biscit\u00e9es par toutes les g\u00e9n\u00e9rations.<\/p>\n<p>Ce qui s\u00e9duit particuli\u00e8rement ? La possibilit\u00e9 de rentrer sereinement chez soi, sans avoir \u00e0 multiplier les correspondances ni \u00e0 guetter le dernier m\u00e9tro. Les itin\u00e9raires couvrent des quartiers autrefois enclav\u00e9s, tout en assurant une <strong>continuit\u00e9 de service sans compromis sur le confort ou la tranquillit\u00e9<\/strong>. Le tout, pour un tarif inchang\u00e9 par rapport aux services diurnes.<\/p>\n<p>Paris et Lyon, mod\u00e8les inspirants pour l&rsquo;Europe ?<\/p>\n<p>\u00c0 l&rsquo;heure o\u00f9 de grandes m\u00e9tropoles europ\u00e9ennes cherchent \u00e0 r\u00e9duire leur empreinte carbone, l&rsquo;initiative fran\u00e7aise fait figure de pionni\u00e8re. D\u00e9j\u00e0, des villes comme Barcelone, Bruxelles ou Milan annoncent leur volont\u00e9 de s&rsquo;inspirer du mod\u00e8le parisien et lyonnais pour adapter leurs propres r\u00e9seaux nocturnes au tournant \u00e9lectrique. L&rsquo;effet domino s&rsquo;amorce, port\u00e9 par l&rsquo;engouement citoyen et des associations environnementales convaincues par l&rsquo;id\u00e9e de <strong>r\u00e9inventer la nuit urbaine<\/strong>.<\/p>\n<p>Rarement un projet \u00e9cologique aura rassembl\u00e9 autant d&rsquo;acteurs, du maire aux comit\u00e9s de riverains, en passant par les syndicats de transports. Le consensus est de mise : <strong>agir la nuit, c&rsquo;est agir sur toute la qualit\u00e9 de vie urbaine<\/strong>, et pas seulement pour une minorit\u00e9 isol\u00e9e.<\/p>\n<p> Jusqu&rsquo;o\u00f9 ira la transition verte des nuits urbaines ?<\/p>\n<p>Si l&rsquo;\u00e9lan est ind\u00e9niable, quelques d\u00e9fis subsistent au coin de la rue. Le co\u00fbt d&rsquo;acquisition des bus \u00e9lectriques, encore relativement \u00e9lev\u00e9, impose une gestion serr\u00e9e des budgets. Les infrastructures de recharge doivent continuer \u00e0 se d\u00e9ployer pour gagner en densit\u00e9 et en fiabilit\u00e9. Enfin, <strong>l&rsquo;extension de ces services aux p\u00e9riph\u00e9ries<\/strong> reste un objectif encore \u00e0 atteindre pour garantir une v\u00e9ritable \u00e9quit\u00e9 territoriale.<\/p>\n<p>\u00c0 l&rsquo;horizon 2026, plusieurs pistes sont \u00e9voqu\u00e9es : ouverture de nouvelles lignes, mutualisation des flottes intercommunales, exp\u00e9rimentation de services \u00e0 la demande pour les horaires les plus creux. Les discussions sont d\u00e9j\u00e0 en cours afin que chaque grande ville fran\u00e7aise puisse, demain, reprendre le flambeau et offrir \u00e0 ses habitants des nuits v\u00e9ritablement align\u00e9es avec les ambitions climatiques de l&rsquo;Hexagone.<\/p>\n<p> Ce qu&rsquo;il faut retenir (et pourquoi vos prochaines sorties nocturnes ne seront plus jamais les m\u00eames)<\/p>\n<p>Investir massivement dans la mobilit\u00e9 nocturne \u00e9lectrique repr\u00e9sente une transformation profonde de la nuit urbaine : <strong>plus sereine, plus accessible, et surtout plus durable<\/strong>. Paris et Lyon d\u00e9montrent qu&rsquo;une ville peut \u00eatre conviviale sans sacrifier l&rsquo;environnement, ni le sommeil de ses habitants.<\/p>\n<p>Pour profiter pleinement de cette nouvelle aubaine, quelques r\u00e9flexes s&rsquo;imposent : consultez les nouveaux horaires avant vos sorties, rep\u00e9rez les arr\u00eats d\u00e9sormais desservis la nuit, et pourquoi pas, laissez votre voiture au garage pour une balade nocturne sans stress ni \u00e9missions.<\/p>\n<p>La transformation enclench\u00e9e dans ces deux m\u00e9tropoles n&rsquo;en est qu&rsquo;\u00e0 ses d\u00e9buts. Dans quelques ann\u00e9es, traverser la ville \u00e0 toute heure pourrait devenir la nouvelle norme \u00e9coresponsable\u2026 et red\u00e9finir, pour de bon, l&rsquo;art de vivre la nuit.<\/p>\n","protected":false},"excerpt":{"rendered":"Imaginez un Paris ou un Lyon plong\u00e9s dans la nuit, mais vivants, vibrants, sans le vacarme des moteurs&hellip;\n","protected":false},"author":2,"featured_media":555656,"comment_status":"","ping_status":"","sticky":false,"template":"","format":"standard","meta":{"footnotes":""},"categories":[1889],"tags":[1111,11,2430,1777,674,1011,27,2428,12,56,25],"class_list":{"0":"post-555655","1":"post","2":"type-post","3":"status-publish","4":"format-standard","5":"has-post-thumbnail","7":"category-lyon","8":"tag-actu","9":"tag-actualites","10":"tag-auvergne-rhone-alpes","11":"tag-eu","12":"tag-europe","13":"tag-fr","14":"tag-france","15":"tag-lyon","16":"tag-news","17":"tag-push","18":"tag-republique-francaise"},"share_on_mastodon":{"url":"https:\/\/pubeurope.com\/@fr\/115605417688781331","error":""},"_links":{"self":[{"href":"https:\/\/www.europesays.com\/fr\/wp-json\/wp\/v2\/posts\/555655","targetHints":{"allow":["GET"]}}],"collection":[{"href":"https:\/\/www.europesays.com\/fr\/wp-json\/wp\/v2\/posts"}],"about":[{"href":"https:\/\/www.europesays.com\/fr\/wp-json\/wp\/v2\/types\/post"}],"author":[{"embeddable":true,"href":"https:\/\/www.europesays.com\/fr\/wp-json\/wp\/v2\/users\/2"}],"replies":[{"embeddable":true,"href":"https:\/\/www.europesays.com\/fr\/wp-json\/wp\/v2\/comments?post=555655"}],"version-history":[{"count":0,"href":"https:\/\/www.europesays.com\/fr\/wp-json\/wp\/v2\/posts\/555655\/revisions"}],"wp:featuredmedia":[{"embeddable":true,"href":"https:\/\/www.europesays.com\/fr\/wp-json\/wp\/v2\/media\/555656"}],"wp:attachment":[{"href":"https:\/\/www.europesays.com\/fr\/wp-json\/wp\/v2\/media?parent=555655"}],"wp:term":[{"taxonomy":"category","embeddable":true,"href":"https:\/\/www.europesays.com\/fr\/wp-json\/wp\/v2\/categories?post=555655"},{"taxonomy":"post_tag","embeddable":true,"href":"https:\/\/www.europesays.com\/fr\/wp-json\/wp\/v2\/tags?post=555655"}],"curies":[{"name":"wp","href":"https:\/\/api.w.org\/{rel}","templated":true}]}}