{"id":555661,"date":"2025-11-24T15:41:13","date_gmt":"2025-11-24T15:41:13","guid":{"rendered":"https:\/\/www.europesays.com\/fr\/555661\/"},"modified":"2025-11-24T15:41:13","modified_gmt":"2025-11-24T15:41:13","slug":"le-groupe-guns-nroses-de-retour-en-france-avec-deux-concerts-a-laccorarena-de-paris","status":"publish","type":"post","link":"https:\/\/www.europesays.com\/fr\/555661\/","title":{"rendered":"Le groupe Guns N&rsquo;Roses de retour en France avec deux concerts \u00e0 l&rsquo;AccorArena de Paris"},"content":{"rendered":"<p class=\"mb-4 text-lg md:leading-8 break-words\">Une nouvelle tourn\u00e9e et deux dates en France. L&#8217;embl\u00e9matique groupe de hard rock am\u00e9ricain <a href=\"https:\/\/fr.news.yahoo.com\/axl-rose-leader-guns-n-173640426.html\" data-ylk=\"slk:Guns N&#039;Roses;elm:context_link;itc:0;sec:content-canvas;outcm:mb_qualified_link;_E:mb_qualified_link;ct:story;\" class=\"link  yahoo-link\" target=\"_blank\" rel=\"noopener\">Guns N&rsquo;Roses<\/a> a d\u00e9voil\u00e9, ce lundi 24 novembre, les contours de sa nouvelle tourn\u00e9e mondiale, pr\u00e9vue pour 2026. Une salve de concerts qui d\u00e9butera le 28 mars prochain \u00e0 Monterrey, au Mexique, pour s&rsquo;achever le 19 septembre \u00e0 Atlanta, aux \u00c9tats-Unis.<\/p>\n<p class=\"mb-4 text-lg md:leading-8 break-words\">La bande men\u00e9e par Axl Rose, Slash et Duff McKagan donne rendez-vous \u00e0 ses fans en Europe, avec des concerts en Irlande, aux Pays-Bas, en Allemagne et en Belgique et annonce deux dates en France. Guns N&rsquo;Roses se produira \u00e0 l&rsquo;<a href=\"https:\/\/fr.news.yahoo.com\/fait-10-bercy-suite-2026-083858454.html\" data-ylk=\"slk:AccorArena de Paris;elm:context_link;itc:0;sec:content-canvas;outcm:mb_qualified_link;_E:mb_qualified_link;ct:story;\" class=\"link  yahoo-link\" target=\"_blank\" rel=\"noopener\">AccorArena de Paris<\/a> le 1er et le 3 juillet 2026.<\/p>\n<p>Deux nouveaux singles<\/p>\n<p class=\"mb-4 text-lg md:leading-8 break-words\">La premi\u00e8re partie sera assur\u00e9e par le groupe de rock am\u00e9ricain Mammoth. Pour ces concerts fran\u00e7ais, la billetterie ouvrira ce vendredi 28 novembre \u00e0 9 heures. Comme pour chaque tourn\u00e9e, les deux dates parisiennes de Guns N&rsquo;Roses risquent d&rsquo;\u00eatre prises d&rsquo;assaut par les fans du groupe mythique et rare sur sc\u00e8ne en France.<\/p>\n<p class=\"mb-4 text-lg md:leading-8 break-words\">Et cette bonne nouvelle n&rsquo;arrive pas seule: deux nouveaux singles, intitul\u00e9s Nothin&rsquo; et Atlas, sortiront le 2 d\u00e9cembre prochain. Le guitariste Slash avait confirm\u00e9 la sortie d&rsquo;un prochain album, seize ans apr\u00e8s Chinese Democracy.<\/p>\n<p class=\"mb-4 text-lg md:leading-8 break-words\">En novembre 2023, Axl Rose a \u00e9t\u00e9 accus\u00e9 par une ancienne compagne d&rsquo;agression sexuelle, des faits qui remonteraient \u00e0 1989. Ce mannequin am\u00e9ricain avait d\u00e9pos\u00e9 une plainte au civil. L&rsquo;affaire s&rsquo;est sold\u00e9e par un accord entre le chanteur et la plaignante.<\/p>\n<p class=\"mb-4 text-lg md:leading-8 break-words\"><a href=\"https:\/\/www.bfmtv.com\/people\/musique\/le-groupe-guns-n-roses-de-retour-en-france-avec-deux-concerts-a-l-accor-arena-de-paris_AN-202511240724.html#xtor=AL-68\" rel=\"nofollow noopener\" target=\"_blank\" data-ylk=\"slk:Article original publi\u00e9 sur BFMTV.com;elm:context_link;itc:0;sec:content-canvas\" class=\"link \">Article original publi\u00e9 sur BFMTV.com<\/a><\/p>\n","protected":false},"excerpt":{"rendered":"Une nouvelle tourn\u00e9e et deux dates en France. L&#8217;embl\u00e9matique groupe de hard rock am\u00e9ricain Guns N&rsquo;Roses a d\u00e9voil\u00e9,&hellip;\n","protected":false},"author":2,"featured_media":555662,"comment_status":"","ping_status":"","sticky":false,"template":"","format":"standard","meta":{"footnotes":""},"categories":[1888],"tags":[1111,1928,11,1927,25296,1777,674,1011,27,67335,12,1926,626,1925,25],"class_list":{"0":"post-555661","1":"post","2":"type-post","3":"status-publish","4":"format-standard","5":"has-post-thumbnail","7":"category-paris","8":"tag-actu","9":"tag-actu-paris","10":"tag-actualites","11":"tag-actualites-paris","12":"tag-axl-rose","13":"tag-eu","14":"tag-europe","15":"tag-fr","16":"tag-france","17":"tag-guns-nroses","18":"tag-news","19":"tag-news-paris","20":"tag-paris","21":"tag-paris-news","22":"tag-republique-francaise"},"share_on_mastodon":{"url":"https:\/\/pubeurope.com\/@fr\/115605437446499280","error":""},"_links":{"self":[{"href":"https:\/\/www.europesays.com\/fr\/wp-json\/wp\/v2\/posts\/555661","targetHints":{"allow":["GET"]}}],"collection":[{"href":"https:\/\/www.europesays.com\/fr\/wp-json\/wp\/v2\/posts"}],"about":[{"href":"https:\/\/www.europesays.com\/fr\/wp-json\/wp\/v2\/types\/post"}],"author":[{"embeddable":true,"href":"https:\/\/www.europesays.com\/fr\/wp-json\/wp\/v2\/users\/2"}],"replies":[{"embeddable":true,"href":"https:\/\/www.europesays.com\/fr\/wp-json\/wp\/v2\/comments?post=555661"}],"version-history":[{"count":0,"href":"https:\/\/www.europesays.com\/fr\/wp-json\/wp\/v2\/posts\/555661\/revisions"}],"wp:featuredmedia":[{"embeddable":true,"href":"https:\/\/www.europesays.com\/fr\/wp-json\/wp\/v2\/media\/555662"}],"wp:attachment":[{"href":"https:\/\/www.europesays.com\/fr\/wp-json\/wp\/v2\/media?parent=555661"}],"wp:term":[{"taxonomy":"category","embeddable":true,"href":"https:\/\/www.europesays.com\/fr\/wp-json\/wp\/v2\/categories?post=555661"},{"taxonomy":"post_tag","embeddable":true,"href":"https:\/\/www.europesays.com\/fr\/wp-json\/wp\/v2\/tags?post=555661"}],"curies":[{"name":"wp","href":"https:\/\/api.w.org\/{rel}","templated":true}]}}