{"id":555669,"date":"2025-11-24T15:45:22","date_gmt":"2025-11-24T15:45:22","guid":{"rendered":"https:\/\/www.europesays.com\/fr\/555669\/"},"modified":"2025-11-24T15:45:22","modified_gmt":"2025-11-24T15:45:22","slug":"on-veut-imposer-une-paix-a-un-pays-qui-na-pas-perdu-sur-le-champ-de-bataille","status":"publish","type":"post","link":"https:\/\/www.europesays.com\/fr\/555669\/","title":{"rendered":"\u00abOn veut imposer une paix \u00e0 un pays qui n\u2019a pas perdu sur le champ de bataille\u00bb"},"content":{"rendered":"<p>\n    <strong>ENTRETIEN &#8211; <\/strong>Fran\u00e7ois Heisbourg est conseiller sp\u00e9cial \u00e0 la Fondation pour la recherche strat\u00e9gique. Il revient de Lviv, o\u00f9 il a particip\u00e9 \u00e0 une r\u00e9union d\u2019experts et d\u2019anciens responsables politiques europ\u00e9ens et ukrainiens.<\/p>\n<p class=\"fig-paragraph\"><strong>LE FIGARO. &#8211; Quelle a \u00e9t\u00e9 la r\u00e9action des Ukrainiens \u00e0 Lviv au moment de l\u2019apparition du\u00a0<\/strong><a href=\"http:\/\/www.lefigaro.fr\/international\/volodymyr-zelensky-repousse-le-plan-de-paix-americain-et-assure-qu-il-ne-trahira-pas-son-pays-20251121\" target=\"_blank\" data-fig-type=\"Article\" rel=\"noopener\" data-gtm-custom-categorie=\"navigation\" data-gtm-custom-action=\"crossclick\" data-gtm-custom-label=\"Contextuel\" data-gtm-event=\"customEventSPE\" data-fig-domain=\"LEFIGARO\"><strong>nouveau plan de paix russo-ukrainien<\/strong><\/a> <strong>\u00a0?<\/strong><\/p>\n<p class=\"fig-paragraph\"><strong>FRAN\u00c7OIS HEISBOURG. &#8211; <\/strong>C\u2019\u00e9tait la sid\u00e9ration\u00a0! Personne ne s\u2019attendait \u00e0 la publication d\u2019un plan qui ressemble \u00e0 ce point \u00e0 un copier-coller des positions russes. Le d\u00e9sordre qui a accompagn\u00e9 cette s\u00e9quence, avec les r\u00e9cits disjoints entre les\u00a0<a href=\"http:\/\/www.lefigaro.fr\/international\/ukraine-le-plan-de-paix-vient-bien-des-etats-unis-insiste-washington-20251123\" target=\"_blank\" data-fig-type=\"NewsFlash\" rel=\"noopener\" data-gtm-custom-categorie=\"navigation\" data-gtm-custom-action=\"crossclick\" data-gtm-custom-label=\"Contextuel\" data-gtm-event=\"customEventSPE\" data-fig-domain=\"LEFIGARO\">responsables am\u00e9ricains sur l\u2019origine du plan<\/a>, fait d\u2019ailleurs partie des sujets d\u2019inqui\u00e9tude\u00a0: il y a un manifestement un probl\u00e8me de d\u00e9sarticulation de la production de la politique \u00e9trang\u00e8re et de s\u00e9curit\u00e9 \u00e0 Washington\u00a0! Au-del\u00e0 de la sid\u00e9ration, les Ukrainiens ont eu deux types de r\u00e9actions.<\/p>\n<p class=\"fig-paragraph\">Certains, pour tenter de se rassurer, ont minimis\u00e9 en partant du principe que, comme d\u2019habitude, Trump changerait d\u2019avis et qu\u2019il fallait relativiser. Les autres ont affirm\u00e9 que\u00a0<a href=\"http:\/\/www.lefigaro.fr\/international\/a-geneve-le-front-commun-des-europeens-et-des-ukrainiens-face-au-plan-de-trump-20251123\" target=\"_blank\" data-fig-type=\"Article\" rel=\"noopener\" data-gtm-custom-categorie=\"navigation\" data-gtm-custom-action=\"crossclick\" data-gtm-custom-label=\"Contextuel\" data-gtm-event=\"customEventSPE\" data-fig-domain=\"LEFIGARO\">Volodymyr Zelensky \u00e9tait dans une situation tr\u00e8s difficile, qui le contraignait \u00e0 un choix impossible<\/a>\u00a0: dire non \u00e0 deux grandes puissances\u2026<\/p>\n<p class=\"fig-premium-paywall__infos\">\n        Cet article est r\u00e9serv\u00e9 aux abonn\u00e9s.        Il vous reste 85% \u00e0 d\u00e9couvrir.\n    <\/p>\n<p>                <img  data- alt=\"Le Figaro\" class=\"fig-img--complete fig-img\"\/><\/p>\n<p class=\"fig-premium-paywall__title\">Black Friday<\/p>\n<p class=\"fig-premium-paywall__subtitle\">-70% sur l&rsquo;abonnement num\u00e9rique<\/p>\n<p class=\"fig-premium-paywall__connect\">\n                D\u00e9j\u00e0 abonn\u00e9\u00a0?                <a class=\"fig-premium-paywall__connect-link\" href=\"https:\/\/connect.lefigaro.fr\/login?client=horizon_web&amp;type=main&amp;redirect_uri=https%3A%2F%2Fwww.lefigaro.fr%2Finternational%2Faccord-pour-l-ukraine-on-veut-imposer-une-paix-a-un-pays-qui-n-a-pas-perdu-sur-le-champ-de-bataille-20251124\" data-js-gtm=\"{&quot;customCategorie&quot;: &quot;conversion&quot;, &quot;customAction&quot;: &quot;before_Landing_Connexion_paywall_auto&quot;, &quot;customLabel&quot;: &quot;bGVmaWdhcm8uZnJfXzFmMGM5M2I5LWNlODktNmVkMC1hMWM4LWJiNGZlNTRlOTNkNV9fQXJ0aWNsZQ==_Accord pour l\u2019Ukraine\u00a0: \u00abOn veut imposer une paix \u00e0 un pays qui n\u2019a pas perdu sur le champ de bataille\u00bb_312&quot;, &quot;customIDSPE&quot;: &quot;bGVmaWdhcm8uZnJfXzFmMGM5M2I5LWNlODktNmVkMC1hMWM4LWJiNGZlNTRlOTNkNV9fQXJ0aWNsZQ==&quot;, &quot;event&quot;: &quot;customEventSPE&quot;}\" target=\"_blank\" rel=\"noopener\"><br \/>\n                    Connectez-vous<br \/>\n                <\/a>\n            <\/p>\n","protected":false},"excerpt":{"rendered":"ENTRETIEN &#8211; Fran\u00e7ois Heisbourg est conseiller sp\u00e9cial \u00e0 la Fondation pour la recherche strat\u00e9gique. Il revient de Lviv,&hellip;\n","protected":false},"author":2,"featured_media":555670,"comment_status":"","ping_status":"","sticky":false,"template":"","format":"standard","meta":{"footnotes":""},"categories":[1590],"tags":[11,75,1777,674,12,220,135],"class_list":{"0":"post-555669","1":"post","2":"type-post","3":"status-publish","4":"format-standard","5":"has-post-thumbnail","7":"category-ukraine","8":"tag-actualites","9":"tag-donald-trump","10":"tag-eu","11":"tag-europe","12":"tag-news","13":"tag-ukraine","14":"tag-vladimir-poutine"},"share_on_mastodon":{"url":"https:\/\/pubeurope.com\/@fr\/115605453023817909","error":""},"_links":{"self":[{"href":"https:\/\/www.europesays.com\/fr\/wp-json\/wp\/v2\/posts\/555669","targetHints":{"allow":["GET"]}}],"collection":[{"href":"https:\/\/www.europesays.com\/fr\/wp-json\/wp\/v2\/posts"}],"about":[{"href":"https:\/\/www.europesays.com\/fr\/wp-json\/wp\/v2\/types\/post"}],"author":[{"embeddable":true,"href":"https:\/\/www.europesays.com\/fr\/wp-json\/wp\/v2\/users\/2"}],"replies":[{"embeddable":true,"href":"https:\/\/www.europesays.com\/fr\/wp-json\/wp\/v2\/comments?post=555669"}],"version-history":[{"count":0,"href":"https:\/\/www.europesays.com\/fr\/wp-json\/wp\/v2\/posts\/555669\/revisions"}],"wp:featuredmedia":[{"embeddable":true,"href":"https:\/\/www.europesays.com\/fr\/wp-json\/wp\/v2\/media\/555670"}],"wp:attachment":[{"href":"https:\/\/www.europesays.com\/fr\/wp-json\/wp\/v2\/media?parent=555669"}],"wp:term":[{"taxonomy":"category","embeddable":true,"href":"https:\/\/www.europesays.com\/fr\/wp-json\/wp\/v2\/categories?post=555669"},{"taxonomy":"post_tag","embeddable":true,"href":"https:\/\/www.europesays.com\/fr\/wp-json\/wp\/v2\/tags?post=555669"}],"curies":[{"name":"wp","href":"https:\/\/api.w.org\/{rel}","templated":true}]}}