{"id":555671,"date":"2025-11-24T15:47:23","date_gmt":"2025-11-24T15:47:23","guid":{"rendered":"https:\/\/www.europesays.com\/fr\/555671\/"},"modified":"2025-11-24T15:47:23","modified_gmt":"2025-11-24T15:47:23","slug":"lidylle-entre-donald-trump-et-zohran-mamdani-fait-derailler-la-sphere-maga","status":"publish","type":"post","link":"https:\/\/www.europesays.com\/fr\/555671\/","title":{"rendered":"L\u2019idylle entre Donald Trump et Zohran Mamdani fait d\u00e9railler la \u201csph\u00e8re Maga\u201d"},"content":{"rendered":"\n<p>\u201cLes arm\u00e9es de gauche, tout comme celles du mouvement Maga, \u00e9taient align\u00e9es, pr\u00eates \u00e0 voir leurs champions s\u2019affronter\u201d, <a class=\"ithalc\" data-ithal=\"lien_externe\" data-ithalc=\"[nav_article]\" target=\"_blank\" href=\"https:\/\/www.theguardian.com\/us-news\/2025\/nov\/21\/trump-mamdani-white-house-new-york\" rel=\"noopener\">souligne <strong>The<\/strong> <strong>Guardian<\/strong><\/a><strong>.<\/strong> Apr\u00e8s tout, rappelle le journal, Donald Trump avait qualifi\u00e9 Zohran Mamdani de \u201ccommuniste fou \u00e0 100\u00a0%\u201d, et le candidat socialiste d\u00e9mocrate \u00e9lu \u00e0 la mairie de New York le 4\u00a0novembre dernier avait, quant \u00e0 lui, qualifi\u00e9 le pr\u00e9sident am\u00e9ricain de \u201cdespote\u201d et de \u201cfasciste\u201d.<\/p>\n<p>      <img loading=\"lazy\" decoding=\"async\" src=\"https:\/\/www.europesays.com\/fr\/wp-content\/uploads\/2025\/11\/sddefault.jpg\" alt=\"Trump 'OK' with Mamdani calling him a fascist | AFP\" width=\"640\" height=\"360\"\/><\/p>\n<p>Mais ceux qui s\u2019attendaient \u00e0 voir \u201cdes coups de poing voler et des chemises d\u00e9chir\u00e9es\u201d lors de la rencontre entre les deux hommes qui a eu lieu le 21\u00a0novembre dans le Bureau ovale \u201cont \u00e9t\u00e9 d\u00e9\u00e7us\u201d. Trump et Mamdani se sont en fait plut\u00f4t bien entendus. \u201cIls se sont m\u00eame merveilleusement bien entendus, d\u2019une mani\u00e8re aussi d\u00e9concertante qu\u2019\u00e9trange\u201d, estime le quotidien britannique.<\/p>\n<p>Ce qui devait \u00eatre \u201cun affrontement s\u2019est au contraire d\u00e9roul\u00e9 dans la bonne humeur, avec des sourires\u201d, <a class=\"ithalc\" data-ithal=\"lien_externe\" data-ithalc=\"[nav_article]\" target=\"_blank\" href=\"https:\/\/www.nytimes.com\/2025\/11\/23\/style\/mamdani-trump-reactions-fuentes-bannon.html\" rel=\"noopener\">abonde <strong>The<\/strong> <strong>New York Times<\/strong><\/a><strong>.<\/strong> De quoi semer la zizanie \u00e0 droite.<\/p>\n<p>En l\u2019absence de confrontation id\u00e9ologique autour de laquelle se rallier, \u201cles influenceurs politiques et commentateurs du mouvement Maga ont eu du mal \u00e0 afficher une r\u00e9ponse unifi\u00e9e\u201d, note le journal. Leurs r\u00e9actions divergentes \u2013 qu\u2019elles soient issues de fid\u00e8les de longue date de Trump ou d\u2019agitateurs de l\u2019aile \u201cAmerica first\u201d \u2013 sont venues souligner \u201cles divisions et les luttes intestines qui agitent la droite am\u00e9ricaine\u201d, estime le quotidien.<\/p>\n<p>               \u201cUn th\u00e9\u00e2tre politique\u201d       <\/p>\n<p>Nick Fuentes, le nationaliste blanc de 27\u00a0ans qui s\u2019est impos\u00e9 ces derniers mois comme le principal adversaire du mouvement Maga, semblait se r\u00e9jouir de la situation. Critique r\u00e9gulier de Trump et de ses acolytes au sein de l\u2019establishment r\u00e9publicain, Nick Fuentes en a profit\u00e9 pour qualifier l\u2019attitude hostile affich\u00e9e par les r\u00e9publicains envers Mamdani de \u201cth\u00e9\u00e2tre politique\u201d. Pour lui, cette rencontre \u00e0 la Maison-Blanche n\u2019a fait que souligner \u201cl\u2019hypocrisie politique des dirigeants du mouvement Maga \u00e0 Washington\u201d. Et de d\u00e9noncer en direct dans son \u00e9mission America First\u00a0: \u201cIls ne croient pas un mot de ce qu\u2019ils racontent.\u201d<\/p>\n<p>Une autre critique est venue de l\u2019une des plus fid\u00e8les supportrices de Trump, la militante d\u2019extr\u00eame droite Laura Loomer. Sur la plateforme X, celle-ci a \u00e9crit qu\u2019il \u00e9tait \u201cfou\u00a0de voir un communiste djihadiste se tenir dans le Bureau ovale\u201d, en r\u00e9f\u00e9rence \u00e0 Zohran Mamdani. Elle a toutefois rapidement pr\u00e9cis\u00e9 dans un autre message qu\u2019elle ne \u201ccondamnait\u201d pas le pr\u00e9sident.<\/p>\n<p>Quant \u00e0 Steve Bannon, strat\u00e8ge en chef de Trump au cours de son premier mandat et qui reste un confident du pr\u00e9sident, il a \u00e9t\u00e9 l\u2019une des rares personnalit\u00e9s \u00e0 tenter d\u2019offrir un r\u00e9cit diff\u00e9rent de la rencontre. Dans son podcast War Room, il a \u00e9mis l\u2019hypoth\u00e8se que l\u2019attitude amicale de Donald Trump envers le futur maire de la Grosse Pomme \u00e9tait en fait un pi\u00e8ge strat\u00e9gique, souligne le New York Times. \u201cIl va donner un coup de pouce \u00e0 Mamdani, dont les politiques vont ruiner la ville, a ainsi d\u00e9clar\u00e9 Bannon sur son podcast, puis Trump le laissera s\u2019effondrer parce que c\u2019est un djihadiste marxiste.\u201d<\/p>\n","protected":false},"excerpt":{"rendered":"\u201cLes arm\u00e9es de gauche, tout comme celles du mouvement Maga, \u00e9taient align\u00e9es, pr\u00eates \u00e0 voir leurs champions s\u2019affronter\u201d,&hellip;\n","protected":false},"author":2,"featured_media":555672,"comment_status":"","ping_status":"","sticky":false,"template":"","format":"standard","meta":{"footnotes":""},"categories":[1589],"tags":[11,3822,75,73,1866,415,12,316,770,1864,1865,1863,308,62862],"class_list":{"0":"post-555671","1":"post","2":"type-post","3":"status-publish","4":"format-standard","5":"has-post-thumbnail","7":"category-etats-unis","8":"tag-actualites","9":"tag-amu00e9riques","10":"tag-donald-trump","11":"tag-etats-unis","12":"tag-etats-unis-damerique","13":"tag-new-york","14":"tag-news","15":"tag-politique","16":"tag-u00e9tats-unis","17":"tag-united-states","18":"tag-united-states-of-america","19":"tag-us","20":"tag-usa","21":"tag-zohran-mamdani"},"share_on_mastodon":{"url":"https:\/\/pubeurope.com\/@fr\/115605462222263622","error":""},"_links":{"self":[{"href":"https:\/\/www.europesays.com\/fr\/wp-json\/wp\/v2\/posts\/555671","targetHints":{"allow":["GET"]}}],"collection":[{"href":"https:\/\/www.europesays.com\/fr\/wp-json\/wp\/v2\/posts"}],"about":[{"href":"https:\/\/www.europesays.com\/fr\/wp-json\/wp\/v2\/types\/post"}],"author":[{"embeddable":true,"href":"https:\/\/www.europesays.com\/fr\/wp-json\/wp\/v2\/users\/2"}],"replies":[{"embeddable":true,"href":"https:\/\/www.europesays.com\/fr\/wp-json\/wp\/v2\/comments?post=555671"}],"version-history":[{"count":0,"href":"https:\/\/www.europesays.com\/fr\/wp-json\/wp\/v2\/posts\/555671\/revisions"}],"wp:featuredmedia":[{"embeddable":true,"href":"https:\/\/www.europesays.com\/fr\/wp-json\/wp\/v2\/media\/555672"}],"wp:attachment":[{"href":"https:\/\/www.europesays.com\/fr\/wp-json\/wp\/v2\/media?parent=555671"}],"wp:term":[{"taxonomy":"category","embeddable":true,"href":"https:\/\/www.europesays.com\/fr\/wp-json\/wp\/v2\/categories?post=555671"},{"taxonomy":"post_tag","embeddable":true,"href":"https:\/\/www.europesays.com\/fr\/wp-json\/wp\/v2\/tags?post=555671"}],"curies":[{"name":"wp","href":"https:\/\/api.w.org\/{rel}","templated":true}]}}