{"id":555675,"date":"2025-11-24T15:49:15","date_gmt":"2025-11-24T15:49:15","guid":{"rendered":"https:\/\/www.europesays.com\/fr\/555675\/"},"modified":"2025-11-24T15:49:15","modified_gmt":"2025-11-24T15:49:15","slug":"enquete-ouverte-sur-un-ancien-gardien-de-camp-nazi-centenaire","status":"publish","type":"post","link":"https:\/\/www.europesays.com\/fr\/555675\/","title":{"rendered":"enqu\u00eate ouverte sur un ancien gardien de camp nazi centenaire"},"content":{"rendered":"<p>La justice allemande enqu\u00eate sur un ancien gardien d\u2019un camp de prisonniers nazi, aujourd\u2019hui centenaire, soup\u00e7onn\u00e9 d\u2019\u00eatre impliqu\u00e9 dans des ex\u00e9cutions \u00e0 la fin de la Seconde Guerre mondiale. Le parquet de Dortmund soup\u00e7onne cet homme d\u2019avoir pris part \u00e0 \u00ab\u00a0des actes de mise \u00e0 mort\u00a0\u00bb en tant que gardien au Stalag\u00a0VI A \u00e0 Hemer, dans l\u2019ouest du pays, a indiqu\u00e9 \u00e0 l\u2019AFP le procureur g\u00e9n\u00e9ral Andreas Brendel, confirmant une information du journal Bild.<\/p>\n<p>Les crimes auraient \u00e9t\u00e9 commis \u00ab\u00a0au minimum\u00a0\u00bb entre le 6\u00a0d\u00e9cembre 1943 et le 22\u00a0septembre 1944, a aussi confirm\u00e9 le parquet, qui ne souhaite pas fournir d\u2019autres informations. L\u2019enqu\u00eate est toujours en cours. Des milliers de prisonniers de guerre, en majorit\u00e9 sovi\u00e9tiques, sont morts dans des conditions inhumaines dans ce camp. Au moins 100\u00a0000\u00a0personnes y ont \u00e9t\u00e9 d\u00e9tenues.<\/p>\n<p>Un camp de d\u00e9tention aux conditions inhumaines<\/p>\n<p>Plusieurs proc\u00e8s d\u2019anciens gardiens, cadres et employ\u00e9s de camps nazis ont eu lieu ces derni\u00e8res ann\u00e9es en Allemagne, depuis la condamnation en 2011 de l\u2019ancien garde du camp d\u2019extermination de Sobibor, John Demjanjuk, qui avait fait jurisprudence. Compte tenu du grand \u00e2ge des accus\u00e9s, les proc\u00e8s n\u2019ont parfois pas pu se tenir ou les condamn\u00e9s sont d\u00e9c\u00e9d\u00e9s avant d\u2019\u00eatre emprisonn\u00e9s, comme John Demjanjuk.<\/p>\n<p>Josef Sch\u00fctz, un autre ancien gardien de camp de concentration condamn\u00e9 en juin 2022 \u00e0 cinq ans de prison, est d\u00e9c\u00e9d\u00e9 moins d\u2019un an plus tard \u00e0 l\u2019\u00e2ge de 102\u00a0ans. Irmgard Furchner, une ex-secr\u00e9taire du camp de Stutthof, dans l\u2019actuelle Pologne, qui avait \u00e9cop\u00e9 de deux ans de prison avec sursis, est morte \u00e0 99\u00a0ans, avait annonc\u00e9 la justice d\u00e9but avril.<\/p>\n","protected":false},"excerpt":{"rendered":"La justice allemande enqu\u00eate sur un ancien gardien d\u2019un camp de prisonniers nazi, aujourd\u2019hui centenaire, soup\u00e7onn\u00e9 d\u2019\u00eatre impliqu\u00e9&hellip;\n","protected":false},"author":2,"featured_media":555676,"comment_status":"","ping_status":"","sticky":false,"template":"","format":"standard","meta":{"footnotes":""},"categories":[1587],"tags":[11,672,1804,1805,1803,1777,674,1801,12,1802],"class_list":{"0":"post-555675","1":"post","2":"type-post","3":"status-publish","4":"format-standard","5":"has-post-thumbnail","7":"category-allemagne","8":"tag-actualites","9":"tag-allemagne","10":"tag-bundesrepublik-deutschland","11":"tag-de","12":"tag-deutschland","13":"tag-eu","14":"tag-europe","15":"tag-germany","16":"tag-news","17":"tag-republique-federale-dallemagne"},"share_on_mastodon":{"url":"https:\/\/pubeurope.com\/@fr\/115605468981702912","error":""},"_links":{"self":[{"href":"https:\/\/www.europesays.com\/fr\/wp-json\/wp\/v2\/posts\/555675","targetHints":{"allow":["GET"]}}],"collection":[{"href":"https:\/\/www.europesays.com\/fr\/wp-json\/wp\/v2\/posts"}],"about":[{"href":"https:\/\/www.europesays.com\/fr\/wp-json\/wp\/v2\/types\/post"}],"author":[{"embeddable":true,"href":"https:\/\/www.europesays.com\/fr\/wp-json\/wp\/v2\/users\/2"}],"replies":[{"embeddable":true,"href":"https:\/\/www.europesays.com\/fr\/wp-json\/wp\/v2\/comments?post=555675"}],"version-history":[{"count":0,"href":"https:\/\/www.europesays.com\/fr\/wp-json\/wp\/v2\/posts\/555675\/revisions"}],"wp:featuredmedia":[{"embeddable":true,"href":"https:\/\/www.europesays.com\/fr\/wp-json\/wp\/v2\/media\/555676"}],"wp:attachment":[{"href":"https:\/\/www.europesays.com\/fr\/wp-json\/wp\/v2\/media?parent=555675"}],"wp:term":[{"taxonomy":"category","embeddable":true,"href":"https:\/\/www.europesays.com\/fr\/wp-json\/wp\/v2\/categories?post=555675"},{"taxonomy":"post_tag","embeddable":true,"href":"https:\/\/www.europesays.com\/fr\/wp-json\/wp\/v2\/tags?post=555675"}],"curies":[{"name":"wp","href":"https:\/\/api.w.org\/{rel}","templated":true}]}}